{"id":998,"date":"2018-09-05T07:29:18","date_gmt":"2018-09-05T07:29:18","guid":{"rendered":"http:\/\/asociatia-macedonenilor.ro\/?p=998"},"modified":"2019-11-29T10:03:23","modified_gmt":"2019-11-29T10:03:23","slug":"998","status":"publish","type":"post","link":"https:\/\/asociatia-macedonenilor.ro\/index.php\/2018\/09\/05\/998\/","title":{"rendered":"\u00cent\u00e2lnire de lucru la Prim\u0103ria Ohrid"},"content":{"rendered":"<div id=\"js_63h\" class=\"_5pbx userContent _3576\" data-ft=\"{&quot;tn&quot;:&quot;K&quot;}\">\n<p>Delega\u021bia Asocia\u021biei Macedonenilor din Rom\u00e2nia&nbsp; a avut o \u00eent\u00e2lnire de lucru cu domnul Jovan Stojanoski, primarul ora\u0219ului Ohrid.<\/p>\n<p>\u00cen cadrul \u00eent\u00e2lnirii s-a discutat despre dezvoltarea unor proiecte de colaborare cultural\u0103, menite s\u0103 contribuie la \u00eent\u0103rirea rela\u021biilor bilaterale.<\/p>\n<p><img loading=\"lazy\" decoding=\"async\" class=\"wp-image-1005 aligncenter\" src=\"https:\/\/asociatia-macedonenilor.ro\/wp-content\/uploads\/2018\/09\/p.jpg\" alt=\"\" width=\"348\" height=\"196\" srcset=\"https:\/\/asociatia-macedonenilor.ro\/wp-content\/uploads\/2018\/09\/p.jpg 960w, https:\/\/asociatia-macedonenilor.ro\/wp-content\/uploads\/2018\/09\/p-300x169.jpg 300w, https:\/\/asociatia-macedonenilor.ro\/wp-content\/uploads\/2018\/09\/p-768x432.jpg 768w\" sizes=\"(max-width: 348px) 100vw, 348px\" \/><\/p>\n<\/div>\n<div class=\"_3x-2\" data-ft=\"{&quot;tn&quot;:&quot;H&quot;}\">\n<div data-ft=\"{&quot;tn&quot;:&quot;H&quot;}\">\n<div class=\"mtm\">\n<div class=\"_2a2q _65sr\"><img loading=\"lazy\" decoding=\"async\" class=\"wp-image-1000 alignleft\" src=\"https:\/\/asociatia-macedonenilor.ro\/wp-content\/uploads\/2019\/03\/40510740_1794181667361107_4422348234928685056_n.jpg\" alt=\"\" width=\"343\" height=\"193\" srcset=\"https:\/\/asociatia-macedonenilor.ro\/wp-content\/uploads\/2019\/03\/40510740_1794181667361107_4422348234928685056_n.jpg 960w, https:\/\/asociatia-macedonenilor.ro\/wp-content\/uploads\/2019\/03\/40510740_1794181667361107_4422348234928685056_n-300x169.jpg 300w, https:\/\/asociatia-macedonenilor.ro\/wp-content\/uploads\/2019\/03\/40510740_1794181667361107_4422348234928685056_n-768x432.jpg 768w\" sizes=\"(max-width: 343px) 100vw, 343px\" \/> <img loading=\"lazy\" decoding=\"async\" class=\"wp-image-1001 alignright\" src=\"https:\/\/asociatia-macedonenilor.ro\/wp-content\/uploads\/2019\/03\/40580911_1794181680694439_4590810866756091904_n.jpg\" alt=\"\" width=\"345\" height=\"194\" srcset=\"https:\/\/asociatia-macedonenilor.ro\/wp-content\/uploads\/2019\/03\/40580911_1794181680694439_4590810866756091904_n.jpg 960w, https:\/\/asociatia-macedonenilor.ro\/wp-content\/uploads\/2019\/03\/40580911_1794181680694439_4590810866756091904_n-300x169.jpg 300w, https:\/\/asociatia-macedonenilor.ro\/wp-content\/uploads\/2019\/03\/40580911_1794181680694439_4590810866756091904_n-768x432.jpg 768w\" sizes=\"(max-width: 345px) 100vw, 345px\" \/><\/div>\n<\/div>\n<\/div>\n<\/div>\n","protected":false},"excerpt":{"rendered":"<p>Delega\u021bia Asocia\u021biei Macedonenilor din Rom\u00e2nia&nbsp; a avut o \u00eent\u00e2lnire de lucru cu domnul Jovan Stojanoski, primarul ora\u0219ului Ohrid. \u00cen cadrul \u00eent\u00e2lnirii s-a discutat despre dezvoltarea unor proiecte de colaborare cultural\u0103, menite s\u0103 contribuie la \u00eent\u0103rirea rela\u021biilor bilaterale.<\/p>\n","protected":false},"author":1,"featured_media":999,"comment_status":"open","ping_status":"open","sticky":false,"template":"","format":"standard","meta":{"_et_pb_use_builder":"","_et_pb_old_content":"","_et_gb_content_width":"","footnotes":""},"categories":[1],"tags":[],"class_list":["post-998","post","type-post","status-publish","format-standard","has-post-thumbnail","hentry","category-activitati"],"_links":{"self":[{"href":"https:\/\/asociatia-macedonenilor.ro\/index.php\/wp-json\/wp\/v2\/posts\/998","targetHints":{"allow":["GET"]}}],"collection":[{"href":"https:\/\/asociatia-macedonenilor.ro\/index.php\/wp-json\/wp\/v2\/posts"}],"about":[{"href":"https:\/\/asociatia-macedonenilor.ro\/index.php\/wp-json\/wp\/v2\/types\/post"}],"author":[{"embeddable":true,"href":"https:\/\/asociatia-macedonenilor.ro\/index.php\/wp-json\/wp\/v2\/users\/1"}],"replies":[{"embeddable":true,"href":"https:\/\/asociatia-macedonenilor.ro\/index.php\/wp-json\/wp\/v2\/comments?post=998"}],"version-history":[{"count":4,"href":"https:\/\/asociatia-macedonenilor.ro\/index.php\/wp-json\/wp\/v2\/posts\/998\/revisions"}],"predecessor-version":[{"id":1742,"href":"https:\/\/asociatia-macedonenilor.ro\/index.php\/wp-json\/wp\/v2\/posts\/998\/revisions\/1742"}],"wp:featuredmedia":[{"embeddable":true,"href":"https:\/\/asociatia-macedonenilor.ro\/index.php\/wp-json\/wp\/v2\/media\/999"}],"wp:attachment":[{"href":"https:\/\/asociatia-macedonenilor.ro\/index.php\/wp-json\/wp\/v2\/media?parent=998"}],"wp:term":[{"taxonomy":"category","embeddable":true,"href":"https:\/\/asociatia-macedonenilor.ro\/index.php\/wp-json\/wp\/v2\/categories?post=998"},{"taxonomy":"post_tag","embeddable":true,"href":"https:\/\/asociatia-macedonenilor.ro\/index.php\/wp-json\/wp\/v2\/tags?post=998"}],"curies":[{"name":"wp","href":"https:\/\/api.w.org\/{rel}","templated":true}]}}