{"id":932,"date":"2018-07-29T23:39:19","date_gmt":"2018-07-29T23:39:19","guid":{"rendered":"http:\/\/asociatia-macedonenilor.ro\/?p=932"},"modified":"2019-11-29T10:05:17","modified_gmt":"2019-11-29T10:05:17","slug":"botez-in-familie-de-macedoneni","status":"publish","type":"post","link":"https:\/\/asociatia-macedonenilor.ro\/index.php\/2018\/07\/29\/botez-in-familie-de-macedoneni\/","title":{"rendered":"Botez \u00een familie de macedoneni!"},"content":{"rendered":"<p>\u00cen comunitatea macedonean\u0103 din Bucure\u0219ti a fost bucurie mare!<\/p>\n<p>Micu\u021ba Iris Nicole a fost cre\u0219tinat\u0103 dup\u0103 tradi\u021bie, moment de reunire pentru macedoneni!<\/p>\n<p>La mul\u021bi ani, Iris Nicole!<\/p>\n<p>S\u0103 ai noroc \u0219i s\u0103 fii fericit\u0103!<\/p>\n<p><img loading=\"lazy\" decoding=\"async\" class=\"wp-image-934 aligncenter\" src=\"https:\/\/asociatia-macedonenilor.ro\/wp-content\/uploads\/2018\/07\/37898332_2354554591236526_7243942547817496576_n.jpg\" alt=\"\" width=\"288\" height=\"216\" srcset=\"https:\/\/asociatia-macedonenilor.ro\/wp-content\/uploads\/2018\/07\/37898332_2354554591236526_7243942547817496576_n.jpg 960w, https:\/\/asociatia-macedonenilor.ro\/wp-content\/uploads\/2018\/07\/37898332_2354554591236526_7243942547817496576_n-300x225.jpg 300w, https:\/\/asociatia-macedonenilor.ro\/wp-content\/uploads\/2018\/07\/37898332_2354554591236526_7243942547817496576_n-768x576.jpg 768w, https:\/\/asociatia-macedonenilor.ro\/wp-content\/uploads\/2018\/07\/37898332_2354554591236526_7243942547817496576_n-510x382.jpg 510w\" sizes=\"(max-width: 288px) 100vw, 288px\" \/> <img loading=\"lazy\" decoding=\"async\" class=\"wp-image-935 alignright\" src=\"https:\/\/asociatia-macedonenilor.ro\/wp-content\/uploads\/2018\/07\/37934686_2354554687903183_4773370113824915456_n.jpg\" alt=\"\" width=\"294\" height=\"220\" srcset=\"https:\/\/asociatia-macedonenilor.ro\/wp-content\/uploads\/2018\/07\/37934686_2354554687903183_4773370113824915456_n.jpg 960w, https:\/\/asociatia-macedonenilor.ro\/wp-content\/uploads\/2018\/07\/37934686_2354554687903183_4773370113824915456_n-300x225.jpg 300w, https:\/\/asociatia-macedonenilor.ro\/wp-content\/uploads\/2018\/07\/37934686_2354554687903183_4773370113824915456_n-768x576.jpg 768w, https:\/\/asociatia-macedonenilor.ro\/wp-content\/uploads\/2018\/07\/37934686_2354554687903183_4773370113824915456_n-510x382.jpg 510w\" sizes=\"(max-width: 294px) 100vw, 294px\" \/> <img loading=\"lazy\" decoding=\"async\" class=\"wp-image-936 alignleft\" src=\"https:\/\/asociatia-macedonenilor.ro\/wp-content\/uploads\/2018\/07\/37960079_2354554821236503_6779672800916406272_n.jpg\" alt=\"\" width=\"296\" height=\"222\" srcset=\"https:\/\/asociatia-macedonenilor.ro\/wp-content\/uploads\/2018\/07\/37960079_2354554821236503_6779672800916406272_n.jpg 960w, https:\/\/asociatia-macedonenilor.ro\/wp-content\/uploads\/2018\/07\/37960079_2354554821236503_6779672800916406272_n-300x225.jpg 300w, https:\/\/asociatia-macedonenilor.ro\/wp-content\/uploads\/2018\/07\/37960079_2354554821236503_6779672800916406272_n-768x576.jpg 768w, https:\/\/asociatia-macedonenilor.ro\/wp-content\/uploads\/2018\/07\/37960079_2354554821236503_6779672800916406272_n-510x382.jpg 510w\" sizes=\"(max-width: 296px) 100vw, 296px\" \/> <img loading=\"lazy\" decoding=\"async\" class=\"wp-image-937 alignnone\" src=\"https:\/\/asociatia-macedonenilor.ro\/wp-content\/uploads\/2018\/07\/37974684_2354555077903144_1477332784044310528_n.jpg\" alt=\"\" width=\"320\" height=\"240\" srcset=\"https:\/\/asociatia-macedonenilor.ro\/wp-content\/uploads\/2018\/07\/37974684_2354555077903144_1477332784044310528_n.jpg 960w, https:\/\/asociatia-macedonenilor.ro\/wp-content\/uploads\/2018\/07\/37974684_2354555077903144_1477332784044310528_n-300x225.jpg 300w, https:\/\/asociatia-macedonenilor.ro\/wp-content\/uploads\/2018\/07\/37974684_2354555077903144_1477332784044310528_n-768x576.jpg 768w, https:\/\/asociatia-macedonenilor.ro\/wp-content\/uploads\/2018\/07\/37974684_2354555077903144_1477332784044310528_n-510x382.jpg 510w\" sizes=\"(max-width: 320px) 100vw, 320px\" \/> <img loading=\"lazy\" decoding=\"async\" class=\"wp-image-938 aligncenter\" src=\"https:\/\/asociatia-macedonenilor.ro\/wp-content\/uploads\/2018\/07\/37976090_2354554444569874_2852063592570683392_n.jpg\" alt=\"\" width=\"313\" height=\"235\" srcset=\"https:\/\/asociatia-macedonenilor.ro\/wp-content\/uploads\/2018\/07\/37976090_2354554444569874_2852063592570683392_n.jpg 960w, https:\/\/asociatia-macedonenilor.ro\/wp-content\/uploads\/2018\/07\/37976090_2354554444569874_2852063592570683392_n-300x225.jpg 300w, https:\/\/asociatia-macedonenilor.ro\/wp-content\/uploads\/2018\/07\/37976090_2354554444569874_2852063592570683392_n-768x576.jpg 768w, https:\/\/asociatia-macedonenilor.ro\/wp-content\/uploads\/2018\/07\/37976090_2354554444569874_2852063592570683392_n-510x382.jpg 510w\" sizes=\"(max-width: 313px) 100vw, 313px\" \/> <img loading=\"lazy\" decoding=\"async\" class=\"wp-image-939 alignright\" src=\"https:\/\/asociatia-macedonenilor.ro\/wp-content\/uploads\/2018\/07\/37998804_2354555181236467_4158184334357954560_n.jpg\" alt=\"\" width=\"310\" height=\"232\" srcset=\"https:\/\/asociatia-macedonenilor.ro\/wp-content\/uploads\/2018\/07\/37998804_2354555181236467_4158184334357954560_n.jpg 960w, https:\/\/asociatia-macedonenilor.ro\/wp-content\/uploads\/2018\/07\/37998804_2354555181236467_4158184334357954560_n-300x225.jpg 300w, https:\/\/asociatia-macedonenilor.ro\/wp-content\/uploads\/2018\/07\/37998804_2354555181236467_4158184334357954560_n-768x576.jpg 768w, https:\/\/asociatia-macedonenilor.ro\/wp-content\/uploads\/2018\/07\/37998804_2354555181236467_4158184334357954560_n-510x382.jpg 510w\" sizes=\"(max-width: 310px) 100vw, 310px\" \/><\/p>\n<p>&nbsp;<\/p>\n<p>&nbsp;<\/p>\n<p>&nbsp;<\/p>\n<p>&nbsp;<\/p>\n<p>&nbsp;<\/p>\n<p>&nbsp;<\/p>\n<p>&nbsp;<\/p>\n<p>&nbsp;<\/p>\n<p>&nbsp;<\/p>\n<p>&nbsp;<\/p>\n<p>&nbsp;<\/p>\n<p>&nbsp;<\/p>\n<p>&nbsp;<\/p>\n<p>&nbsp;<\/p>\n<p>&nbsp;<\/p>\n<p>&nbsp;<\/p>\n","protected":false},"excerpt":{"rendered":"<p>\u00cen comunitatea macedonean\u0103 din Bucure\u0219ti a fost bucurie mare! Micu\u021ba Iris Nicole a fost cre\u0219tinat\u0103 dup\u0103 tradi\u021bie, moment de reunire pentru macedoneni! La mul\u021bi ani, Iris Nicole! S\u0103 ai noroc \u0219i s\u0103 fii fericit\u0103! &nbsp; &nbsp; &nbsp; &nbsp; &nbsp; &nbsp; &nbsp; &nbsp; &nbsp; &nbsp; &nbsp; &nbsp; &nbsp; &nbsp; &nbsp; &nbsp;<\/p>\n","protected":false},"author":1,"featured_media":941,"comment_status":"open","ping_status":"open","sticky":false,"template":"","format":"standard","meta":{"_et_pb_use_builder":"","_et_pb_old_content":"","_et_gb_content_width":"","footnotes":""},"categories":[1],"tags":[],"class_list":["post-932","post","type-post","status-publish","format-standard","has-post-thumbnail","hentry","category-activitati"],"_links":{"self":[{"href":"https:\/\/asociatia-macedonenilor.ro\/index.php\/wp-json\/wp\/v2\/posts\/932","targetHints":{"allow":["GET"]}}],"collection":[{"href":"https:\/\/asociatia-macedonenilor.ro\/index.php\/wp-json\/wp\/v2\/posts"}],"about":[{"href":"https:\/\/asociatia-macedonenilor.ro\/index.php\/wp-json\/wp\/v2\/types\/post"}],"author":[{"embeddable":true,"href":"https:\/\/asociatia-macedonenilor.ro\/index.php\/wp-json\/wp\/v2\/users\/1"}],"replies":[{"embeddable":true,"href":"https:\/\/asociatia-macedonenilor.ro\/index.php\/wp-json\/wp\/v2\/comments?post=932"}],"version-history":[{"count":5,"href":"https:\/\/asociatia-macedonenilor.ro\/index.php\/wp-json\/wp\/v2\/posts\/932\/revisions"}],"predecessor-version":[{"id":1748,"href":"https:\/\/asociatia-macedonenilor.ro\/index.php\/wp-json\/wp\/v2\/posts\/932\/revisions\/1748"}],"wp:featuredmedia":[{"embeddable":true,"href":"https:\/\/asociatia-macedonenilor.ro\/index.php\/wp-json\/wp\/v2\/media\/941"}],"wp:attachment":[{"href":"https:\/\/asociatia-macedonenilor.ro\/index.php\/wp-json\/wp\/v2\/media?parent=932"}],"wp:term":[{"taxonomy":"category","embeddable":true,"href":"https:\/\/asociatia-macedonenilor.ro\/index.php\/wp-json\/wp\/v2\/categories?post=932"},{"taxonomy":"post_tag","embeddable":true,"href":"https:\/\/asociatia-macedonenilor.ro\/index.php\/wp-json\/wp\/v2\/tags?post=932"}],"curies":[{"name":"wp","href":"https:\/\/api.w.org\/{rel}","templated":true}]}}