{"id":90,"date":"2018-07-14T23:32:35","date_gmt":"2018-07-14T23:32:35","guid":{"rendered":"http:\/\/asociatia-macedonenilor.ro\/?p=90"},"modified":"2019-01-09T10:27:52","modified_gmt":"2019-01-09T10:27:52","slug":"aeromania-2018","status":"publish","type":"post","link":"https:\/\/asociatia-macedonenilor.ro\/index.php\/2018\/07\/14\/aeromania-2018\/","title":{"rendered":"AEROMANIA 2018"},"content":{"rendered":"<p>Delegatia AMR a fost prezent\u0103 la show-ul aerian de la aerodromul Tuzla &#8211; AEROMANIA 2018 &#8211; al\u0103turi de pilo\u021bii militari \u0219i civili. IAK-\u0103rii acroba\u021bi, afla\u021bi la man\u0219a avioanelor, s-au \u00eentrecut \u00een m\u0103iestria pilotajului!<\/p>\n<p>R\u0103spunz\u00e2nd invita\u021biei organizatorilor, AMR a participat cu un stand propriu de prezentare, spre \u00eenc\u00e2ntarea participan\u021bilor, care au avut ocazia s\u0103 cunoasc\u0103 cultura tradii\u021bional\u0103 \u0219i arta gastronomic\u0103 macedonean\u0103!<\/p>\n","protected":false},"excerpt":{"rendered":"<p>Delegatia AMR a fost prezent\u0103 la show-ul aerian de la aerodromul Tuzla &#8211; AEROMANIA 2018 &#8211; al\u0103turi de pilo\u021bii militari \u0219i civili. IAK-\u0103rii acroba\u021bi, afla\u021bi la man\u0219a avioanelor, s-au \u00eentrecut \u00een m\u0103iestria pilotajului! R\u0103spunz\u00e2nd invita\u021biei organizatorilor, AMR a participat cu un stand propriu de prezentare, spre \u00eenc\u00e2ntarea participan\u021bilor, care au avut ocazia s\u0103 cunoasc\u0103 cultura [&hellip;]<\/p>\n","protected":false},"author":1,"featured_media":92,"comment_status":"open","ping_status":"open","sticky":false,"template":"","format":"standard","meta":{"_et_pb_use_builder":"","_et_pb_old_content":"","_et_gb_content_width":"","footnotes":""},"categories":[1],"tags":[3],"class_list":["post-90","post","type-post","status-publish","format-standard","has-post-thumbnail","hentry","category-activitati","tag-aeromania"],"_links":{"self":[{"href":"https:\/\/asociatia-macedonenilor.ro\/index.php\/wp-json\/wp\/v2\/posts\/90","targetHints":{"allow":["GET"]}}],"collection":[{"href":"https:\/\/asociatia-macedonenilor.ro\/index.php\/wp-json\/wp\/v2\/posts"}],"about":[{"href":"https:\/\/asociatia-macedonenilor.ro\/index.php\/wp-json\/wp\/v2\/types\/post"}],"author":[{"embeddable":true,"href":"https:\/\/asociatia-macedonenilor.ro\/index.php\/wp-json\/wp\/v2\/users\/1"}],"replies":[{"embeddable":true,"href":"https:\/\/asociatia-macedonenilor.ro\/index.php\/wp-json\/wp\/v2\/comments?post=90"}],"version-history":[{"count":4,"href":"https:\/\/asociatia-macedonenilor.ro\/index.php\/wp-json\/wp\/v2\/posts\/90\/revisions"}],"predecessor-version":[{"id":642,"href":"https:\/\/asociatia-macedonenilor.ro\/index.php\/wp-json\/wp\/v2\/posts\/90\/revisions\/642"}],"wp:featuredmedia":[{"embeddable":true,"href":"https:\/\/asociatia-macedonenilor.ro\/index.php\/wp-json\/wp\/v2\/media\/92"}],"wp:attachment":[{"href":"https:\/\/asociatia-macedonenilor.ro\/index.php\/wp-json\/wp\/v2\/media?parent=90"}],"wp:term":[{"taxonomy":"category","embeddable":true,"href":"https:\/\/asociatia-macedonenilor.ro\/index.php\/wp-json\/wp\/v2\/categories?post=90"},{"taxonomy":"post_tag","embeddable":true,"href":"https:\/\/asociatia-macedonenilor.ro\/index.php\/wp-json\/wp\/v2\/tags?post=90"}],"curies":[{"name":"wp","href":"https:\/\/api.w.org\/{rel}","templated":true}]}}