{"id":887,"date":"2018-06-09T18:43:40","date_gmt":"2018-06-09T18:43:40","guid":{"rendered":"http:\/\/asociatia-macedonenilor.ro\/?p=887"},"modified":"2019-11-29T10:07:17","modified_gmt":"2019-11-29T10:07:17","slug":"ansamblul-sonte-la-spectacolul-eveniment-de-la-targoviste","status":"publish","type":"post","link":"https:\/\/asociatia-macedonenilor.ro\/index.php\/2018\/06\/09\/ansamblul-sonte-la-spectacolul-eveniment-de-la-targoviste\/","title":{"rendered":"Ansamblul SON\u021aE la spectacolul-eveniment &#8222;Suflet de Erou&#8221;"},"content":{"rendered":"<p>Ansamblul artistic SON\u021aE al Asocia\u021biei Macedonenilor din Rom\u00e2nia pe scen\u0103, la T\u00e2rgovi\u015fte, \u00een cadrul spectacolului eveniment &#8222;Suflet de Erou&#8221;, organizat de c\u0103tre Asocia\u0163ia Militarilor Veterani \u015fi Veteranilor cu Dizabilit\u0103\u0163i Sf. Mare Mucenic Dimitrie \u2013 Izvor\u00e2torul de Mir.<br \/>\nNoi, to\u021bi, suntem Rom\u00e2nia!<\/p>\n<p><img loading=\"lazy\" decoding=\"async\" class=\"alignnone wp-image-889\" src=\"https:\/\/asociatia-macedonenilor.ro\/wp-content\/uploads\/2019\/03\/35051494_1663892150390060_5078910878921785344_n.jpg\" alt=\"\" width=\"260\" height=\"195\" srcset=\"https:\/\/asociatia-macedonenilor.ro\/wp-content\/uploads\/2019\/03\/35051494_1663892150390060_5078910878921785344_n.jpg 960w, https:\/\/asociatia-macedonenilor.ro\/wp-content\/uploads\/2019\/03\/35051494_1663892150390060_5078910878921785344_n-300x225.jpg 300w, https:\/\/asociatia-macedonenilor.ro\/wp-content\/uploads\/2019\/03\/35051494_1663892150390060_5078910878921785344_n-768x576.jpg 768w, https:\/\/asociatia-macedonenilor.ro\/wp-content\/uploads\/2019\/03\/35051494_1663892150390060_5078910878921785344_n-510x382.jpg 510w\" sizes=\"(max-width: 260px) 100vw, 260px\" \/> <img loading=\"lazy\" decoding=\"async\" class=\"wp-image-890 alignright\" src=\"https:\/\/asociatia-macedonenilor.ro\/wp-content\/uploads\/2019\/03\/35067513_1663892140390061_9092720544754696192_n.jpg\" alt=\"\" width=\"271\" height=\"203\" srcset=\"https:\/\/asociatia-macedonenilor.ro\/wp-content\/uploads\/2019\/03\/35067513_1663892140390061_9092720544754696192_n.jpg 960w, https:\/\/asociatia-macedonenilor.ro\/wp-content\/uploads\/2019\/03\/35067513_1663892140390061_9092720544754696192_n-300x225.jpg 300w, https:\/\/asociatia-macedonenilor.ro\/wp-content\/uploads\/2019\/03\/35067513_1663892140390061_9092720544754696192_n-768x576.jpg 768w, https:\/\/asociatia-macedonenilor.ro\/wp-content\/uploads\/2019\/03\/35067513_1663892140390061_9092720544754696192_n-510x382.jpg 510w\" sizes=\"(max-width: 271px) 100vw, 271px\" \/> <img loading=\"lazy\" decoding=\"async\" class=\"wp-image-891 alignright\" src=\"https:\/\/asociatia-macedonenilor.ro\/wp-content\/uploads\/2019\/03\/35081585_1663892243723384_32195139275325440_n.jpg\" alt=\"\" width=\"324\" height=\"243\" srcset=\"https:\/\/asociatia-macedonenilor.ro\/wp-content\/uploads\/2019\/03\/35081585_1663892243723384_32195139275325440_n.jpg 960w, https:\/\/asociatia-macedonenilor.ro\/wp-content\/uploads\/2019\/03\/35081585_1663892243723384_32195139275325440_n-300x225.jpg 300w, https:\/\/asociatia-macedonenilor.ro\/wp-content\/uploads\/2019\/03\/35081585_1663892243723384_32195139275325440_n-768x576.jpg 768w, https:\/\/asociatia-macedonenilor.ro\/wp-content\/uploads\/2019\/03\/35081585_1663892243723384_32195139275325440_n-510x382.jpg 510w\" sizes=\"(max-width: 324px) 100vw, 324px\" \/><\/p>\n","protected":false},"excerpt":{"rendered":"<p>Ansamblul artistic SON\u021aE al Asocia\u021biei Macedonenilor din Rom\u00e2nia pe scen\u0103, la T\u00e2rgovi\u015fte, \u00een cadrul spectacolului eveniment &#8222;Suflet de Erou&#8221;, organizat de c\u0103tre Asocia\u0163ia Militarilor Veterani \u015fi Veteranilor cu Dizabilit\u0103\u0163i Sf. Mare Mucenic Dimitrie \u2013 Izvor\u00e2torul de Mir. Noi, to\u021bi, suntem Rom\u00e2nia!<\/p>\n","protected":false},"author":1,"featured_media":888,"comment_status":"open","ping_status":"open","sticky":false,"template":"","format":"standard","meta":{"_et_pb_use_builder":"","_et_pb_old_content":"","_et_gb_content_width":"","footnotes":""},"categories":[1],"tags":[],"class_list":["post-887","post","type-post","status-publish","format-standard","has-post-thumbnail","hentry","category-activitati"],"_links":{"self":[{"href":"https:\/\/asociatia-macedonenilor.ro\/index.php\/wp-json\/wp\/v2\/posts\/887","targetHints":{"allow":["GET"]}}],"collection":[{"href":"https:\/\/asociatia-macedonenilor.ro\/index.php\/wp-json\/wp\/v2\/posts"}],"about":[{"href":"https:\/\/asociatia-macedonenilor.ro\/index.php\/wp-json\/wp\/v2\/types\/post"}],"author":[{"embeddable":true,"href":"https:\/\/asociatia-macedonenilor.ro\/index.php\/wp-json\/wp\/v2\/users\/1"}],"replies":[{"embeddable":true,"href":"https:\/\/asociatia-macedonenilor.ro\/index.php\/wp-json\/wp\/v2\/comments?post=887"}],"version-history":[{"count":3,"href":"https:\/\/asociatia-macedonenilor.ro\/index.php\/wp-json\/wp\/v2\/posts\/887\/revisions"}],"predecessor-version":[{"id":1755,"href":"https:\/\/asociatia-macedonenilor.ro\/index.php\/wp-json\/wp\/v2\/posts\/887\/revisions\/1755"}],"wp:featuredmedia":[{"embeddable":true,"href":"https:\/\/asociatia-macedonenilor.ro\/index.php\/wp-json\/wp\/v2\/media\/888"}],"wp:attachment":[{"href":"https:\/\/asociatia-macedonenilor.ro\/index.php\/wp-json\/wp\/v2\/media?parent=887"}],"wp:term":[{"taxonomy":"category","embeddable":true,"href":"https:\/\/asociatia-macedonenilor.ro\/index.php\/wp-json\/wp\/v2\/categories?post=887"},{"taxonomy":"post_tag","embeddable":true,"href":"https:\/\/asociatia-macedonenilor.ro\/index.php\/wp-json\/wp\/v2\/tags?post=887"}],"curies":[{"name":"wp","href":"https:\/\/api.w.org\/{rel}","templated":true}]}}