{"id":863,"date":"2018-05-26T20:01:14","date_gmt":"2018-05-26T20:01:14","guid":{"rendered":"http:\/\/asociatia-macedonenilor.ro\/?p=863"},"modified":"2019-11-29T10:07:49","modified_gmt":"2019-11-29T10:07:49","slug":"vizita-la-muzeul-de-arta-craiova","status":"publish","type":"post","link":"https:\/\/asociatia-macedonenilor.ro\/index.php\/2018\/05\/26\/vizita-la-muzeul-de-arta-craiova\/","title":{"rendered":"VIZIT\u0102 LA MUZEUL DE ART\u0102 CRAIOVA"},"content":{"rendered":"<p>Ast\u0103zi, membrii Asocia\u021biei Macedonenilor din Romania, tr\u0103itori \u00een Craiova \u0219i B\u0103ile\u0219ti, au vizitat Palatul lui Jean Mihail, macedoneanul care \u0219i-a legat numele de Rom\u00e2nia \u0219i Craiova.<\/p>\n<p>&nbsp;<\/p>\n<p><img loading=\"lazy\" decoding=\"async\" class=\"wp-image-864 alignleft\" src=\"https:\/\/asociatia-macedonenilor.ro\/wp-content\/uploads\/2019\/03\/32944435_2216334821725171_4277210518218866688_n.jpg\" alt=\"\" width=\"266\" height=\"199\" srcset=\"https:\/\/asociatia-macedonenilor.ro\/wp-content\/uploads\/2019\/03\/32944435_2216334821725171_4277210518218866688_n.jpg 960w, https:\/\/asociatia-macedonenilor.ro\/wp-content\/uploads\/2019\/03\/32944435_2216334821725171_4277210518218866688_n-300x225.jpg 300w, https:\/\/asociatia-macedonenilor.ro\/wp-content\/uploads\/2019\/03\/32944435_2216334821725171_4277210518218866688_n-768x576.jpg 768w, https:\/\/asociatia-macedonenilor.ro\/wp-content\/uploads\/2019\/03\/32944435_2216334821725171_4277210518218866688_n-510x382.jpg 510w\" sizes=\"(max-width: 266px) 100vw, 266px\" \/> <img loading=\"lazy\" decoding=\"async\" class=\"wp-image-865 alignright\" src=\"https:\/\/asociatia-macedonenilor.ro\/wp-content\/uploads\/2019\/03\/33204871_2216335298391790_9038087057511022592_n.jpg\" alt=\"\" width=\"261\" height=\"196\" srcset=\"https:\/\/asociatia-macedonenilor.ro\/wp-content\/uploads\/2019\/03\/33204871_2216335298391790_9038087057511022592_n.jpg 960w, https:\/\/asociatia-macedonenilor.ro\/wp-content\/uploads\/2019\/03\/33204871_2216335298391790_9038087057511022592_n-300x225.jpg 300w, https:\/\/asociatia-macedonenilor.ro\/wp-content\/uploads\/2019\/03\/33204871_2216335298391790_9038087057511022592_n-768x576.jpg 768w, https:\/\/asociatia-macedonenilor.ro\/wp-content\/uploads\/2019\/03\/33204871_2216335298391790_9038087057511022592_n-510x382.jpg 510w\" sizes=\"(max-width: 261px) 100vw, 261px\" \/> <img loading=\"lazy\" decoding=\"async\" class=\"wp-image-866 alignleft\" src=\"https:\/\/asociatia-macedonenilor.ro\/wp-content\/uploads\/2019\/03\/33487472_2216335408391779_4925821464055119872_n.jpg\" alt=\"\" width=\"263\" height=\"351\" srcset=\"https:\/\/asociatia-macedonenilor.ro\/wp-content\/uploads\/2019\/03\/33487472_2216335408391779_4925821464055119872_n.jpg 720w, https:\/\/asociatia-macedonenilor.ro\/wp-content\/uploads\/2019\/03\/33487472_2216335408391779_4925821464055119872_n-225x300.jpg 225w\" sizes=\"(max-width: 263px) 100vw, 263px\" \/> <img loading=\"lazy\" decoding=\"async\" class=\"alignnone  wp-image-867\" src=\"https:\/\/asociatia-macedonenilor.ro\/wp-content\/uploads\/2019\/03\/33499325_2216335225058464_4961970653302358016_n.jpg\" alt=\"\" width=\"248\" height=\"331\" srcset=\"https:\/\/asociatia-macedonenilor.ro\/wp-content\/uploads\/2019\/03\/33499325_2216335225058464_4961970653302358016_n.jpg 720w, https:\/\/asociatia-macedonenilor.ro\/wp-content\/uploads\/2019\/03\/33499325_2216335225058464_4961970653302358016_n-225x300.jpg 225w\" sizes=\"(max-width: 248px) 100vw, 248px\" \/> <img loading=\"lazy\" decoding=\"async\" class=\"wp-image-868 alignright\" src=\"https:\/\/asociatia-macedonenilor.ro\/wp-content\/uploads\/2019\/03\/33510653_2216334655058521_2372408628570226688_n.jpg\" alt=\"\" width=\"214\" height=\"285\" srcset=\"https:\/\/asociatia-macedonenilor.ro\/wp-content\/uploads\/2019\/03\/33510653_2216334655058521_2372408628570226688_n.jpg 720w, https:\/\/asociatia-macedonenilor.ro\/wp-content\/uploads\/2019\/03\/33510653_2216334655058521_2372408628570226688_n-225x300.jpg 225w\" sizes=\"(max-width: 214px) 100vw, 214px\" \/> <img loading=\"lazy\" decoding=\"async\" class=\"wp-image-869 alignleft\" src=\"https:\/\/asociatia-macedonenilor.ro\/wp-content\/uploads\/2019\/03\/33524374_2216334511725202_4666553607158497280_n.jpg\" alt=\"\" width=\"297\" height=\"223\" srcset=\"https:\/\/asociatia-macedonenilor.ro\/wp-content\/uploads\/2019\/03\/33524374_2216334511725202_4666553607158497280_n.jpg 960w, https:\/\/asociatia-macedonenilor.ro\/wp-content\/uploads\/2019\/03\/33524374_2216334511725202_4666553607158497280_n-300x225.jpg 300w, https:\/\/asociatia-macedonenilor.ro\/wp-content\/uploads\/2019\/03\/33524374_2216334511725202_4666553607158497280_n-768x576.jpg 768w, https:\/\/asociatia-macedonenilor.ro\/wp-content\/uploads\/2019\/03\/33524374_2216334511725202_4666553607158497280_n-510x382.jpg 510w\" sizes=\"(max-width: 297px) 100vw, 297px\" \/> <img loading=\"lazy\" decoding=\"async\" class=\"wp-image-870 alignright\" src=\"https:\/\/asociatia-macedonenilor.ro\/wp-content\/uploads\/2019\/03\/33553727_2216334035058583_2193627823145484288_n.jpg\" alt=\"\" width=\"305\" height=\"229\" srcset=\"https:\/\/asociatia-macedonenilor.ro\/wp-content\/uploads\/2019\/03\/33553727_2216334035058583_2193627823145484288_n.jpg 960w, https:\/\/asociatia-macedonenilor.ro\/wp-content\/uploads\/2019\/03\/33553727_2216334035058583_2193627823145484288_n-300x225.jpg 300w, https:\/\/asociatia-macedonenilor.ro\/wp-content\/uploads\/2019\/03\/33553727_2216334035058583_2193627823145484288_n-768x576.jpg 768w, https:\/\/asociatia-macedonenilor.ro\/wp-content\/uploads\/2019\/03\/33553727_2216334035058583_2193627823145484288_n-510x382.jpg 510w\" sizes=\"(max-width: 305px) 100vw, 305px\" \/> <img loading=\"lazy\" decoding=\"async\" class=\"wp-image-871 alignleft\" src=\"https:\/\/asociatia-macedonenilor.ro\/wp-content\/uploads\/2019\/03\/33583430_2216335621725091_1495285274895187968_n.jpg\" alt=\"\" width=\"185\" height=\"247\" srcset=\"https:\/\/asociatia-macedonenilor.ro\/wp-content\/uploads\/2019\/03\/33583430_2216335621725091_1495285274895187968_n.jpg 720w, https:\/\/asociatia-macedonenilor.ro\/wp-content\/uploads\/2019\/03\/33583430_2216335621725091_1495285274895187968_n-225x300.jpg 225w\" sizes=\"(max-width: 185px) 100vw, 185px\" \/> <img loading=\"lazy\" decoding=\"async\" class=\"wp-image-872 alignright\" src=\"https:\/\/asociatia-macedonenilor.ro\/wp-content\/uploads\/2019\/03\/33586981_2216334765058510_1319832248786092032_n.jpg\" alt=\"\" width=\"248\" height=\"186\" srcset=\"https:\/\/asociatia-macedonenilor.ro\/wp-content\/uploads\/2019\/03\/33586981_2216334765058510_1319832248786092032_n.jpg 960w, https:\/\/asociatia-macedonenilor.ro\/wp-content\/uploads\/2019\/03\/33586981_2216334765058510_1319832248786092032_n-300x225.jpg 300w, https:\/\/asociatia-macedonenilor.ro\/wp-content\/uploads\/2019\/03\/33586981_2216334765058510_1319832248786092032_n-768x576.jpg 768w, https:\/\/asociatia-macedonenilor.ro\/wp-content\/uploads\/2019\/03\/33586981_2216334765058510_1319832248786092032_n-510x382.jpg 510w\" sizes=\"(max-width: 248px) 100vw, 248px\" \/> <img loading=\"lazy\" decoding=\"async\" class=\"wp-image-873 alignright\" src=\"https:\/\/asociatia-macedonenilor.ro\/wp-content\/uploads\/2019\/03\/33653391_2216334285058558_3725961314137276416_n.jpg\" alt=\"\" width=\"303\" height=\"227\" srcset=\"https:\/\/asociatia-macedonenilor.ro\/wp-content\/uploads\/2019\/03\/33653391_2216334285058558_3725961314137276416_n.jpg 960w, https:\/\/asociatia-macedonenilor.ro\/wp-content\/uploads\/2019\/03\/33653391_2216334285058558_3725961314137276416_n-300x225.jpg 300w, https:\/\/asociatia-macedonenilor.ro\/wp-content\/uploads\/2019\/03\/33653391_2216334285058558_3725961314137276416_n-768x576.jpg 768w, https:\/\/asociatia-macedonenilor.ro\/wp-content\/uploads\/2019\/03\/33653391_2216334285058558_3725961314137276416_n-510x382.jpg 510w\" sizes=\"(max-width: 303px) 100vw, 303px\" \/> <img loading=\"lazy\" decoding=\"async\" class=\"wp-image-874 alignleft\" src=\"https:\/\/asociatia-macedonenilor.ro\/wp-content\/uploads\/2019\/03\/33664721_2216334561725197_2633524184692555776_n.jpg\" alt=\"\" width=\"264\" height=\"352\" srcset=\"https:\/\/asociatia-macedonenilor.ro\/wp-content\/uploads\/2019\/03\/33664721_2216334561725197_2633524184692555776_n.jpg 720w, https:\/\/asociatia-macedonenilor.ro\/wp-content\/uploads\/2019\/03\/33664721_2216334561725197_2633524184692555776_n-225x300.jpg 225w\" sizes=\"(max-width: 264px) 100vw, 264px\" \/> <img loading=\"lazy\" decoding=\"async\" class=\"wp-image-876 alignright\" src=\"https:\/\/asociatia-macedonenilor.ro\/wp-content\/uploads\/2019\/03\/33674959_2216334115058575_2352176966079086592_n.jpg\" alt=\"\" width=\"318\" height=\"239\" srcset=\"https:\/\/asociatia-macedonenilor.ro\/wp-content\/uploads\/2019\/03\/33674959_2216334115058575_2352176966079086592_n.jpg 960w, https:\/\/asociatia-macedonenilor.ro\/wp-content\/uploads\/2019\/03\/33674959_2216334115058575_2352176966079086592_n-300x225.jpg 300w, https:\/\/asociatia-macedonenilor.ro\/wp-content\/uploads\/2019\/03\/33674959_2216334115058575_2352176966079086592_n-768x576.jpg 768w, https:\/\/asociatia-macedonenilor.ro\/wp-content\/uploads\/2019\/03\/33674959_2216334115058575_2352176966079086592_n-510x382.jpg 510w\" sizes=\"(max-width: 318px) 100vw, 318px\" \/>26<\/p>\n","protected":false},"excerpt":{"rendered":"<p>Ast\u0103zi, membrii Asocia\u021biei Macedonenilor din Romania, tr\u0103itori \u00een Craiova \u0219i B\u0103ile\u0219ti, au vizitat Palatul lui Jean Mihail, macedoneanul care \u0219i-a legat numele de Rom\u00e2nia \u0219i Craiova. &nbsp; 26<\/p>\n","protected":false},"author":1,"featured_media":875,"comment_status":"open","ping_status":"open","sticky":false,"template":"","format":"standard","meta":{"_et_pb_use_builder":"","_et_pb_old_content":"","_et_gb_content_width":"","footnotes":""},"categories":[1],"tags":[],"class_list":["post-863","post","type-post","status-publish","format-standard","has-post-thumbnail","hentry","category-activitati"],"_links":{"self":[{"href":"https:\/\/asociatia-macedonenilor.ro\/index.php\/wp-json\/wp\/v2\/posts\/863","targetHints":{"allow":["GET"]}}],"collection":[{"href":"https:\/\/asociatia-macedonenilor.ro\/index.php\/wp-json\/wp\/v2\/posts"}],"about":[{"href":"https:\/\/asociatia-macedonenilor.ro\/index.php\/wp-json\/wp\/v2\/types\/post"}],"author":[{"embeddable":true,"href":"https:\/\/asociatia-macedonenilor.ro\/index.php\/wp-json\/wp\/v2\/users\/1"}],"replies":[{"embeddable":true,"href":"https:\/\/asociatia-macedonenilor.ro\/index.php\/wp-json\/wp\/v2\/comments?post=863"}],"version-history":[{"count":2,"href":"https:\/\/asociatia-macedonenilor.ro\/index.php\/wp-json\/wp\/v2\/posts\/863\/revisions"}],"predecessor-version":[{"id":1757,"href":"https:\/\/asociatia-macedonenilor.ro\/index.php\/wp-json\/wp\/v2\/posts\/863\/revisions\/1757"}],"wp:featuredmedia":[{"embeddable":true,"href":"https:\/\/asociatia-macedonenilor.ro\/index.php\/wp-json\/wp\/v2\/media\/875"}],"wp:attachment":[{"href":"https:\/\/asociatia-macedonenilor.ro\/index.php\/wp-json\/wp\/v2\/media?parent=863"}],"wp:term":[{"taxonomy":"category","embeddable":true,"href":"https:\/\/asociatia-macedonenilor.ro\/index.php\/wp-json\/wp\/v2\/categories?post=863"},{"taxonomy":"post_tag","embeddable":true,"href":"https:\/\/asociatia-macedonenilor.ro\/index.php\/wp-json\/wp\/v2\/tags?post=863"}],"curies":[{"name":"wp","href":"https:\/\/api.w.org\/{rel}","templated":true}]}}