{"id":858,"date":"2018-05-26T17:50:45","date_gmt":"2018-05-26T17:50:45","guid":{"rendered":"http:\/\/asociatia-macedonenilor.ro\/?p=858"},"modified":"2019-11-29T10:08:04","modified_gmt":"2019-11-29T10:08:04","slug":"ansamblul-folcloric-perlele-ohridului","status":"publish","type":"post","link":"https:\/\/asociatia-macedonenilor.ro\/index.php\/2018\/05\/26\/ansamblul-folcloric-perlele-ohridului\/","title":{"rendered":"Ansamblul folcloric &#8222;Perlele Ohridului&#8221;"},"content":{"rendered":"<p>Asocia\u021bia Macedonenilor din Rom\u00e2nia promoveaz\u0103 tinerele valori ale comunit\u0103\u021bii. La Mehadica, jud. Cara\u0219-Severin, au fost puse bazele noului ansamblu folcloric &#8222;Perlele Ohridului&#8221;, preg\u0103tirile tinerilor dansatori fiind intense.<\/p>\n<p>Le dorim succes!<\/p>\n<p>&nbsp;<\/p>\n<p><img loading=\"lazy\" decoding=\"async\" class=\"wp-image-859 alignleft\" src=\"https:\/\/asociatia-macedonenilor.ro\/wp-content\/uploads\/2019\/03\/33506986_2216318145060172_7266019362618736640_n.jpg\" alt=\"\" width=\"280\" height=\"210\" srcset=\"https:\/\/asociatia-macedonenilor.ro\/wp-content\/uploads\/2019\/03\/33506986_2216318145060172_7266019362618736640_n.jpg 960w, https:\/\/asociatia-macedonenilor.ro\/wp-content\/uploads\/2019\/03\/33506986_2216318145060172_7266019362618736640_n-300x225.jpg 300w, https:\/\/asociatia-macedonenilor.ro\/wp-content\/uploads\/2019\/03\/33506986_2216318145060172_7266019362618736640_n-768x576.jpg 768w, https:\/\/asociatia-macedonenilor.ro\/wp-content\/uploads\/2019\/03\/33506986_2216318145060172_7266019362618736640_n-510x382.jpg 510w\" sizes=\"(max-width: 280px) 100vw, 280px\" \/> <img loading=\"lazy\" decoding=\"async\" class=\"wp-image-860 alignright\" src=\"https:\/\/asociatia-macedonenilor.ro\/wp-content\/uploads\/2019\/03\/33647289_2216318088393511_8107706573222051840_n.jpg\" alt=\"\" width=\"270\" height=\"202\" srcset=\"https:\/\/asociatia-macedonenilor.ro\/wp-content\/uploads\/2019\/03\/33647289_2216318088393511_8107706573222051840_n.jpg 960w, https:\/\/asociatia-macedonenilor.ro\/wp-content\/uploads\/2019\/03\/33647289_2216318088393511_8107706573222051840_n-300x225.jpg 300w, https:\/\/asociatia-macedonenilor.ro\/wp-content\/uploads\/2019\/03\/33647289_2216318088393511_8107706573222051840_n-768x576.jpg 768w, https:\/\/asociatia-macedonenilor.ro\/wp-content\/uploads\/2019\/03\/33647289_2216318088393511_8107706573222051840_n-510x382.jpg 510w\" sizes=\"(max-width: 270px) 100vw, 270px\" \/><\/p>\n","protected":false},"excerpt":{"rendered":"<p>Asocia\u021bia Macedonenilor din Rom\u00e2nia promoveaz\u0103 tinerele valori ale comunit\u0103\u021bii. La Mehadica, jud. Cara\u0219-Severin, au fost puse bazele noului ansamblu folcloric &#8222;Perlele Ohridului&#8221;, preg\u0103tirile tinerilor dansatori fiind intense. Le dorim succes! &nbsp;<\/p>\n","protected":false},"author":1,"featured_media":861,"comment_status":"open","ping_status":"open","sticky":false,"template":"","format":"standard","meta":{"_et_pb_use_builder":"","_et_pb_old_content":"","_et_gb_content_width":"","footnotes":""},"categories":[1],"tags":[],"class_list":["post-858","post","type-post","status-publish","format-standard","has-post-thumbnail","hentry","category-activitati"],"_links":{"self":[{"href":"https:\/\/asociatia-macedonenilor.ro\/index.php\/wp-json\/wp\/v2\/posts\/858","targetHints":{"allow":["GET"]}}],"collection":[{"href":"https:\/\/asociatia-macedonenilor.ro\/index.php\/wp-json\/wp\/v2\/posts"}],"about":[{"href":"https:\/\/asociatia-macedonenilor.ro\/index.php\/wp-json\/wp\/v2\/types\/post"}],"author":[{"embeddable":true,"href":"https:\/\/asociatia-macedonenilor.ro\/index.php\/wp-json\/wp\/v2\/users\/1"}],"replies":[{"embeddable":true,"href":"https:\/\/asociatia-macedonenilor.ro\/index.php\/wp-json\/wp\/v2\/comments?post=858"}],"version-history":[{"count":2,"href":"https:\/\/asociatia-macedonenilor.ro\/index.php\/wp-json\/wp\/v2\/posts\/858\/revisions"}],"predecessor-version":[{"id":1758,"href":"https:\/\/asociatia-macedonenilor.ro\/index.php\/wp-json\/wp\/v2\/posts\/858\/revisions\/1758"}],"wp:featuredmedia":[{"embeddable":true,"href":"https:\/\/asociatia-macedonenilor.ro\/index.php\/wp-json\/wp\/v2\/media\/861"}],"wp:attachment":[{"href":"https:\/\/asociatia-macedonenilor.ro\/index.php\/wp-json\/wp\/v2\/media?parent=858"}],"wp:term":[{"taxonomy":"category","embeddable":true,"href":"https:\/\/asociatia-macedonenilor.ro\/index.php\/wp-json\/wp\/v2\/categories?post=858"},{"taxonomy":"post_tag","embeddable":true,"href":"https:\/\/asociatia-macedonenilor.ro\/index.php\/wp-json\/wp\/v2\/tags?post=858"}],"curies":[{"name":"wp","href":"https:\/\/api.w.org\/{rel}","templated":true}]}}