{"id":842,"date":"2019-03-01T22:58:44","date_gmt":"2019-03-01T22:58:44","guid":{"rendered":"http:\/\/asociatia-macedonenilor.ro\/?p=842"},"modified":"2019-11-29T09:12:19","modified_gmt":"2019-11-29T09:12:19","slug":"martisoare-pentru-doamne-si-domnisoare-la-amr-bucuresti","status":"publish","type":"post","link":"https:\/\/asociatia-macedonenilor.ro\/index.php\/2019\/03\/01\/martisoare-pentru-doamne-si-domnisoare-la-amr-bucuresti\/","title":{"rendered":"M\u0103r\u021bi\u0219oare pentru doamne \u0219i domni\u0219oare, la AMR Bucure\u0219ti"},"content":{"rendered":"<p>\u0218nurul m\u0103r\u021bi\u0219orului, \u00eempletit din alb \u015fi ro\u015fu, frumos numit funia timpului, este un simbol al trecerii de la iarna cea alb\u0103, la prim\u0103vara vie ca focul!<\/p>\n<p>La AMR Bucure\u0219ti s-a s\u0103rb\u0103torit revenirea prim\u0103verii!<\/p>\n<p>Domnul Nicolae Breza a f\u0103cut o frumoas\u0103 surpriz\u0103 celor prezen\u021bi, d\u0103ruind AMR o frumoas\u0103 cas\u0103 tradi\u021bional\u0103 macedonean\u0103, realizat\u0103 artizanal de c\u0103tre domnia sa.<\/p>\n<p>&nbsp;<\/p>\n<p><img loading=\"lazy\" decoding=\"async\" class=\"wp-image-843 alignleft\" src=\"https:\/\/asociatia-macedonenilor.ro\/wp-content\/uploads\/2019\/03\/52926438_2043482939097644_536265038143422464_n.jpg\" alt=\"\" width=\"280\" height=\"210\" srcset=\"https:\/\/asociatia-macedonenilor.ro\/wp-content\/uploads\/2019\/03\/52926438_2043482939097644_536265038143422464_n.jpg 960w, https:\/\/asociatia-macedonenilor.ro\/wp-content\/uploads\/2019\/03\/52926438_2043482939097644_536265038143422464_n-300x225.jpg 300w, https:\/\/asociatia-macedonenilor.ro\/wp-content\/uploads\/2019\/03\/52926438_2043482939097644_536265038143422464_n-768x576.jpg 768w, https:\/\/asociatia-macedonenilor.ro\/wp-content\/uploads\/2019\/03\/52926438_2043482939097644_536265038143422464_n-510x382.jpg 510w\" sizes=\"(max-width: 280px) 100vw, 280px\" \/> <img loading=\"lazy\" decoding=\"async\" class=\"wp-image-844 alignright\" src=\"https:\/\/asociatia-macedonenilor.ro\/wp-content\/uploads\/2019\/03\/52961870_2043483115764293_4131475633551179776_n.jpg\" alt=\"\" width=\"320\" height=\"180\" srcset=\"https:\/\/asociatia-macedonenilor.ro\/wp-content\/uploads\/2019\/03\/52961870_2043483115764293_4131475633551179776_n.jpg 960w, https:\/\/asociatia-macedonenilor.ro\/wp-content\/uploads\/2019\/03\/52961870_2043483115764293_4131475633551179776_n-300x169.jpg 300w, https:\/\/asociatia-macedonenilor.ro\/wp-content\/uploads\/2019\/03\/52961870_2043483115764293_4131475633551179776_n-768x432.jpg 768w\" sizes=\"(max-width: 320px) 100vw, 320px\" \/> <img loading=\"lazy\" decoding=\"async\" class=\"alignnone  wp-image-845\" src=\"https:\/\/asociatia-macedonenilor.ro\/wp-content\/uploads\/2019\/03\/53091881_2043484119097526_4531112569393381376_n.jpg\" alt=\"\" width=\"320\" height=\"180\" srcset=\"https:\/\/asociatia-macedonenilor.ro\/wp-content\/uploads\/2019\/03\/53091881_2043484119097526_4531112569393381376_n.jpg 960w, https:\/\/asociatia-macedonenilor.ro\/wp-content\/uploads\/2019\/03\/53091881_2043484119097526_4531112569393381376_n-300x169.jpg 300w, https:\/\/asociatia-macedonenilor.ro\/wp-content\/uploads\/2019\/03\/53091881_2043484119097526_4531112569393381376_n-768x432.jpg 768w\" sizes=\"(max-width: 320px) 100vw, 320px\" \/> <img loading=\"lazy\" decoding=\"async\" class=\"wp-image-846 alignleft\" src=\"https:\/\/asociatia-macedonenilor.ro\/wp-content\/uploads\/2019\/03\/53209770_2043483922430879_1868491067897151488_n.jpg\" alt=\"\" width=\"318\" height=\"238\" srcset=\"https:\/\/asociatia-macedonenilor.ro\/wp-content\/uploads\/2019\/03\/53209770_2043483922430879_1868491067897151488_n.jpg 960w, https:\/\/asociatia-macedonenilor.ro\/wp-content\/uploads\/2019\/03\/53209770_2043483922430879_1868491067897151488_n-300x225.jpg 300w, https:\/\/asociatia-macedonenilor.ro\/wp-content\/uploads\/2019\/03\/53209770_2043483922430879_1868491067897151488_n-768x576.jpg 768w, https:\/\/asociatia-macedonenilor.ro\/wp-content\/uploads\/2019\/03\/53209770_2043483922430879_1868491067897151488_n-510x382.jpg 510w\" sizes=\"(max-width: 318px) 100vw, 318px\" \/> <img loading=\"lazy\" decoding=\"async\" class=\"wp-image-847 alignright\" src=\"https:\/\/asociatia-macedonenilor.ro\/wp-content\/uploads\/2019\/03\/53391187_2043485169097421_383904487816822784_n.jpg\" alt=\"\" width=\"332\" height=\"187\" srcset=\"https:\/\/asociatia-macedonenilor.ro\/wp-content\/uploads\/2019\/03\/53391187_2043485169097421_383904487816822784_n.jpg 960w, https:\/\/asociatia-macedonenilor.ro\/wp-content\/uploads\/2019\/03\/53391187_2043485169097421_383904487816822784_n-300x169.jpg 300w, https:\/\/asociatia-macedonenilor.ro\/wp-content\/uploads\/2019\/03\/53391187_2043485169097421_383904487816822784_n-768x432.jpg 768w\" sizes=\"(max-width: 332px) 100vw, 332px\" \/> <img loading=\"lazy\" decoding=\"async\" class=\"wp-image-849 aligncenter\" src=\"https:\/\/asociatia-macedonenilor.ro\/wp-content\/uploads\/2019\/03\/53733275_2043484355764169_5853931010156134400_n.jpg\" alt=\"\" width=\"363\" height=\"272\" srcset=\"https:\/\/asociatia-macedonenilor.ro\/wp-content\/uploads\/2019\/03\/53733275_2043484355764169_5853931010156134400_n.jpg 960w, https:\/\/asociatia-macedonenilor.ro\/wp-content\/uploads\/2019\/03\/53733275_2043484355764169_5853931010156134400_n-300x225.jpg 300w, https:\/\/asociatia-macedonenilor.ro\/wp-content\/uploads\/2019\/03\/53733275_2043484355764169_5853931010156134400_n-768x576.jpg 768w, https:\/\/asociatia-macedonenilor.ro\/wp-content\/uploads\/2019\/03\/53733275_2043484355764169_5853931010156134400_n-510x382.jpg 510w\" sizes=\"(max-width: 363px) 100vw, 363px\" \/> <img loading=\"lazy\" decoding=\"async\" class=\"wp-image-850 alignleft\" src=\"https:\/\/asociatia-macedonenilor.ro\/wp-content\/uploads\/2019\/03\/53761855_2043483389097599_2655148056537726976_n.jpg\" alt=\"\" width=\"379\" height=\"284\" srcset=\"https:\/\/asociatia-macedonenilor.ro\/wp-content\/uploads\/2019\/03\/53761855_2043483389097599_2655148056537726976_n.jpg 960w, https:\/\/asociatia-macedonenilor.ro\/wp-content\/uploads\/2019\/03\/53761855_2043483389097599_2655148056537726976_n-300x225.jpg 300w, https:\/\/asociatia-macedonenilor.ro\/wp-content\/uploads\/2019\/03\/53761855_2043483389097599_2655148056537726976_n-768x576.jpg 768w, https:\/\/asociatia-macedonenilor.ro\/wp-content\/uploads\/2019\/03\/53761855_2043483389097599_2655148056537726976_n-510x382.jpg 510w\" sizes=\"(max-width: 379px) 100vw, 379px\" \/><\/p>\n<p>&nbsp;<\/p>\n<p>&nbsp;<\/p>\n","protected":false},"excerpt":{"rendered":"<p>\u0218nurul m\u0103r\u021bi\u0219orului, \u00eempletit din alb \u015fi ro\u015fu, frumos numit funia timpului, este un simbol al trecerii de la iarna cea alb\u0103, la prim\u0103vara vie ca focul! La AMR Bucure\u0219ti s-a s\u0103rb\u0103torit revenirea prim\u0103verii! Domnul Nicolae Breza a f\u0103cut o frumoas\u0103 surpriz\u0103 celor prezen\u021bi, d\u0103ruind AMR o frumoas\u0103 cas\u0103 tradi\u021bional\u0103 macedonean\u0103, realizat\u0103 artizanal de c\u0103tre domnia [&hellip;]<\/p>\n","protected":false},"author":1,"featured_media":848,"comment_status":"open","ping_status":"open","sticky":false,"template":"","format":"standard","meta":{"_et_pb_use_builder":"","_et_pb_old_content":"","_et_gb_content_width":"","footnotes":""},"categories":[1],"tags":[],"class_list":["post-842","post","type-post","status-publish","format-standard","has-post-thumbnail","hentry","category-activitati"],"_links":{"self":[{"href":"https:\/\/asociatia-macedonenilor.ro\/index.php\/wp-json\/wp\/v2\/posts\/842","targetHints":{"allow":["GET"]}}],"collection":[{"href":"https:\/\/asociatia-macedonenilor.ro\/index.php\/wp-json\/wp\/v2\/posts"}],"about":[{"href":"https:\/\/asociatia-macedonenilor.ro\/index.php\/wp-json\/wp\/v2\/types\/post"}],"author":[{"embeddable":true,"href":"https:\/\/asociatia-macedonenilor.ro\/index.php\/wp-json\/wp\/v2\/users\/1"}],"replies":[{"embeddable":true,"href":"https:\/\/asociatia-macedonenilor.ro\/index.php\/wp-json\/wp\/v2\/comments?post=842"}],"version-history":[{"count":2,"href":"https:\/\/asociatia-macedonenilor.ro\/index.php\/wp-json\/wp\/v2\/posts\/842\/revisions"}],"predecessor-version":[{"id":1713,"href":"https:\/\/asociatia-macedonenilor.ro\/index.php\/wp-json\/wp\/v2\/posts\/842\/revisions\/1713"}],"wp:featuredmedia":[{"embeddable":true,"href":"https:\/\/asociatia-macedonenilor.ro\/index.php\/wp-json\/wp\/v2\/media\/848"}],"wp:attachment":[{"href":"https:\/\/asociatia-macedonenilor.ro\/index.php\/wp-json\/wp\/v2\/media?parent=842"}],"wp:term":[{"taxonomy":"category","embeddable":true,"href":"https:\/\/asociatia-macedonenilor.ro\/index.php\/wp-json\/wp\/v2\/categories?post=842"},{"taxonomy":"post_tag","embeddable":true,"href":"https:\/\/asociatia-macedonenilor.ro\/index.php\/wp-json\/wp\/v2\/tags?post=842"}],"curies":[{"name":"wp","href":"https:\/\/api.w.org\/{rel}","templated":true}]}}