{"id":763,"date":"2019-01-26T11:23:04","date_gmt":"2019-01-26T11:23:04","guid":{"rendered":"http:\/\/asociatia-macedonenilor.ro\/?p=763"},"modified":"2019-11-29T09:14:34","modified_gmt":"2019-11-29T09:14:34","slug":"traditii-de-iarna-la-macedonenii-din-craiova","status":"publish","type":"post","link":"https:\/\/asociatia-macedonenilor.ro\/index.php\/2019\/01\/26\/traditii-de-iarna-la-macedonenii-din-craiova\/","title":{"rendered":"Tradi\u0163ii de iarn\u0103 la macedonenii din Craiova"},"content":{"rendered":"<p>S\u0103rb\u0103torirea Cr\u0103ciunului \u015fi a Anului Nou, \u00een comunitatea macedonean\u0103 din Craiova.<\/p>\n<p>&nbsp;<\/p>\n<p><img loading=\"lazy\" decoding=\"async\" class=\"wp-image-764 alignleft\" src=\"https:\/\/asociatia-macedonenilor.ro\/wp-content\/uploads\/2019\/01\/IMG_1871.jpg\" alt=\"\" width=\"483\" height=\"272\" srcset=\"https:\/\/asociatia-macedonenilor.ro\/wp-content\/uploads\/2019\/01\/IMG_1871.jpg 1920w, https:\/\/asociatia-macedonenilor.ro\/wp-content\/uploads\/2019\/01\/IMG_1871-300x169.jpg 300w, https:\/\/asociatia-macedonenilor.ro\/wp-content\/uploads\/2019\/01\/IMG_1871-768x432.jpg 768w, https:\/\/asociatia-macedonenilor.ro\/wp-content\/uploads\/2019\/01\/IMG_1871-1024x576.jpg 1024w, https:\/\/asociatia-macedonenilor.ro\/wp-content\/uploads\/2019\/01\/IMG_1871-1080x608.jpg 1080w\" sizes=\"(max-width: 483px) 100vw, 483px\" \/><\/p>\n<p>&nbsp;<\/p>\n<p><img loading=\"lazy\" decoding=\"async\" class=\"wp-image-767 alignright\" src=\"https:\/\/asociatia-macedonenilor.ro\/wp-content\/uploads\/2019\/01\/IMG_1968.jpg\" alt=\"\" width=\"425\" height=\"239\" srcset=\"https:\/\/asociatia-macedonenilor.ro\/wp-content\/uploads\/2019\/01\/IMG_1968.jpg 1920w, https:\/\/asociatia-macedonenilor.ro\/wp-content\/uploads\/2019\/01\/IMG_1968-300x169.jpg 300w, https:\/\/asociatia-macedonenilor.ro\/wp-content\/uploads\/2019\/01\/IMG_1968-768x432.jpg 768w, https:\/\/asociatia-macedonenilor.ro\/wp-content\/uploads\/2019\/01\/IMG_1968-1024x576.jpg 1024w, https:\/\/asociatia-macedonenilor.ro\/wp-content\/uploads\/2019\/01\/IMG_1968-1080x608.jpg 1080w\" sizes=\"(max-width: 425px) 100vw, 425px\" \/><\/p>\n<p>&nbsp;<\/p>\n<p>&nbsp;<\/p>\n<p>&nbsp;<\/p>\n<p>&nbsp;<\/p>\n<p>&nbsp;<\/p>\n<p>&nbsp;<\/p>\n<p>&nbsp;<\/p>\n<p><img loading=\"lazy\" decoding=\"async\" class=\"wp-image-766 alignleft\" src=\"https:\/\/asociatia-macedonenilor.ro\/wp-content\/uploads\/2019\/01\/IMG_1965.jpg\" alt=\"\" width=\"408\" height=\"229\" srcset=\"https:\/\/asociatia-macedonenilor.ro\/wp-content\/uploads\/2019\/01\/IMG_1965.jpg 1920w, https:\/\/asociatia-macedonenilor.ro\/wp-content\/uploads\/2019\/01\/IMG_1965-300x169.jpg 300w, https:\/\/asociatia-macedonenilor.ro\/wp-content\/uploads\/2019\/01\/IMG_1965-768x432.jpg 768w, https:\/\/asociatia-macedonenilor.ro\/wp-content\/uploads\/2019\/01\/IMG_1965-1024x576.jpg 1024w, https:\/\/asociatia-macedonenilor.ro\/wp-content\/uploads\/2019\/01\/IMG_1965-1080x608.jpg 1080w\" sizes=\"(max-width: 408px) 100vw, 408px\" \/><\/p>\n<p>&nbsp;<\/p>\n<p>&nbsp;<\/p>\n<p>&nbsp;<\/p>\n<p><img loading=\"lazy\" decoding=\"async\" class=\"wp-image-768 aligncenter\" src=\"https:\/\/asociatia-macedonenilor.ro\/wp-content\/uploads\/2019\/01\/IMG_2037.jpg\" alt=\"\" width=\"431\" height=\"242\" srcset=\"https:\/\/asociatia-macedonenilor.ro\/wp-content\/uploads\/2019\/01\/IMG_2037.jpg 1920w, https:\/\/asociatia-macedonenilor.ro\/wp-content\/uploads\/2019\/01\/IMG_2037-300x169.jpg 300w, https:\/\/asociatia-macedonenilor.ro\/wp-content\/uploads\/2019\/01\/IMG_2037-768x432.jpg 768w, https:\/\/asociatia-macedonenilor.ro\/wp-content\/uploads\/2019\/01\/IMG_2037-1024x576.jpg 1024w, https:\/\/asociatia-macedonenilor.ro\/wp-content\/uploads\/2019\/01\/IMG_2037-1080x608.jpg 1080w\" sizes=\"(max-width: 431px) 100vw, 431px\" \/><\/p>\n<p>&nbsp;<\/p>\n<p>&nbsp;<\/p>\n<p>&nbsp;<\/p>\n<p><img loading=\"lazy\" decoding=\"async\" class=\"wp-image-769 alignleft\" src=\"https:\/\/asociatia-macedonenilor.ro\/wp-content\/uploads\/2019\/01\/IMG_2040.jpg\" alt=\"\" width=\"407\" height=\"229\" srcset=\"https:\/\/asociatia-macedonenilor.ro\/wp-content\/uploads\/2019\/01\/IMG_2040.jpg 1920w, https:\/\/asociatia-macedonenilor.ro\/wp-content\/uploads\/2019\/01\/IMG_2040-300x169.jpg 300w, https:\/\/asociatia-macedonenilor.ro\/wp-content\/uploads\/2019\/01\/IMG_2040-768x432.jpg 768w, https:\/\/asociatia-macedonenilor.ro\/wp-content\/uploads\/2019\/01\/IMG_2040-1024x576.jpg 1024w, https:\/\/asociatia-macedonenilor.ro\/wp-content\/uploads\/2019\/01\/IMG_2040-1080x608.jpg 1080w\" sizes=\"(max-width: 407px) 100vw, 407px\" \/><img loading=\"lazy\" decoding=\"async\" class=\"wp-image-765 alignright\" src=\"https:\/\/asociatia-macedonenilor.ro\/wp-content\/uploads\/2019\/01\/IMG_1942.jpg\" alt=\"\" width=\"462\" height=\"260\" srcset=\"https:\/\/asociatia-macedonenilor.ro\/wp-content\/uploads\/2019\/01\/IMG_1942.jpg 1920w, https:\/\/asociatia-macedonenilor.ro\/wp-content\/uploads\/2019\/01\/IMG_1942-300x169.jpg 300w, https:\/\/asociatia-macedonenilor.ro\/wp-content\/uploads\/2019\/01\/IMG_1942-768x432.jpg 768w, https:\/\/asociatia-macedonenilor.ro\/wp-content\/uploads\/2019\/01\/IMG_1942-1024x576.jpg 1024w, https:\/\/asociatia-macedonenilor.ro\/wp-content\/uploads\/2019\/01\/IMG_1942-1080x608.jpg 1080w\" sizes=\"(max-width: 462px) 100vw, 462px\" \/><\/p>\n","protected":false},"excerpt":{"rendered":"<p>S\u0103rb\u0103torirea Cr\u0103ciunului \u015fi a Anului Nou, \u00een comunitatea macedonean\u0103 din Craiova. &nbsp; &nbsp; &nbsp; &nbsp; &nbsp; &nbsp; &nbsp; &nbsp; &nbsp; &nbsp; &nbsp; &nbsp; &nbsp; &nbsp; &nbsp;<\/p>\n","protected":false},"author":1,"featured_media":770,"comment_status":"open","ping_status":"open","sticky":false,"template":"","format":"standard","meta":{"_et_pb_use_builder":"","_et_pb_old_content":"","_et_gb_content_width":"","footnotes":""},"categories":[1],"tags":[],"class_list":["post-763","post","type-post","status-publish","format-standard","has-post-thumbnail","hentry","category-activitati"],"_links":{"self":[{"href":"https:\/\/asociatia-macedonenilor.ro\/index.php\/wp-json\/wp\/v2\/posts\/763","targetHints":{"allow":["GET"]}}],"collection":[{"href":"https:\/\/asociatia-macedonenilor.ro\/index.php\/wp-json\/wp\/v2\/posts"}],"about":[{"href":"https:\/\/asociatia-macedonenilor.ro\/index.php\/wp-json\/wp\/v2\/types\/post"}],"author":[{"embeddable":true,"href":"https:\/\/asociatia-macedonenilor.ro\/index.php\/wp-json\/wp\/v2\/users\/1"}],"replies":[{"embeddable":true,"href":"https:\/\/asociatia-macedonenilor.ro\/index.php\/wp-json\/wp\/v2\/comments?post=763"}],"version-history":[{"count":4,"href":"https:\/\/asociatia-macedonenilor.ro\/index.php\/wp-json\/wp\/v2\/posts\/763\/revisions"}],"predecessor-version":[{"id":1720,"href":"https:\/\/asociatia-macedonenilor.ro\/index.php\/wp-json\/wp\/v2\/posts\/763\/revisions\/1720"}],"wp:featuredmedia":[{"embeddable":true,"href":"https:\/\/asociatia-macedonenilor.ro\/index.php\/wp-json\/wp\/v2\/media\/770"}],"wp:attachment":[{"href":"https:\/\/asociatia-macedonenilor.ro\/index.php\/wp-json\/wp\/v2\/media?parent=763"}],"wp:term":[{"taxonomy":"category","embeddable":true,"href":"https:\/\/asociatia-macedonenilor.ro\/index.php\/wp-json\/wp\/v2\/categories?post=763"},{"taxonomy":"post_tag","embeddable":true,"href":"https:\/\/asociatia-macedonenilor.ro\/index.php\/wp-json\/wp\/v2\/tags?post=763"}],"curies":[{"name":"wp","href":"https:\/\/api.w.org\/{rel}","templated":true}]}}