{"id":746,"date":"2019-01-18T10:31:47","date_gmt":"2019-01-18T10:31:47","guid":{"rendered":"http:\/\/asociatia-macedonenilor.ro\/?p=746"},"modified":"2019-11-29T09:14:50","modified_gmt":"2019-11-29T09:14:50","slug":"traditii-de-iarna-la-macedonenii-din-timisoara","status":"publish","type":"post","link":"https:\/\/asociatia-macedonenilor.ro\/index.php\/2019\/01\/18\/traditii-de-iarna-la-macedonenii-din-timisoara\/","title":{"rendered":"Tradi\u0163ii de iarn\u0103 la macedonenii din Timi\u015foara"},"content":{"rendered":"<p>S\u0103rb\u0103torirea Cr\u0103ciunului \u015fi a Anului Nou, \u00een comunitatea macedonean\u0103 din Timi\u015foara.<\/p>\n<p><img loading=\"lazy\" decoding=\"async\" class=\"wp-image-751 alignleft\" src=\"https:\/\/asociatia-macedonenilor.ro\/wp-content\/uploads\/2019\/01\/IMG_1831.jpg\" alt=\"\" width=\"447\" height=\"251\" srcset=\"https:\/\/asociatia-macedonenilor.ro\/wp-content\/uploads\/2019\/01\/IMG_1831.jpg 1920w, https:\/\/asociatia-macedonenilor.ro\/wp-content\/uploads\/2019\/01\/IMG_1831-300x169.jpg 300w, https:\/\/asociatia-macedonenilor.ro\/wp-content\/uploads\/2019\/01\/IMG_1831-768x432.jpg 768w, https:\/\/asociatia-macedonenilor.ro\/wp-content\/uploads\/2019\/01\/IMG_1831-1024x576.jpg 1024w, https:\/\/asociatia-macedonenilor.ro\/wp-content\/uploads\/2019\/01\/IMG_1831-1080x608.jpg 1080w\" sizes=\"(max-width: 447px) 100vw, 447px\" \/><\/p>\n<p><img loading=\"lazy\" decoding=\"async\" class=\"wp-image-755 aligncenter\" src=\"https:\/\/asociatia-macedonenilor.ro\/wp-content\/uploads\/2019\/01\/IMG_1865.jpg\" alt=\"\" width=\"433\" height=\"244\" srcset=\"https:\/\/asociatia-macedonenilor.ro\/wp-content\/uploads\/2019\/01\/IMG_1865.jpg 1920w, https:\/\/asociatia-macedonenilor.ro\/wp-content\/uploads\/2019\/01\/IMG_1865-300x169.jpg 300w, https:\/\/asociatia-macedonenilor.ro\/wp-content\/uploads\/2019\/01\/IMG_1865-768x432.jpg 768w, https:\/\/asociatia-macedonenilor.ro\/wp-content\/uploads\/2019\/01\/IMG_1865-1024x576.jpg 1024w, https:\/\/asociatia-macedonenilor.ro\/wp-content\/uploads\/2019\/01\/IMG_1865-1080x608.jpg 1080w\" sizes=\"(max-width: 433px) 100vw, 433px\" \/><img loading=\"lazy\" decoding=\"async\" class=\"wp-image-756 alignleft\" src=\"https:\/\/asociatia-macedonenilor.ro\/wp-content\/uploads\/2019\/01\/IMG_1863-1.jpg\" alt=\"\" width=\"450\" height=\"253\" srcset=\"https:\/\/asociatia-macedonenilor.ro\/wp-content\/uploads\/2019\/01\/IMG_1863-1.jpg 1920w, https:\/\/asociatia-macedonenilor.ro\/wp-content\/uploads\/2019\/01\/IMG_1863-1-300x169.jpg 300w, https:\/\/asociatia-macedonenilor.ro\/wp-content\/uploads\/2019\/01\/IMG_1863-1-768x432.jpg 768w, https:\/\/asociatia-macedonenilor.ro\/wp-content\/uploads\/2019\/01\/IMG_1863-1-1024x576.jpg 1024w, https:\/\/asociatia-macedonenilor.ro\/wp-content\/uploads\/2019\/01\/IMG_1863-1-1080x608.jpg 1080w\" sizes=\"(max-width: 450px) 100vw, 450px\" \/><img loading=\"lazy\" decoding=\"async\" class=\"wp-image-757 alignright\" src=\"https:\/\/asociatia-macedonenilor.ro\/wp-content\/uploads\/2019\/01\/IMG_1864.jpg\" alt=\"\" width=\"428\" height=\"241\" srcset=\"https:\/\/asociatia-macedonenilor.ro\/wp-content\/uploads\/2019\/01\/IMG_1864.jpg 1920w, https:\/\/asociatia-macedonenilor.ro\/wp-content\/uploads\/2019\/01\/IMG_1864-300x169.jpg 300w, https:\/\/asociatia-macedonenilor.ro\/wp-content\/uploads\/2019\/01\/IMG_1864-768x432.jpg 768w, https:\/\/asociatia-macedonenilor.ro\/wp-content\/uploads\/2019\/01\/IMG_1864-1024x576.jpg 1024w, https:\/\/asociatia-macedonenilor.ro\/wp-content\/uploads\/2019\/01\/IMG_1864-1080x608.jpg 1080w\" sizes=\"(max-width: 428px) 100vw, 428px\" \/><img loading=\"lazy\" decoding=\"async\" class=\"wp-image-752 alignleft\" src=\"https:\/\/asociatia-macedonenilor.ro\/wp-content\/uploads\/2019\/01\/IMG_1857.jpg\" alt=\"\" width=\"492\" height=\"277\" srcset=\"https:\/\/asociatia-macedonenilor.ro\/wp-content\/uploads\/2019\/01\/IMG_1857.jpg 1920w, https:\/\/asociatia-macedonenilor.ro\/wp-content\/uploads\/2019\/01\/IMG_1857-300x169.jpg 300w, https:\/\/asociatia-macedonenilor.ro\/wp-content\/uploads\/2019\/01\/IMG_1857-768x432.jpg 768w, https:\/\/asociatia-macedonenilor.ro\/wp-content\/uploads\/2019\/01\/IMG_1857-1024x576.jpg 1024w, https:\/\/asociatia-macedonenilor.ro\/wp-content\/uploads\/2019\/01\/IMG_1857-1080x608.jpg 1080w\" sizes=\"(max-width: 492px) 100vw, 492px\" \/><\/p>\n","protected":false},"excerpt":{"rendered":"<p>S\u0103rb\u0103torirea Cr\u0103ciunului \u015fi a Anului Nou, \u00een comunitatea macedonean\u0103 din Timi\u015foara.<\/p>\n","protected":false},"author":1,"featured_media":750,"comment_status":"open","ping_status":"open","sticky":false,"template":"","format":"standard","meta":{"_et_pb_use_builder":"","_et_pb_old_content":"","_et_gb_content_width":"","footnotes":""},"categories":[1],"tags":[],"class_list":["post-746","post","type-post","status-publish","format-standard","has-post-thumbnail","hentry","category-activitati"],"_links":{"self":[{"href":"https:\/\/asociatia-macedonenilor.ro\/index.php\/wp-json\/wp\/v2\/posts\/746","targetHints":{"allow":["GET"]}}],"collection":[{"href":"https:\/\/asociatia-macedonenilor.ro\/index.php\/wp-json\/wp\/v2\/posts"}],"about":[{"href":"https:\/\/asociatia-macedonenilor.ro\/index.php\/wp-json\/wp\/v2\/types\/post"}],"author":[{"embeddable":true,"href":"https:\/\/asociatia-macedonenilor.ro\/index.php\/wp-json\/wp\/v2\/users\/1"}],"replies":[{"embeddable":true,"href":"https:\/\/asociatia-macedonenilor.ro\/index.php\/wp-json\/wp\/v2\/comments?post=746"}],"version-history":[{"count":4,"href":"https:\/\/asociatia-macedonenilor.ro\/index.php\/wp-json\/wp\/v2\/posts\/746\/revisions"}],"predecessor-version":[{"id":1721,"href":"https:\/\/asociatia-macedonenilor.ro\/index.php\/wp-json\/wp\/v2\/posts\/746\/revisions\/1721"}],"wp:featuredmedia":[{"embeddable":true,"href":"https:\/\/asociatia-macedonenilor.ro\/index.php\/wp-json\/wp\/v2\/media\/750"}],"wp:attachment":[{"href":"https:\/\/asociatia-macedonenilor.ro\/index.php\/wp-json\/wp\/v2\/media?parent=746"}],"wp:term":[{"taxonomy":"category","embeddable":true,"href":"https:\/\/asociatia-macedonenilor.ro\/index.php\/wp-json\/wp\/v2\/categories?post=746"},{"taxonomy":"post_tag","embeddable":true,"href":"https:\/\/asociatia-macedonenilor.ro\/index.php\/wp-json\/wp\/v2\/tags?post=746"}],"curies":[{"name":"wp","href":"https:\/\/api.w.org\/{rel}","templated":true}]}}