{"id":650,"date":"2018-05-25T10:46:28","date_gmt":"2018-05-25T10:46:28","guid":{"rendered":"http:\/\/asociatia-macedonenilor.ro\/?p=650"},"modified":"2019-11-29T10:08:36","modified_gmt":"2019-11-29T10:08:36","slug":"festivalul-international-al-artelor-marius-bunescu","status":"publish","type":"post","link":"https:\/\/asociatia-macedonenilor.ro\/index.php\/2018\/05\/25\/festivalul-international-al-artelor-marius-bunescu\/","title":{"rendered":"Festivalul Interna\u0163ional al Artelor &#8222;Marius Bunescu&#8221;"},"content":{"rendered":"<p>Asocia\u0163ia Macedonenilor din Rom\u00e2nia a participat ast\u0103zi la Festivalul Interna\u0163ional al Artelor &#8222;Marius Bunescu&#8221; de la Caracal.<br \/>\nT\u00e2n\u0103ra interpret\u0103 Dalia Stancu a ob\u0163inut premiul special al juriului la sec\u0163iunea &#8222;Soli\u015fti vocali&#8221;.<\/p>\n<p>Felicit\u0103ri!<\/p>\n<p><img loading=\"lazy\" decoding=\"async\" class=\" wp-image-652 alignleft\" src=\"https:\/\/asociatia-macedonenilor.ro\/wp-content\/uploads\/2019\/01\/17.jpg\" alt=\"\" width=\"353\" height=\"265\" srcset=\"https:\/\/asociatia-macedonenilor.ro\/wp-content\/uploads\/2019\/01\/17.jpg 960w, https:\/\/asociatia-macedonenilor.ro\/wp-content\/uploads\/2019\/01\/17-300x225.jpg 300w, https:\/\/asociatia-macedonenilor.ro\/wp-content\/uploads\/2019\/01\/17-768x576.jpg 768w, https:\/\/asociatia-macedonenilor.ro\/wp-content\/uploads\/2019\/01\/17-510x382.jpg 510w\" sizes=\"(max-width: 353px) 100vw, 353px\" \/> <img loading=\"lazy\" decoding=\"async\" class=\" wp-image-653 alignright\" src=\"https:\/\/asociatia-macedonenilor.ro\/wp-content\/uploads\/2019\/01\/18.jpg\" alt=\"\" width=\"361\" height=\"271\" srcset=\"https:\/\/asociatia-macedonenilor.ro\/wp-content\/uploads\/2019\/01\/18.jpg 960w, https:\/\/asociatia-macedonenilor.ro\/wp-content\/uploads\/2019\/01\/18-300x225.jpg 300w, https:\/\/asociatia-macedonenilor.ro\/wp-content\/uploads\/2019\/01\/18-768x576.jpg 768w, https:\/\/asociatia-macedonenilor.ro\/wp-content\/uploads\/2019\/01\/18-510x382.jpg 510w\" sizes=\"(max-width: 361px) 100vw, 361px\" \/> <img loading=\"lazy\" decoding=\"async\" class=\" wp-image-654 alignleft\" src=\"https:\/\/asociatia-macedonenilor.ro\/wp-content\/uploads\/2019\/01\/19.jpg\" alt=\"\" width=\"355\" height=\"266\" srcset=\"https:\/\/asociatia-macedonenilor.ro\/wp-content\/uploads\/2019\/01\/19.jpg 960w, https:\/\/asociatia-macedonenilor.ro\/wp-content\/uploads\/2019\/01\/19-300x225.jpg 300w, https:\/\/asociatia-macedonenilor.ro\/wp-content\/uploads\/2019\/01\/19-768x576.jpg 768w, https:\/\/asociatia-macedonenilor.ro\/wp-content\/uploads\/2019\/01\/19-510x382.jpg 510w\" sizes=\"(max-width: 355px) 100vw, 355px\" \/> <img loading=\"lazy\" decoding=\"async\" class=\" wp-image-655 alignright\" src=\"https:\/\/asociatia-macedonenilor.ro\/wp-content\/uploads\/2019\/01\/20.jpg\" alt=\"\" width=\"247\" height=\"329\" srcset=\"https:\/\/asociatia-macedonenilor.ro\/wp-content\/uploads\/2019\/01\/20.jpg 720w, https:\/\/asociatia-macedonenilor.ro\/wp-content\/uploads\/2019\/01\/20-225x300.jpg 225w\" sizes=\"(max-width: 247px) 100vw, 247px\" \/><\/p>\n","protected":false},"excerpt":{"rendered":"<p>Asocia\u0163ia Macedonenilor din Rom\u00e2nia a participat ast\u0103zi la Festivalul Interna\u0163ional al Artelor &#8222;Marius Bunescu&#8221; de la Caracal. T\u00e2n\u0103ra interpret\u0103 Dalia Stancu a ob\u0163inut premiul special al juriului la sec\u0163iunea &#8222;Soli\u015fti vocali&#8221;. Felicit\u0103ri!<\/p>\n","protected":false},"author":1,"featured_media":651,"comment_status":"open","ping_status":"open","sticky":false,"template":"","format":"standard","meta":{"_et_pb_use_builder":"","_et_pb_old_content":"","_et_gb_content_width":"","footnotes":""},"categories":[1],"tags":[],"class_list":["post-650","post","type-post","status-publish","format-standard","has-post-thumbnail","hentry","category-activitati"],"_links":{"self":[{"href":"https:\/\/asociatia-macedonenilor.ro\/index.php\/wp-json\/wp\/v2\/posts\/650","targetHints":{"allow":["GET"]}}],"collection":[{"href":"https:\/\/asociatia-macedonenilor.ro\/index.php\/wp-json\/wp\/v2\/posts"}],"about":[{"href":"https:\/\/asociatia-macedonenilor.ro\/index.php\/wp-json\/wp\/v2\/types\/post"}],"author":[{"embeddable":true,"href":"https:\/\/asociatia-macedonenilor.ro\/index.php\/wp-json\/wp\/v2\/users\/1"}],"replies":[{"embeddable":true,"href":"https:\/\/asociatia-macedonenilor.ro\/index.php\/wp-json\/wp\/v2\/comments?post=650"}],"version-history":[{"count":2,"href":"https:\/\/asociatia-macedonenilor.ro\/index.php\/wp-json\/wp\/v2\/posts\/650\/revisions"}],"predecessor-version":[{"id":1760,"href":"https:\/\/asociatia-macedonenilor.ro\/index.php\/wp-json\/wp\/v2\/posts\/650\/revisions\/1760"}],"wp:featuredmedia":[{"embeddable":true,"href":"https:\/\/asociatia-macedonenilor.ro\/index.php\/wp-json\/wp\/v2\/media\/651"}],"wp:attachment":[{"href":"https:\/\/asociatia-macedonenilor.ro\/index.php\/wp-json\/wp\/v2\/media?parent=650"}],"wp:term":[{"taxonomy":"category","embeddable":true,"href":"https:\/\/asociatia-macedonenilor.ro\/index.php\/wp-json\/wp\/v2\/categories?post=650"},{"taxonomy":"post_tag","embeddable":true,"href":"https:\/\/asociatia-macedonenilor.ro\/index.php\/wp-json\/wp\/v2\/tags?post=650"}],"curies":[{"name":"wp","href":"https:\/\/api.w.org\/{rel}","templated":true}]}}