{"id":630,"date":"2018-04-29T09:55:47","date_gmt":"2018-04-29T09:55:47","guid":{"rendered":"http:\/\/asociatia-macedonenilor.ro\/?p=630"},"modified":"2019-11-29T10:09:23","modified_gmt":"2019-11-29T10:09:23","slug":"vizita-la-amr-craiova","status":"publish","type":"post","link":"https:\/\/asociatia-macedonenilor.ro\/index.php\/2018\/04\/29\/vizita-la-amr-craiova\/","title":{"rendered":"Vizit\u0103 la AMR Craiova"},"content":{"rendered":"<p><span style=\"color: #333333;\">S\u00e2mb\u0103t\u0103,28 aprilie 2018, la Craiova, la Asocia\u021bia Macedonenilor din Rom\u00e2nia, micii macedoneni s-au bucurat de vizita unor oaspe\u021bi de seam\u0103: deputat Alin Stoica, reprezentantul&nbsp;<span class=\"text_exposed_show\">albanezilor; deputat&nbsp;<a class=\"profileLink\" style=\"color: #333333;\" href=\"https:\/\/web.facebook.com\/firczak.iulius?__tn__=KH-R&amp;eid=ARAMzSND7F8_FaOGaoOg8vvFZW-aNJ1JuUxeDFb0tyeWOLugESGGYr0T5wR56tn8NTIVRMZ-ler3qMMW&amp;fref=mentions&amp;__xts__%5B0%5D=68.ARC1ku_07ucjSSfmE6-axRpGFQjEhu__Nl7kptQG1mnmGP5-ZLgVC8jRczybWXgqVwJbmnF0-fCMAdcraTZiIrJEfnEvVE_3j83lUIRAqaMDIYAL7aperMVnP1gDJo35HeQELVjP8BBSNJqLb7ZeBRDN0Iirc3cvFg-9lWdfRD4b1BwJUXs0GUOCvrTEDqLjhUt_5fcMJhZxPYMJt16zQoiYgwCchRGzJ0k-W-yj56CHBp_ZQaz3icKj2MOaHlm5M89F2Muj5HiK8sxnRj8FEpQ7XSIPz71fNV3rebuGP4renHWF1lesucPBfCCG7eqMjAr2gXNWL0jbk43dt3Pkn6sanlfG\" data-hovercard=\"\/ajax\/hovercard\/user.php?id=100000663254578&amp;extragetparams=%7B%22__tn__%22%3A%22%2CdKH-R-R%22%2C%22eid%22%3A%22ARAMzSND7F8_FaOGaoOg8vvFZW-aNJ1JuUxeDFb0tyeWOLugESGGYr0T5wR56tn8NTIVRMZ-ler3qMMW%22%2C%22fref%22%3A%22mentions%22%7D\" data-hovercard-prefer-more-content-show=\"1\">Firczak Iulius Marian<\/a>, reprezentantul rutenilor; deputat Iarco Furic, reprezentantul slovacilor \u0219i cehilor.<br \/>\nCei trei oaspe\u021bi au fost invita\u021bi \u00een casa macedonenilor de c\u0103tre deputat Mariana Venera Popescu, reprezentantul macedonenilor \u00een Parlamentul Rom\u00e2niei.<br \/>\nDup\u0103 alegerile generale care au avut loc la Asocia\u021bia Macedonenilor din Rom\u00e2nia, cultura organiza\u021bional\u0103 a devenit una deschis\u0103 c\u0103tre colaborarea interetnic\u0103, transparen\u021b\u0103 institu\u021bional\u0103 \u0219i deschidere c\u0103tre comunicare \u0219i colaborare cu to\u021bi etnicii macedoneni.<\/span><\/span><\/p>\n<p><img loading=\"lazy\" decoding=\"async\" class=\" wp-image-633 alignnone\" src=\"https:\/\/asociatia-macedonenilor.ro\/wp-content\/uploads\/2019\/01\/3.jpg\" alt=\"\" width=\"240\" height=\"320\" srcset=\"https:\/\/asociatia-macedonenilor.ro\/wp-content\/uploads\/2019\/01\/3.jpg 720w, https:\/\/asociatia-macedonenilor.ro\/wp-content\/uploads\/2019\/01\/3-225x300.jpg 225w\" sizes=\"(max-width: 240px) 100vw, 240px\" \/> <img loading=\"lazy\" decoding=\"async\" class=\" wp-image-632 alignright\" src=\"https:\/\/asociatia-macedonenilor.ro\/wp-content\/uploads\/2019\/01\/2.jpg\" alt=\"\" width=\"331\" height=\"249\" srcset=\"https:\/\/asociatia-macedonenilor.ro\/wp-content\/uploads\/2019\/01\/2.jpg 960w, https:\/\/asociatia-macedonenilor.ro\/wp-content\/uploads\/2019\/01\/2-300x225.jpg 300w, https:\/\/asociatia-macedonenilor.ro\/wp-content\/uploads\/2019\/01\/2-768x576.jpg 768w, https:\/\/asociatia-macedonenilor.ro\/wp-content\/uploads\/2019\/01\/2-510x382.jpg 510w\" sizes=\"(max-width: 331px) 100vw, 331px\" \/><\/p>\n","protected":false},"excerpt":{"rendered":"<p>S\u00e2mb\u0103t\u0103,28 aprilie 2018, la Craiova, la Asocia\u021bia Macedonenilor din Rom\u00e2nia, micii macedoneni s-au bucurat de vizita unor oaspe\u021bi de seam\u0103: deputat Alin Stoica, reprezentantul&nbsp;albanezilor; deputat&nbsp;Firczak Iulius Marian, reprezentantul rutenilor; deputat Iarco Furic, reprezentantul slovacilor \u0219i cehilor. Cei trei oaspe\u021bi au fost invita\u021bi \u00een casa macedonenilor de c\u0103tre deputat Mariana Venera Popescu, reprezentantul macedonenilor \u00een Parlamentul [&hellip;]<\/p>\n","protected":false},"author":1,"featured_media":631,"comment_status":"open","ping_status":"open","sticky":false,"template":"","format":"standard","meta":{"_et_pb_use_builder":"","_et_pb_old_content":"","_et_gb_content_width":"","footnotes":""},"categories":[1],"tags":[],"class_list":["post-630","post","type-post","status-publish","format-standard","has-post-thumbnail","hentry","category-activitati"],"_links":{"self":[{"href":"https:\/\/asociatia-macedonenilor.ro\/index.php\/wp-json\/wp\/v2\/posts\/630","targetHints":{"allow":["GET"]}}],"collection":[{"href":"https:\/\/asociatia-macedonenilor.ro\/index.php\/wp-json\/wp\/v2\/posts"}],"about":[{"href":"https:\/\/asociatia-macedonenilor.ro\/index.php\/wp-json\/wp\/v2\/types\/post"}],"author":[{"embeddable":true,"href":"https:\/\/asociatia-macedonenilor.ro\/index.php\/wp-json\/wp\/v2\/users\/1"}],"replies":[{"embeddable":true,"href":"https:\/\/asociatia-macedonenilor.ro\/index.php\/wp-json\/wp\/v2\/comments?post=630"}],"version-history":[{"count":2,"href":"https:\/\/asociatia-macedonenilor.ro\/index.php\/wp-json\/wp\/v2\/posts\/630\/revisions"}],"predecessor-version":[{"id":1763,"href":"https:\/\/asociatia-macedonenilor.ro\/index.php\/wp-json\/wp\/v2\/posts\/630\/revisions\/1763"}],"wp:featuredmedia":[{"embeddable":true,"href":"https:\/\/asociatia-macedonenilor.ro\/index.php\/wp-json\/wp\/v2\/media\/631"}],"wp:attachment":[{"href":"https:\/\/asociatia-macedonenilor.ro\/index.php\/wp-json\/wp\/v2\/media?parent=630"}],"wp:term":[{"taxonomy":"category","embeddable":true,"href":"https:\/\/asociatia-macedonenilor.ro\/index.php\/wp-json\/wp\/v2\/categories?post=630"},{"taxonomy":"post_tag","embeddable":true,"href":"https:\/\/asociatia-macedonenilor.ro\/index.php\/wp-json\/wp\/v2\/tags?post=630"}],"curies":[{"name":"wp","href":"https:\/\/api.w.org\/{rel}","templated":true}]}}