{"id":623,"date":"2018-07-15T09:47:26","date_gmt":"2018-07-15T09:47:26","guid":{"rendered":"http:\/\/asociatia-macedonenilor.ro\/?p=623"},"modified":"2020-06-02T21:47:38","modified_gmt":"2020-06-02T21:47:38","slug":"comunicat-de-presa","status":"publish","type":"post","link":"https:\/\/asociatia-macedonenilor.ro\/index.php\/2018\/07\/15\/comunicat-de-presa\/","title":{"rendered":"COMUNICAT DE PRES\u0102"},"content":{"rendered":"<p>Asocia\u021bia Macedonenilor din Rom\u00e2nia, asocia\u021bie reprezentativ\u0103 a etniei macedonene din Rom\u00e2nia, membr\u0103 a CMN, urmare a Adresei nr. 5139\/13.12.2017 \u2013 comunicat de pres\u0103, prin care s-a f\u0103cut referire la retragerea sprijinului acordat doamnei deputat Mariana Venera Popescu, aduce la cuno\u0219tin\u021b\u0103 public\u0103 faptul c\u0103 doamna deputat Mariana Venera Popescu a beneficiat constant \u0219i beneficiaz\u0103 \u00een continuare de \u00eentregul sprijin al Asocia\u021biei. Doamna Popescu Mariana-Venera a candidat la alegerile parlamentare din decembrie 2016 \u00een calitate de reprezentant al Asocia\u021biei Macedonenilor din Rom\u00e2nia \u0219i a fost aleas\u0103 deputat \u00een aceast\u0103 calitate.<\/p>\n<p>Doamna Popescu Mariana-Venera a sprijinit \u00een mod constant Asocia\u021bia Macedonenilor din Rom\u00e2nia, a participat la ac\u021biunile derulate de asocia\u021bie, a promovat activ identitatea \u0219i cultura comunit\u0103\u021bii macedonene, a \u00eencurajat multiculturalismul \u0219i cooperarea cu persoanele de na\u021bionalitate rom\u00e2n\u0103 \u0219i cu persoanele apar\u021bin\u00e2nd celorlalte minorit\u0103\u021bi na\u021bionale, iar \u00een calitate de deputat a ini\u021biat multe proiecte \u0219i a relansat activitatea specific\u0103 a asocia\u021biei, cu rezultate spectaculoase.<\/p>\n<p>Retragerea sprijinului nu se poate realiza printr-un comunicat de pres\u0103, ci numai printr-o decizie adoptat\u0103 \u00een conformitate cu normele legale \u0219i statutare, iar Asocia\u021bia Macedonenilor din Rom\u00e2nia nu a emis \u0219i nu a aplicat nici o decizie statutar\u0103, prin care s\u0103 retrag\u0103 \u00eencrederea \u0219i sus\u021binerea acordate doamnei Popescu Mariana-Venera, neav\u00e2nd, de altfel, niciun temei legal sau faptic, \u00een acest sens.<\/p>\n<p>\u00cen consecin\u021b\u0103, doamna Popescu Mariana-Venera s-a bucurat f\u0103r\u0103 \u00eentrerupere, de la \u00eenscrierea \u00een asocia\u021bie \u0219i p\u00e2n\u0103 \u00een prezent, de \u00eentregul sprijin \u0219i \u00eentreaga sus\u021binere a Asocia\u021biei Macedonenilor din Rom\u00e2nia, orice acte \u0219i comunic\u0103ri publice contrare fiind considerate neavenite.<\/p>\n<p>Prezentul comunicat de pres\u0103 va fi transmis institu\u021biilor na\u021bionale \u0219i interna\u021bionale abilitate, asocia\u021biilor membre ale CMN \u0219i va fi adus la cuno\u0219tin\u021b\u0103 membrilor \u0219i opiniei publice, prin intermediul mass-media \u0219i prin publicarea pe pagina oficial\u0103 de internet a asocia\u021biei.<\/p>\n<p>&nbsp;<\/p>\n<p>Pre\u0219edinte,<\/p>\n<p>Rogobete-Cristescu Laura-Elen<\/p>\n","protected":false},"excerpt":{"rendered":"<p>Asocia\u021bia Macedonenilor din Rom\u00e2nia, asocia\u021bie reprezentativ\u0103 a etniei macedonene din Rom\u00e2nia, membr\u0103 a CMN, urmare a Adresei nr. 5139\/13.12.2017 \u2013 comunicat de pres\u0103, prin care s-a f\u0103cut referire la retragerea sprijinului acordat doamnei deputat Mariana Venera Popescu, aduce la cuno\u0219tin\u021b\u0103 public\u0103 faptul c\u0103 doamna deputat Mariana Venera Popescu a beneficiat constant \u0219i beneficiaz\u0103 \u00een continuare [&hellip;]<\/p>\n","protected":false},"author":1,"featured_media":629,"comment_status":"open","ping_status":"open","sticky":false,"template":"","format":"standard","meta":{"_et_pb_use_builder":"","_et_pb_old_content":"","_et_gb_content_width":"","footnotes":""},"categories":[45,35],"tags":[],"class_list":["post-623","post","type-post","status-publish","format-standard","has-post-thumbnail","hentry","category-anunturi","category-arhiva"],"_links":{"self":[{"href":"https:\/\/asociatia-macedonenilor.ro\/index.php\/wp-json\/wp\/v2\/posts\/623","targetHints":{"allow":["GET"]}}],"collection":[{"href":"https:\/\/asociatia-macedonenilor.ro\/index.php\/wp-json\/wp\/v2\/posts"}],"about":[{"href":"https:\/\/asociatia-macedonenilor.ro\/index.php\/wp-json\/wp\/v2\/types\/post"}],"author":[{"embeddable":true,"href":"https:\/\/asociatia-macedonenilor.ro\/index.php\/wp-json\/wp\/v2\/users\/1"}],"replies":[{"embeddable":true,"href":"https:\/\/asociatia-macedonenilor.ro\/index.php\/wp-json\/wp\/v2\/comments?post=623"}],"version-history":[{"count":1,"href":"https:\/\/asociatia-macedonenilor.ro\/index.php\/wp-json\/wp\/v2\/posts\/623\/revisions"}],"predecessor-version":[{"id":625,"href":"https:\/\/asociatia-macedonenilor.ro\/index.php\/wp-json\/wp\/v2\/posts\/623\/revisions\/625"}],"wp:featuredmedia":[{"embeddable":true,"href":"https:\/\/asociatia-macedonenilor.ro\/index.php\/wp-json\/wp\/v2\/media\/629"}],"wp:attachment":[{"href":"https:\/\/asociatia-macedonenilor.ro\/index.php\/wp-json\/wp\/v2\/media?parent=623"}],"wp:term":[{"taxonomy":"category","embeddable":true,"href":"https:\/\/asociatia-macedonenilor.ro\/index.php\/wp-json\/wp\/v2\/categories?post=623"},{"taxonomy":"post_tag","embeddable":true,"href":"https:\/\/asociatia-macedonenilor.ro\/index.php\/wp-json\/wp\/v2\/tags?post=623"}],"curies":[{"name":"wp","href":"https:\/\/api.w.org\/{rel}","templated":true}]}}