{"id":420,"date":"2018-11-27T19:04:35","date_gmt":"2018-11-27T19:04:35","guid":{"rendered":"http:\/\/asociatia-macedonenilor.ro\/?p=420"},"modified":"2019-11-29T09:58:23","modified_gmt":"2019-11-29T09:58:23","slug":"festivalul-national-sarbatoarea-zaibarului-si-a-prazului","status":"publish","type":"post","link":"https:\/\/asociatia-macedonenilor.ro\/index.php\/2018\/11\/27\/festivalul-national-sarbatoarea-zaibarului-si-a-prazului\/","title":{"rendered":"Festivalul Na\u021bional S\u0103rb\u0103toarea Zaib\u0103rului \u0219i a Prazului"},"content":{"rendered":"<p style=\"text-align: center;\">Asocia\u021bia Macedonenilor din Rom\u00e2nia la Festivalul Na\u021bional S\u0103rb\u0103toarea Zaib\u0103rului \u0219i a Prazului &#8211; B\u0103ile\u0219ti.<br \/>\nProduse tradi\u021bionale macedonene pentru to\u021bi pofticio\u0219ii!<\/p>\n<div class=\"et_pb_slider et_pb_slider_fullwidth_off et_pb_gallery_post_type\">\n\t\t\t\t<div class=\"et_pb_slides\">\n\t\t\t\t\t<div class=\"et_pb_slide\" style=\"background: url(https:\/\/asociatia-macedonenilor.ro\/wp-content\/uploads\/2018\/11\/44519416_1854983434614263_730959826976243712_o.jpg);\"><\/div><div class=\"et_pb_slide\" style=\"background: url(https:\/\/asociatia-macedonenilor.ro\/wp-content\/uploads\/2018\/11\/44515371_1854983564614250_4072885132808159232_o.jpg);\"><\/div><div class=\"et_pb_slide\" style=\"background: url(https:\/\/asociatia-macedonenilor.ro\/wp-content\/uploads\/2018\/11\/44515361_1854984154614191_8847088178230722560_o.jpg);\"><\/div><div class=\"et_pb_slide\" style=\"background: url(https:\/\/asociatia-macedonenilor.ro\/wp-content\/uploads\/2018\/11\/44484112_1854984201280853_7974826809139134464_o.jpg);\"><\/div><div class=\"et_pb_slide\" style=\"background: url(https:\/\/asociatia-macedonenilor.ro\/wp-content\/uploads\/2018\/11\/44468149_1854983754614231_8124097856345735168_o.jpg);\"><\/div><div class=\"et_pb_slide\" style=\"background: url(https:\/\/asociatia-macedonenilor.ro\/wp-content\/uploads\/2018\/11\/44444438_1854984011280872_2801523269289639936_o.jpg);\"><\/div><div class=\"et_pb_slide\" style=\"background: url(https:\/\/asociatia-macedonenilor.ro\/wp-content\/uploads\/2018\/11\/44424301_1854983597947580_7835149520575922176_o.jpg);\"><\/div><div class=\"et_pb_slide\" style=\"background: url(https:\/\/asociatia-macedonenilor.ro\/wp-content\/uploads\/2018\/11\/44401476_1854984397947500_2003001493623406592_o.jpg);\"><\/div>\n\t\t\t\t<\/div>\n\t\t\t<\/div>\n<p><img loading=\"lazy\" decoding=\"async\" class=\"alignnone size-full wp-image-421\" src=\"https:\/\/asociatia-macedonenilor.ro\/wp-content\/uploads\/2018\/11\/44401476_1854984397947500_2003001493623406592_o.jpg\" alt=\"\" width=\"1824\" height=\"1368\" srcset=\"https:\/\/asociatia-macedonenilor.ro\/wp-content\/uploads\/2018\/11\/44401476_1854984397947500_2003001493623406592_o.jpg 1824w, https:\/\/asociatia-macedonenilor.ro\/wp-content\/uploads\/2018\/11\/44401476_1854984397947500_2003001493623406592_o-300x225.jpg 300w, https:\/\/asociatia-macedonenilor.ro\/wp-content\/uploads\/2018\/11\/44401476_1854984397947500_2003001493623406592_o-768x576.jpg 768w, https:\/\/asociatia-macedonenilor.ro\/wp-content\/uploads\/2018\/11\/44401476_1854984397947500_2003001493623406592_o-1024x768.jpg 1024w, https:\/\/asociatia-macedonenilor.ro\/wp-content\/uploads\/2018\/11\/44401476_1854984397947500_2003001493623406592_o-510x382.jpg 510w, https:\/\/asociatia-macedonenilor.ro\/wp-content\/uploads\/2018\/11\/44401476_1854984397947500_2003001493623406592_o-1080x810.jpg 1080w\" sizes=\"(max-width: 1824px) 100vw, 1824px\" \/> <img loading=\"lazy\" decoding=\"async\" class=\"alignnone size-full wp-image-422\" src=\"https:\/\/asociatia-macedonenilor.ro\/wp-content\/uploads\/2018\/11\/44424301_1854983597947580_7835149520575922176_o.jpg\" alt=\"\" width=\"1824\" height=\"1368\" srcset=\"https:\/\/asociatia-macedonenilor.ro\/wp-content\/uploads\/2018\/11\/44424301_1854983597947580_7835149520575922176_o.jpg 1824w, https:\/\/asociatia-macedonenilor.ro\/wp-content\/uploads\/2018\/11\/44424301_1854983597947580_7835149520575922176_o-300x225.jpg 300w, https:\/\/asociatia-macedonenilor.ro\/wp-content\/uploads\/2018\/11\/44424301_1854983597947580_7835149520575922176_o-768x576.jpg 768w, https:\/\/asociatia-macedonenilor.ro\/wp-content\/uploads\/2018\/11\/44424301_1854983597947580_7835149520575922176_o-1024x768.jpg 1024w, https:\/\/asociatia-macedonenilor.ro\/wp-content\/uploads\/2018\/11\/44424301_1854983597947580_7835149520575922176_o-510x382.jpg 510w, https:\/\/asociatia-macedonenilor.ro\/wp-content\/uploads\/2018\/11\/44424301_1854983597947580_7835149520575922176_o-1080x810.jpg 1080w\" sizes=\"(max-width: 1824px) 100vw, 1824px\" \/> <img loading=\"lazy\" decoding=\"async\" class=\"alignnone size-full wp-image-424\" src=\"https:\/\/asociatia-macedonenilor.ro\/wp-content\/uploads\/2018\/11\/44468149_1854983754614231_8124097856345735168_o.jpg\" alt=\"\" width=\"1824\" height=\"1368\" srcset=\"https:\/\/asociatia-macedonenilor.ro\/wp-content\/uploads\/2018\/11\/44468149_1854983754614231_8124097856345735168_o.jpg 1824w, https:\/\/asociatia-macedonenilor.ro\/wp-content\/uploads\/2018\/11\/44468149_1854983754614231_8124097856345735168_o-300x225.jpg 300w, https:\/\/asociatia-macedonenilor.ro\/wp-content\/uploads\/2018\/11\/44468149_1854983754614231_8124097856345735168_o-768x576.jpg 768w, https:\/\/asociatia-macedonenilor.ro\/wp-content\/uploads\/2018\/11\/44468149_1854983754614231_8124097856345735168_o-1024x768.jpg 1024w, https:\/\/asociatia-macedonenilor.ro\/wp-content\/uploads\/2018\/11\/44468149_1854983754614231_8124097856345735168_o-510x382.jpg 510w, https:\/\/asociatia-macedonenilor.ro\/wp-content\/uploads\/2018\/11\/44468149_1854983754614231_8124097856345735168_o-1080x810.jpg 1080w\" sizes=\"(max-width: 1824px) 100vw, 1824px\" \/> <img loading=\"lazy\" decoding=\"async\" class=\"alignnone size-full wp-image-425\" src=\"https:\/\/asociatia-macedonenilor.ro\/wp-content\/uploads\/2018\/11\/44484112_1854984201280853_7974826809139134464_o.jpg\" alt=\"\" width=\"1824\" height=\"1368\" srcset=\"https:\/\/asociatia-macedonenilor.ro\/wp-content\/uploads\/2018\/11\/44484112_1854984201280853_7974826809139134464_o.jpg 1824w, https:\/\/asociatia-macedonenilor.ro\/wp-content\/uploads\/2018\/11\/44484112_1854984201280853_7974826809139134464_o-300x225.jpg 300w, https:\/\/asociatia-macedonenilor.ro\/wp-content\/uploads\/2018\/11\/44484112_1854984201280853_7974826809139134464_o-768x576.jpg 768w, https:\/\/asociatia-macedonenilor.ro\/wp-content\/uploads\/2018\/11\/44484112_1854984201280853_7974826809139134464_o-1024x768.jpg 1024w, https:\/\/asociatia-macedonenilor.ro\/wp-content\/uploads\/2018\/11\/44484112_1854984201280853_7974826809139134464_o-510x382.jpg 510w, https:\/\/asociatia-macedonenilor.ro\/wp-content\/uploads\/2018\/11\/44484112_1854984201280853_7974826809139134464_o-1080x810.jpg 1080w\" sizes=\"(max-width: 1824px) 100vw, 1824px\" \/> <img loading=\"lazy\" decoding=\"async\" class=\"alignnone size-full wp-image-426\" src=\"https:\/\/asociatia-macedonenilor.ro\/wp-content\/uploads\/2018\/11\/44515361_1854984154614191_8847088178230722560_o.jpg\" alt=\"\" width=\"1824\" height=\"1368\" srcset=\"https:\/\/asociatia-macedonenilor.ro\/wp-content\/uploads\/2018\/11\/44515361_1854984154614191_8847088178230722560_o.jpg 1824w, https:\/\/asociatia-macedonenilor.ro\/wp-content\/uploads\/2018\/11\/44515361_1854984154614191_8847088178230722560_o-300x225.jpg 300w, https:\/\/asociatia-macedonenilor.ro\/wp-content\/uploads\/2018\/11\/44515361_1854984154614191_8847088178230722560_o-768x576.jpg 768w, https:\/\/asociatia-macedonenilor.ro\/wp-content\/uploads\/2018\/11\/44515361_1854984154614191_8847088178230722560_o-1024x768.jpg 1024w, https:\/\/asociatia-macedonenilor.ro\/wp-content\/uploads\/2018\/11\/44515361_1854984154614191_8847088178230722560_o-510x382.jpg 510w, https:\/\/asociatia-macedonenilor.ro\/wp-content\/uploads\/2018\/11\/44515361_1854984154614191_8847088178230722560_o-1080x810.jpg 1080w\" sizes=\"(max-width: 1824px) 100vw, 1824px\" \/> <img loading=\"lazy\" decoding=\"async\" class=\"alignnone size-full wp-image-427\" src=\"https:\/\/asociatia-macedonenilor.ro\/wp-content\/uploads\/2018\/11\/44515371_1854983564614250_4072885132808159232_o.jpg\" alt=\"\" width=\"1824\" height=\"1368\" srcset=\"https:\/\/asociatia-macedonenilor.ro\/wp-content\/uploads\/2018\/11\/44515371_1854983564614250_4072885132808159232_o.jpg 1824w, https:\/\/asociatia-macedonenilor.ro\/wp-content\/uploads\/2018\/11\/44515371_1854983564614250_4072885132808159232_o-300x225.jpg 300w, https:\/\/asociatia-macedonenilor.ro\/wp-content\/uploads\/2018\/11\/44515371_1854983564614250_4072885132808159232_o-768x576.jpg 768w, https:\/\/asociatia-macedonenilor.ro\/wp-content\/uploads\/2018\/11\/44515371_1854983564614250_4072885132808159232_o-1024x768.jpg 1024w, https:\/\/asociatia-macedonenilor.ro\/wp-content\/uploads\/2018\/11\/44515371_1854983564614250_4072885132808159232_o-510x382.jpg 510w, https:\/\/asociatia-macedonenilor.ro\/wp-content\/uploads\/2018\/11\/44515371_1854983564614250_4072885132808159232_o-1080x810.jpg 1080w\" sizes=\"(max-width: 1824px) 100vw, 1824px\" \/> <img loading=\"lazy\" decoding=\"async\" class=\"alignnone size-full wp-image-428\" src=\"https:\/\/asociatia-macedonenilor.ro\/wp-content\/uploads\/2018\/11\/44519416_1854983434614263_730959826976243712_o.jpg\" alt=\"\" width=\"1824\" height=\"1368\" srcset=\"https:\/\/asociatia-macedonenilor.ro\/wp-content\/uploads\/2018\/11\/44519416_1854983434614263_730959826976243712_o.jpg 1824w, https:\/\/asociatia-macedonenilor.ro\/wp-content\/uploads\/2018\/11\/44519416_1854983434614263_730959826976243712_o-300x225.jpg 300w, https:\/\/asociatia-macedonenilor.ro\/wp-content\/uploads\/2018\/11\/44519416_1854983434614263_730959826976243712_o-768x576.jpg 768w, https:\/\/asociatia-macedonenilor.ro\/wp-content\/uploads\/2018\/11\/44519416_1854983434614263_730959826976243712_o-1024x768.jpg 1024w, https:\/\/asociatia-macedonenilor.ro\/wp-content\/uploads\/2018\/11\/44519416_1854983434614263_730959826976243712_o-510x382.jpg 510w, https:\/\/asociatia-macedonenilor.ro\/wp-content\/uploads\/2018\/11\/44519416_1854983434614263_730959826976243712_o-1080x810.jpg 1080w\" sizes=\"(max-width: 1824px) 100vw, 1824px\" \/><\/p>\n","protected":false},"excerpt":{"rendered":"<p>Asocia\u021bia Macedonenilor din Rom\u00e2nia la Festivalul Na\u021bional S\u0103rb\u0103toarea Zaib\u0103rului \u0219i a Prazului &#8211; B\u0103ile\u0219ti. Produse tradi\u021bionale macedonene pentru to\u021bi pofticio\u0219ii!<\/p>\n","protected":false},"author":1,"featured_media":425,"comment_status":"open","ping_status":"open","sticky":false,"template":"","format":"standard","meta":{"_et_pb_use_builder":"","_et_pb_old_content":"","_et_gb_content_width":"","footnotes":""},"categories":[1],"tags":[15],"class_list":["post-420","post","type-post","status-publish","format-standard","has-post-thumbnail","hentry","category-activitati","tag-festivalul-national-sarbatoarea-zaibarului-si-a-prazului"],"_links":{"self":[{"href":"https:\/\/asociatia-macedonenilor.ro\/index.php\/wp-json\/wp\/v2\/posts\/420","targetHints":{"allow":["GET"]}}],"collection":[{"href":"https:\/\/asociatia-macedonenilor.ro\/index.php\/wp-json\/wp\/v2\/posts"}],"about":[{"href":"https:\/\/asociatia-macedonenilor.ro\/index.php\/wp-json\/wp\/v2\/types\/post"}],"author":[{"embeddable":true,"href":"https:\/\/asociatia-macedonenilor.ro\/index.php\/wp-json\/wp\/v2\/users\/1"}],"replies":[{"embeddable":true,"href":"https:\/\/asociatia-macedonenilor.ro\/index.php\/wp-json\/wp\/v2\/comments?post=420"}],"version-history":[{"count":3,"href":"https:\/\/asociatia-macedonenilor.ro\/index.php\/wp-json\/wp\/v2\/posts\/420\/revisions"}],"predecessor-version":[{"id":1729,"href":"https:\/\/asociatia-macedonenilor.ro\/index.php\/wp-json\/wp\/v2\/posts\/420\/revisions\/1729"}],"wp:featuredmedia":[{"embeddable":true,"href":"https:\/\/asociatia-macedonenilor.ro\/index.php\/wp-json\/wp\/v2\/media\/425"}],"wp:attachment":[{"href":"https:\/\/asociatia-macedonenilor.ro\/index.php\/wp-json\/wp\/v2\/media?parent=420"}],"wp:term":[{"taxonomy":"category","embeddable":true,"href":"https:\/\/asociatia-macedonenilor.ro\/index.php\/wp-json\/wp\/v2\/categories?post=420"},{"taxonomy":"post_tag","embeddable":true,"href":"https:\/\/asociatia-macedonenilor.ro\/index.php\/wp-json\/wp\/v2\/tags?post=420"}],"curies":[{"name":"wp","href":"https:\/\/api.w.org\/{rel}","templated":true}]}}