{"id":4197,"date":"2025-09-09T11:00:27","date_gmt":"2025-09-09T09:00:27","guid":{"rendered":"https:\/\/asociatia-macedonenilor.ro\/?p=4197"},"modified":"2025-12-01T11:01:17","modified_gmt":"2025-12-01T09:01:17","slug":"ziua-macedoniei-8-septembrie-sarbatorita-la-craiova","status":"publish","type":"post","link":"https:\/\/asociatia-macedonenilor.ro\/index.php\/2025\/09\/09\/ziua-macedoniei-8-septembrie-sarbatorita-la-craiova\/","title":{"rendered":"Ziua Macedoniei \u2013 8 Septembrie, s\u0103rb\u0103torit\u0103 la Craiova"},"content":{"rendered":"\n<p>Filiala AMR Craiova a marcat cu bucurie \u0219i emo\u021bie Ziua Na\u021bional\u0103 a Republicii Macedonia de Nord, al\u0103turi de membrii comunit\u0103\u021bii, domnul deputat Ionel Stancu \u0219i domnul subprefect de Dolj Marian Popa.<\/p>\n\n\n\n<figure class=\"wp-block-gallery has-nested-images columns-default is-cropped wp-block-gallery-1 is-layout-flex wp-block-gallery-is-layout-flex\">\n<figure class=\"wp-block-image size-large\"><img loading=\"lazy\" decoding=\"async\" width=\"1024\" height=\"683\" data-id=\"4198\" src=\"https:\/\/asociatia-macedonenilor.ro\/wp-content\/uploads\/2025\/12\/544490806_791339236744869_8884131622905073820_n-1024x683.jpg\" alt=\"\" class=\"wp-image-4198\" srcset=\"https:\/\/asociatia-macedonenilor.ro\/wp-content\/uploads\/2025\/12\/544490806_791339236744869_8884131622905073820_n-980x653.jpg 980w, https:\/\/asociatia-macedonenilor.ro\/wp-content\/uploads\/2025\/12\/544490806_791339236744869_8884131622905073820_n-480x320.jpg 480w\" sizes=\"(min-width: 0px) and (max-width: 480px) 480px, (min-width: 481px) and (max-width: 980px) 980px, (min-width: 981px) 1024px, 100vw\" \/><\/figure>\n\n\n\n<figure class=\"wp-block-image size-large\"><img loading=\"lazy\" decoding=\"async\" width=\"1024\" height=\"683\" data-id=\"4199\" src=\"https:\/\/asociatia-macedonenilor.ro\/wp-content\/uploads\/2025\/12\/545601474_791339250078201_6372485720144893210_n-1024x683.jpg\" alt=\"\" class=\"wp-image-4199\" srcset=\"https:\/\/asociatia-macedonenilor.ro\/wp-content\/uploads\/2025\/12\/545601474_791339250078201_6372485720144893210_n-980x653.jpg 980w, https:\/\/asociatia-macedonenilor.ro\/wp-content\/uploads\/2025\/12\/545601474_791339250078201_6372485720144893210_n-480x320.jpg 480w\" sizes=\"(min-width: 0px) and (max-width: 480px) 480px, (min-width: 481px) and (max-width: 980px) 980px, (min-width: 981px) 1024px, 100vw\" \/><\/figure>\n<\/figure>\n\n\n\n<p>Atmosfera a fost \u00eembog\u0103\u021bit\u0103 de muzica tradi\u021bional\u0103 macedonean\u0103 interpretat\u0103 de Georgiana Stancu, iar profesoara Elena Saul-Nikolova le-a vorbit celor prezen\u021bi despre imnul Macedoniei de Nord, dar \u0219i despre costumul tradi\u021bional macedonean.<\/p>\n\n\n\n<p>Emo\u021bia serii a fost completat\u0103 de recitalul poetei \u0219i profesoarei Angi Melania Cristea, care a recitat poezia \u201eDor de Macedonia\u201d.<\/p>\n\n\n\n<figure class=\"wp-block-gallery has-nested-images columns-default is-cropped wp-block-gallery-2 is-layout-flex wp-block-gallery-is-layout-flex\">\n<figure class=\"wp-block-image size-large\"><img loading=\"lazy\" decoding=\"async\" width=\"1024\" height=\"683\" data-id=\"4203\" src=\"https:\/\/asociatia-macedonenilor.ro\/wp-content\/uploads\/2025\/12\/545135884_791339120078214_4923943594938442048_n-1024x683.jpg\" alt=\"\" class=\"wp-image-4203\" srcset=\"https:\/\/asociatia-macedonenilor.ro\/wp-content\/uploads\/2025\/12\/545135884_791339120078214_4923943594938442048_n-980x653.jpg 980w, https:\/\/asociatia-macedonenilor.ro\/wp-content\/uploads\/2025\/12\/545135884_791339120078214_4923943594938442048_n-480x320.jpg 480w\" sizes=\"(min-width: 0px) and (max-width: 480px) 480px, (min-width: 481px) and (max-width: 980px) 980px, (min-width: 981px) 1024px, 100vw\" \/><\/figure>\n\n\n\n<figure class=\"wp-block-image size-large\"><img loading=\"lazy\" decoding=\"async\" width=\"1024\" height=\"683\" data-id=\"4202\" src=\"https:\/\/asociatia-macedonenilor.ro\/wp-content\/uploads\/2025\/12\/545249223_791339103411549_3750960088476046495_n-1024x683.jpg\" alt=\"\" class=\"wp-image-4202\" srcset=\"https:\/\/asociatia-macedonenilor.ro\/wp-content\/uploads\/2025\/12\/545249223_791339103411549_3750960088476046495_n-980x653.jpg 980w, https:\/\/asociatia-macedonenilor.ro\/wp-content\/uploads\/2025\/12\/545249223_791339103411549_3750960088476046495_n-480x320.jpg 480w\" sizes=\"(min-width: 0px) and (max-width: 480px) 480px, (min-width: 481px) and (max-width: 980px) 980px, (min-width: 981px) 1024px, 100vw\" \/><\/figure>\n\n\n\n<figure class=\"wp-block-image size-large\"><img loading=\"lazy\" decoding=\"async\" width=\"1024\" height=\"683\" data-id=\"4201\" src=\"https:\/\/asociatia-macedonenilor.ro\/wp-content\/uploads\/2025\/12\/545749473_791339193411540_5169117455317618501_n-1024x683.jpg\" alt=\"\" class=\"wp-image-4201\" srcset=\"https:\/\/asociatia-macedonenilor.ro\/wp-content\/uploads\/2025\/12\/545749473_791339193411540_5169117455317618501_n-980x653.jpg 980w, https:\/\/asociatia-macedonenilor.ro\/wp-content\/uploads\/2025\/12\/545749473_791339193411540_5169117455317618501_n-480x320.jpg 480w\" sizes=\"(min-width: 0px) and (max-width: 480px) 480px, (min-width: 481px) and (max-width: 980px) 980px, (min-width: 981px) 1024px, 100vw\" \/><\/figure>\n\n\n\n<figure class=\"wp-block-image size-large\"><img loading=\"lazy\" decoding=\"async\" width=\"1024\" height=\"683\" data-id=\"4200\" src=\"https:\/\/asociatia-macedonenilor.ro\/wp-content\/uploads\/2025\/12\/546195786_791339073411552_1326057694389960947_n-1024x683.jpg\" alt=\"\" class=\"wp-image-4200\" srcset=\"https:\/\/asociatia-macedonenilor.ro\/wp-content\/uploads\/2025\/12\/546195786_791339073411552_1326057694389960947_n-980x653.jpg 980w, https:\/\/asociatia-macedonenilor.ro\/wp-content\/uploads\/2025\/12\/546195786_791339073411552_1326057694389960947_n-480x320.jpg 480w\" sizes=\"(min-width: 0px) and (max-width: 480px) 480px, (min-width: 481px) and (max-width: 980px) 980px, (min-width: 981px) 1024px, 100vw\" \/><\/figure>\n\n\n\n<figure class=\"wp-block-image size-large\"><img loading=\"lazy\" decoding=\"async\" width=\"1024\" height=\"683\" data-id=\"4204\" src=\"https:\/\/asociatia-macedonenilor.ro\/wp-content\/uploads\/2025\/12\/546265587_791339090078217_7978206128828290172_n-1024x683.jpg\" alt=\"\" class=\"wp-image-4204\" srcset=\"https:\/\/asociatia-macedonenilor.ro\/wp-content\/uploads\/2025\/12\/546265587_791339090078217_7978206128828290172_n-980x653.jpg 980w, https:\/\/asociatia-macedonenilor.ro\/wp-content\/uploads\/2025\/12\/546265587_791339090078217_7978206128828290172_n-480x320.jpg 480w\" sizes=\"(min-width: 0px) and (max-width: 480px) 480px, (min-width: 481px) and (max-width: 980px) 980px, (min-width: 981px) 1024px, 100vw\" \/><\/figure>\n<\/figure>\n\n\n\n<p>Deputatul Ionel Stancu a transmis un mesaj de unitate \u0219i m\u00e2ndrie:<\/p>\n\n\n\n<p>\u201eSunt fericit s\u0103 ne revedem \u0219i \u0219tiu c\u0103 \u00ceMPREUN\u0102 am reu\u0219it s\u0103 cl\u0103dim o comunitate puternic\u0103 \u0219i frumoas\u0103. Ziua Na\u021bional\u0103 a Republicii Macedonia de Nord este un moment cu o puternic\u0103 semnifica\u021bie identitar\u0103 pentru \u00eentreaga comunitate macedonean\u0103. Se \u00eemplinesc 34 de ani de la referendumul din 1991, c\u00e2nd majoritatea cov\u00e2r\u0219itoare a cet\u0103\u021benilor macedoneni \u0219i-a exprimat dorin\u021ba pentru independen\u021b\u0103, marc\u00e2nd astfel \u00eenceputul unui parcurs democratic \u0219i suveran. Cu acest prilej, v\u0103 doresc din suflet mult\u0103 s\u0103n\u0103tate \u0219i \u00eempliniri pe toate planurile! La mul\u021bi ani, Macedonia! La mul\u021bi ani, macedoneni!\u201d<\/p>\n","protected":false},"excerpt":{"rendered":"<p>Filiala AMR Craiova a marcat cu bucurie \u0219i emo\u021bie Ziua Na\u021bional\u0103 a Republicii Macedonia de Nord, al\u0103turi de membrii comunit\u0103\u021bii, domnul deputat Ionel Stancu \u0219i domnul subprefect de Dolj Marian Popa. Atmosfera a fost \u00eembog\u0103\u021bit\u0103 de muzica tradi\u021bional\u0103 macedonean\u0103 interpretat\u0103 de Georgiana Stancu, iar profesoara Elena Saul-Nikolova le-a vorbit celor prezen\u021bi despre imnul Macedoniei de [&hellip;]<\/p>\n","protected":false},"author":1,"featured_media":0,"comment_status":"open","ping_status":"open","sticky":false,"template":"","format":"standard","meta":{"_et_pb_use_builder":"off","_et_pb_old_content":"","_et_gb_content_width":"","footnotes":""},"categories":[1],"tags":[],"class_list":["post-4197","post","type-post","status-publish","format-standard","hentry","category-activitati"],"_links":{"self":[{"href":"https:\/\/asociatia-macedonenilor.ro\/index.php\/wp-json\/wp\/v2\/posts\/4197","targetHints":{"allow":["GET"]}}],"collection":[{"href":"https:\/\/asociatia-macedonenilor.ro\/index.php\/wp-json\/wp\/v2\/posts"}],"about":[{"href":"https:\/\/asociatia-macedonenilor.ro\/index.php\/wp-json\/wp\/v2\/types\/post"}],"author":[{"embeddable":true,"href":"https:\/\/asociatia-macedonenilor.ro\/index.php\/wp-json\/wp\/v2\/users\/1"}],"replies":[{"embeddable":true,"href":"https:\/\/asociatia-macedonenilor.ro\/index.php\/wp-json\/wp\/v2\/comments?post=4197"}],"version-history":[{"count":1,"href":"https:\/\/asociatia-macedonenilor.ro\/index.php\/wp-json\/wp\/v2\/posts\/4197\/revisions"}],"predecessor-version":[{"id":4205,"href":"https:\/\/asociatia-macedonenilor.ro\/index.php\/wp-json\/wp\/v2\/posts\/4197\/revisions\/4205"}],"wp:attachment":[{"href":"https:\/\/asociatia-macedonenilor.ro\/index.php\/wp-json\/wp\/v2\/media?parent=4197"}],"wp:term":[{"taxonomy":"category","embeddable":true,"href":"https:\/\/asociatia-macedonenilor.ro\/index.php\/wp-json\/wp\/v2\/categories?post=4197"},{"taxonomy":"post_tag","embeddable":true,"href":"https:\/\/asociatia-macedonenilor.ro\/index.php\/wp-json\/wp\/v2\/tags?post=4197"}],"curies":[{"name":"wp","href":"https:\/\/api.w.org\/{rel}","templated":true}]}}