{"id":4176,"date":"2025-09-30T15:48:27","date_gmt":"2025-09-30T13:48:27","guid":{"rendered":"https:\/\/asociatia-macedonenilor.ro\/?p=4176"},"modified":"2025-12-24T17:00:01","modified_gmt":"2025-12-24T15:00:01","slug":"lansare-de-carte-la-amr-craiova","status":"publish","type":"post","link":"https:\/\/asociatia-macedonenilor.ro\/index.php\/2025\/09\/30\/lansare-de-carte-la-amr-craiova\/","title":{"rendered":"Lansare de carte, la AMR Craiova"},"content":{"rendered":"\n<p>Mar\u021bi, 30 septembrie, AMR a organizat, \u00een sala \u201eAcad. Dinu C. Giurescu\u201d, lansarea volumului \u201eInterferen\u021be rom\u00e2no-macedonene la confluen\u021be cu istoria. Istorie \u0219i <a><\/a>Legend\u0103. Macedonenii \u00een Rom\u00e2nia\u201d, semnat de prof. dr. Constantin C\u00e2\u0219laru.<\/p>\n\n\n\n<figure class=\"wp-block-image size-large\"><img loading=\"lazy\" decoding=\"async\" width=\"768\" height=\"1024\" src=\"https:\/\/asociatia-macedonenilor.ro\/wp-content\/uploads\/2025\/09\/557004192_809047068307419_8830439137354824490_n-768x1024.jpg\" alt=\"\" class=\"wp-image-4178\"\/><\/figure>\n\n\n\n<p>Evenimentul s-a bucurat de prezen\u021ba domnului subprefect de Dolj \u2013 Marian Popa, a membrilor AMR, dar \u0219i a prietenilor scriitorului.<\/p>\n\n\n\n<p>Despre volum au vorbit doamna Angi Melania Cristea, doamna Gela Enea (Uniunea Scriitorilor din Rom\u00e2nia), domnul Ion Dasc\u0103lu, vicepre\u0219edinte al Uniunii Europene a Scriitorilor, domnul ing. Marcel Tra\u0219c\u0103, domnul Constantin Popescu &#8211; scriitor.<\/p>\n\n\n\n<p>Domnul Marjan Mihajlov, Redactor \u0219ef al Editurii Macedoneanul a AMR, a transmis un mesaj emo\u021bionant:<\/p>\n\n\n\n<p>\u201eCartea domnului C\u00e2\u0219laru este mai mult dec\u00e2t o simpl\u0103 culegere de date \u0219i m\u0103rturii \u2013 ea este o poveste scris\u0103 cu suflet, documentat\u0103 cu rigoare \u0219i a\u0219ezat\u0103 \u00een pagin\u0103 cu respect pentru cititor. \u00cen paginile acestui volum, autorul \u00ee\u0219i recunoa\u0219te deschis originea macedonean\u0103, evoc\u00e2nd cu emo\u021bie r\u0103d\u0103cinile sale \u0219i leg\u0103tura afectiv\u0103 cu acest spa\u021biu istoric \u0219i cultural. Aceast\u0103 m\u0103rturisire nu este doar un element biografic, este o punte de leg\u0103tur\u0103 \u00eentre trecut \u0219i prezent&#8230;\u201d<\/p>\n\n\n\n<figure class=\"wp-block-gallery has-nested-images columns-default is-cropped wp-block-gallery-1 is-layout-flex wp-block-gallery-is-layout-flex\">\n<figure class=\"wp-block-image size-large\"><img loading=\"lazy\" decoding=\"async\" width=\"1024\" height=\"768\" data-id=\"4181\" src=\"https:\/\/asociatia-macedonenilor.ro\/wp-content\/uploads\/2025\/09\/556139867_809046998307426_1897867841230857618_n-1024x768.jpg\" alt=\"\" class=\"wp-image-4181\" srcset=\"https:\/\/asociatia-macedonenilor.ro\/wp-content\/uploads\/2025\/09\/556139867_809046998307426_1897867841230857618_n-980x735.jpg 980w, https:\/\/asociatia-macedonenilor.ro\/wp-content\/uploads\/2025\/09\/556139867_809046998307426_1897867841230857618_n-480x360.jpg 480w\" sizes=\"(min-width: 0px) and (max-width: 480px) 480px, (min-width: 481px) and (max-width: 980px) 980px, (min-width: 981px) 1024px, 100vw\" \/><\/figure>\n\n\n\n<figure class=\"wp-block-image size-large\"><img loading=\"lazy\" decoding=\"async\" width=\"736\" height=\"1000\" data-id=\"4179\" src=\"https:\/\/asociatia-macedonenilor.ro\/wp-content\/uploads\/2025\/09\/557604247_809046991640760_8587197340027707680_n.jpg\" alt=\"\" class=\"wp-image-4179\" srcset=\"https:\/\/asociatia-macedonenilor.ro\/wp-content\/uploads\/2025\/09\/557604247_809046991640760_8587197340027707680_n.jpg 736w, https:\/\/asociatia-macedonenilor.ro\/wp-content\/uploads\/2025\/09\/557604247_809046991640760_8587197340027707680_n-480x652.jpg 480w\" sizes=\"(min-width: 0px) and (max-width: 480px) 480px, (min-width: 481px) 736px, 100vw\" \/><\/figure>\n\n\n\n<figure class=\"wp-block-image size-large\"><img loading=\"lazy\" decoding=\"async\" width=\"1024\" height=\"768\" data-id=\"4180\" src=\"https:\/\/asociatia-macedonenilor.ro\/wp-content\/uploads\/2025\/09\/558485545_809047114974081_876903643044061238_n-1024x768.jpg\" alt=\"\" class=\"wp-image-4180\" srcset=\"https:\/\/asociatia-macedonenilor.ro\/wp-content\/uploads\/2025\/09\/558485545_809047114974081_876903643044061238_n-980x735.jpg 980w, https:\/\/asociatia-macedonenilor.ro\/wp-content\/uploads\/2025\/09\/558485545_809047114974081_876903643044061238_n-480x360.jpg 480w\" sizes=\"(min-width: 0px) and (max-width: 480px) 480px, (min-width: 481px) and (max-width: 980px) 980px, (min-width: 981px) 1024px, 100vw\" \/><\/figure>\n<\/figure>\n\n\n\n<p>Autorul, prof. dr. Constantin C\u00e2\u0219laru, a \u00eemp\u0103rt\u0103\u0219it publicului esen\u021ba lucr\u0103rii sale:<\/p>\n\n\n\n<p>\u201ePrezenta carte este o \u2018carte document\u2019 pentru istoria etniei macedonene din Rom\u00e2nia care, documentat\u0103 \u0219i logic\u0103, prezint\u0103 interferen\u021ba celor dou\u0103 neamuri&#8230; niciodat\u0103 confruntare cu armele, prezint\u0103 existen\u021ba etniei macedonene pe teritoriul istoric al Rom\u00e2niei de azi \u00eenc\u0103 din timpul st\u0103p\u00e2nirii romane \u00een Dacia, precum \u0219i integrarea acesteia printre locuitorii care i-au primit fr\u0103\u021be\u0219te, cu ospitalitate.\u201d<\/p>\n\n\n\n<p>Evenimentul s-a bucurat de un real success fiind o adev\u0103rat\u0103 celebrare a memoriei culturale, istorice \u0219i a leg\u0103turilor de suflet dintre rom\u00e2ni \u0219i macedoneni.<\/p>\n","protected":false},"excerpt":{"rendered":"<p>Mar\u021bi, 30 septembrie, AMR a organizat, \u00een sala \u201eAcad. Dinu C. Giurescu\u201d, lansarea volumului \u201eInterferen\u021be rom\u00e2no-macedonene la confluen\u021be cu istoria. Istorie \u0219i Legend\u0103. Macedonenii \u00een Rom\u00e2nia\u201d, semnat de prof. dr. Constantin C\u00e2\u0219laru. Evenimentul s-a bucurat de prezen\u021ba domnului subprefect de Dolj \u2013 Marian Popa, a membrilor AMR, dar \u0219i a prietenilor scriitorului. Despre volum au [&hellip;]<\/p>\n","protected":false},"author":1,"featured_media":0,"comment_status":"open","ping_status":"open","sticky":false,"template":"","format":"standard","meta":{"_et_pb_use_builder":"off","_et_pb_old_content":"","_et_gb_content_width":"","footnotes":""},"categories":[1],"tags":[],"class_list":["post-4176","post","type-post","status-publish","format-standard","hentry","category-activitati"],"_links":{"self":[{"href":"https:\/\/asociatia-macedonenilor.ro\/index.php\/wp-json\/wp\/v2\/posts\/4176","targetHints":{"allow":["GET"]}}],"collection":[{"href":"https:\/\/asociatia-macedonenilor.ro\/index.php\/wp-json\/wp\/v2\/posts"}],"about":[{"href":"https:\/\/asociatia-macedonenilor.ro\/index.php\/wp-json\/wp\/v2\/types\/post"}],"author":[{"embeddable":true,"href":"https:\/\/asociatia-macedonenilor.ro\/index.php\/wp-json\/wp\/v2\/users\/1"}],"replies":[{"embeddable":true,"href":"https:\/\/asociatia-macedonenilor.ro\/index.php\/wp-json\/wp\/v2\/comments?post=4176"}],"version-history":[{"count":3,"href":"https:\/\/asociatia-macedonenilor.ro\/index.php\/wp-json\/wp\/v2\/posts\/4176\/revisions"}],"predecessor-version":[{"id":4183,"href":"https:\/\/asociatia-macedonenilor.ro\/index.php\/wp-json\/wp\/v2\/posts\/4176\/revisions\/4183"}],"wp:attachment":[{"href":"https:\/\/asociatia-macedonenilor.ro\/index.php\/wp-json\/wp\/v2\/media?parent=4176"}],"wp:term":[{"taxonomy":"category","embeddable":true,"href":"https:\/\/asociatia-macedonenilor.ro\/index.php\/wp-json\/wp\/v2\/categories?post=4176"},{"taxonomy":"post_tag","embeddable":true,"href":"https:\/\/asociatia-macedonenilor.ro\/index.php\/wp-json\/wp\/v2\/tags?post=4176"}],"curies":[{"name":"wp","href":"https:\/\/api.w.org\/{rel}","templated":true}]}}