{"id":4169,"date":"2025-10-19T15:46:25","date_gmt":"2025-10-19T13:46:25","guid":{"rendered":"https:\/\/asociatia-macedonenilor.ro\/?p=4169"},"modified":"2025-11-30T15:47:08","modified_gmt":"2025-11-30T13:47:08","slug":"amr-la-sarbatoarea-zaibarului-si-a-prazului-din-bailesti","status":"publish","type":"post","link":"https:\/\/asociatia-macedonenilor.ro\/index.php\/2025\/10\/19\/amr-la-sarbatoarea-zaibarului-si-a-prazului-din-bailesti\/","title":{"rendered":"AMR, la S\u0103rb\u0103toarea Zaib\u0103rului \u0219i a Prazului din B\u0103ile\u0219ti"},"content":{"rendered":"\n<p>Am r\u0103spuns \u0219i \u00een acest an cu onoare invita\u021biei lansate de Prim\u0103ria Municipiului B\u0103ile\u0219ti, prin Compartimentul Casa de Cultur\u0103 \u201eAmza Pellea\u201d, de a participa la <a><\/a>S\u0103rb\u0103toarea Zaib\u0103rului \u0219i a Prazului, \u00een Pia\u021ba Civic\u0103, un eveniment devenit simbol al identit\u0103\u021bii \u0219i al spiritului autentic al oamenilor locului.<\/p>\n\n\n\n<figure class=\"wp-block-gallery has-nested-images columns-default is-cropped wp-block-gallery-1 is-layout-flex wp-block-gallery-is-layout-flex\">\n<figure class=\"wp-block-image size-large\"><img loading=\"lazy\" decoding=\"async\" width=\"1024\" height=\"768\" data-id=\"4170\" src=\"https:\/\/asociatia-macedonenilor.ro\/wp-content\/uploads\/2025\/11\/564599374_824794843399308_2901564022328365124_n-1024x768.jpg\" alt=\"\" class=\"wp-image-4170\" srcset=\"https:\/\/asociatia-macedonenilor.ro\/wp-content\/uploads\/2025\/11\/564599374_824794843399308_2901564022328365124_n-980x735.jpg 980w, https:\/\/asociatia-macedonenilor.ro\/wp-content\/uploads\/2025\/11\/564599374_824794843399308_2901564022328365124_n-480x360.jpg 480w\" sizes=\"(min-width: 0px) and (max-width: 480px) 480px, (min-width: 481px) and (max-width: 980px) 980px, (min-width: 981px) 1024px, 100vw\" \/><\/figure>\n\n\n\n<figure class=\"wp-block-image size-large\"><img loading=\"lazy\" decoding=\"async\" width=\"576\" height=\"1024\" data-id=\"4172\" src=\"https:\/\/asociatia-macedonenilor.ro\/wp-content\/uploads\/2025\/11\/564602469_824804323398360_7796393913735546297_n-576x1024.jpg\" alt=\"\" class=\"wp-image-4172\" srcset=\"https:\/\/asociatia-macedonenilor.ro\/wp-content\/uploads\/2025\/11\/564602469_824804323398360_7796393913735546297_n-576x1024.jpg 576w, https:\/\/asociatia-macedonenilor.ro\/wp-content\/uploads\/2025\/11\/564602469_824804323398360_7796393913735546297_n-480x853.jpg 480w\" sizes=\"(min-width: 0px) and (max-width: 480px) 480px, (min-width: 481px) 576px, 100vw\" \/><\/figure>\n\n\n\n<figure class=\"wp-block-image size-large\"><img loading=\"lazy\" decoding=\"async\" width=\"576\" height=\"1024\" data-id=\"4171\" src=\"https:\/\/asociatia-macedonenilor.ro\/wp-content\/uploads\/2025\/11\/564607143_824804266731699_6697657577820229353_n-576x1024.jpg\" alt=\"\" class=\"wp-image-4171\" srcset=\"https:\/\/asociatia-macedonenilor.ro\/wp-content\/uploads\/2025\/11\/564607143_824804266731699_6697657577820229353_n-576x1024.jpg 576w, https:\/\/asociatia-macedonenilor.ro\/wp-content\/uploads\/2025\/11\/564607143_824804266731699_6697657577820229353_n-480x853.jpg 480w\" sizes=\"(min-width: 0px) and (max-width: 480px) 480px, (min-width: 481px) 576px, 100vw\" \/><\/figure>\n\n\n\n<figure class=\"wp-block-image size-large\"><img loading=\"lazy\" decoding=\"async\" width=\"768\" height=\"1024\" data-id=\"4173\" src=\"https:\/\/asociatia-macedonenilor.ro\/wp-content\/uploads\/2025\/11\/565170750_824794836732642_2008090384979875591_n-768x1024.jpg\" alt=\"\" class=\"wp-image-4173\"\/><\/figure>\n\n\n\n<figure class=\"wp-block-image size-large\"><img loading=\"lazy\" decoding=\"async\" width=\"1024\" height=\"768\" data-id=\"4174\" src=\"https:\/\/asociatia-macedonenilor.ro\/wp-content\/uploads\/2025\/11\/565254450_824794890065970_2474290463478729780_n-1-1024x768.jpg\" alt=\"\" class=\"wp-image-4174\" srcset=\"https:\/\/asociatia-macedonenilor.ro\/wp-content\/uploads\/2025\/11\/565254450_824794890065970_2474290463478729780_n-1-980x735.jpg 980w, https:\/\/asociatia-macedonenilor.ro\/wp-content\/uploads\/2025\/11\/565254450_824794890065970_2474290463478729780_n-1-480x360.jpg 480w\" sizes=\"(min-width: 0px) and (max-width: 480px) 480px, (min-width: 481px) and (max-width: 980px) 980px, (min-width: 981px) 1024px, 100vw\" \/><\/figure>\n<\/figure>\n\n\n\n<p>De aceast\u0103 dat\u0103, am adus \u00een fa\u021ba vizitatorilor c\u00e2teva preparate gastronomice autentice macedonene: tavce gravce (fasole cu c\u00e2rna\u021bi), m\u00e2ncare de praz cu carne de porc, ajvar, pl\u0103cinte.<\/p>\n\n\n\n<p>Este o bucurie pentru noi s\u0103 ne afl\u0103m al\u0103turi de alte comunit\u0103\u021bi locale \u0219i \u00eempreun\u0103 s\u0103 \u00eembog\u0103\u021bim patrimoniul cultural \u0219i gastronomic oltenesc!<\/p>\n","protected":false},"excerpt":{"rendered":"<p>Am r\u0103spuns \u0219i \u00een acest an cu onoare invita\u021biei lansate de Prim\u0103ria Municipiului B\u0103ile\u0219ti, prin Compartimentul Casa de Cultur\u0103 \u201eAmza Pellea\u201d, de a participa la S\u0103rb\u0103toarea Zaib\u0103rului \u0219i a Prazului, \u00een Pia\u021ba Civic\u0103, un eveniment devenit simbol al identit\u0103\u021bii \u0219i al spiritului autentic al oamenilor locului. De aceast\u0103 dat\u0103, am adus \u00een fa\u021ba vizitatorilor c\u00e2teva [&hellip;]<\/p>\n","protected":false},"author":1,"featured_media":0,"comment_status":"open","ping_status":"open","sticky":false,"template":"","format":"standard","meta":{"_et_pb_use_builder":"off","_et_pb_old_content":"","_et_gb_content_width":"","footnotes":""},"categories":[1],"tags":[],"class_list":["post-4169","post","type-post","status-publish","format-standard","hentry","category-activitati"],"_links":{"self":[{"href":"https:\/\/asociatia-macedonenilor.ro\/index.php\/wp-json\/wp\/v2\/posts\/4169","targetHints":{"allow":["GET"]}}],"collection":[{"href":"https:\/\/asociatia-macedonenilor.ro\/index.php\/wp-json\/wp\/v2\/posts"}],"about":[{"href":"https:\/\/asociatia-macedonenilor.ro\/index.php\/wp-json\/wp\/v2\/types\/post"}],"author":[{"embeddable":true,"href":"https:\/\/asociatia-macedonenilor.ro\/index.php\/wp-json\/wp\/v2\/users\/1"}],"replies":[{"embeddable":true,"href":"https:\/\/asociatia-macedonenilor.ro\/index.php\/wp-json\/wp\/v2\/comments?post=4169"}],"version-history":[{"count":1,"href":"https:\/\/asociatia-macedonenilor.ro\/index.php\/wp-json\/wp\/v2\/posts\/4169\/revisions"}],"predecessor-version":[{"id":4175,"href":"https:\/\/asociatia-macedonenilor.ro\/index.php\/wp-json\/wp\/v2\/posts\/4169\/revisions\/4175"}],"wp:attachment":[{"href":"https:\/\/asociatia-macedonenilor.ro\/index.php\/wp-json\/wp\/v2\/media?parent=4169"}],"wp:term":[{"taxonomy":"category","embeddable":true,"href":"https:\/\/asociatia-macedonenilor.ro\/index.php\/wp-json\/wp\/v2\/categories?post=4169"},{"taxonomy":"post_tag","embeddable":true,"href":"https:\/\/asociatia-macedonenilor.ro\/index.php\/wp-json\/wp\/v2\/tags?post=4169"}],"curies":[{"name":"wp","href":"https:\/\/api.w.org\/{rel}","templated":true}]}}