{"id":4141,"date":"2025-11-13T15:26:47","date_gmt":"2025-11-13T13:26:47","guid":{"rendered":"https:\/\/asociatia-macedonenilor.ro\/?p=4141"},"modified":"2025-11-30T15:31:40","modified_gmt":"2025-11-30T13:31:40","slug":"skopje-marcheaza-81-de-ani-de-la-eliberare","status":"publish","type":"post","link":"https:\/\/asociatia-macedonenilor.ro\/index.php\/2025\/11\/13\/skopje-marcheaza-81-de-ani-de-la-eliberare\/","title":{"rendered":"Skopje marcheaz\u0103 81 de ani de la eliberare"},"content":{"rendered":"\n<p><em><strong>\u00cen fiecare an, la 13 noiembrie, comunitatea macedonean\u0103 comemoreaz\u0103 cu emo\u021bie eliberarea ora\u0219ului Skopje, un moment decisiv \u00een istoria sa modern\u0103. Aceast\u0103 zi simbolizeaz\u0103 curajul \u0219i sacrificiul lupt\u0103torilor care, \u00een toamna anului 1944, au reu\u0219it s\u0103 elibereze capitala de sub ocupa\u021bia fascist\u0103 german\u0103. Evenimentele de atunci au deschis drumul c\u0103tre instaurarea unui Skopje liber, pun\u00e2nd bazele unui nou \u00eenceput pentru \u00eentreaga regiune.<\/strong><\/em><\/p>\n\n\n\n<p>La 13 noiembrie 1944, lupt\u0103torii diviziilor 42 \u0219i 50 de eliberare na\u021bional\u0103 ale armatei macedonene \u0219i a brig\u0103zii 16 macedonene au eliberat Skopje de ocupa\u021bia fascist\u0103 german\u0103.<\/p>\n\n\n\n<figure class=\"wp-block-image size-large\"><img loading=\"lazy\" decoding=\"async\" width=\"729\" height=\"1024\" src=\"https:\/\/asociatia-macedonenilor.ro\/wp-content\/uploads\/2025\/11\/581035782_845680651310727_5035641705289349792_n-729x1024.jpg\" alt=\"\" class=\"wp-image-4142\" srcset=\"https:\/\/asociatia-macedonenilor.ro\/wp-content\/uploads\/2025\/11\/581035782_845680651310727_5035641705289349792_n-729x1024.jpg 729w, https:\/\/asociatia-macedonenilor.ro\/wp-content\/uploads\/2025\/11\/581035782_845680651310727_5035641705289349792_n-480x674.jpg 480w\" sizes=\"(min-width: 0px) and (max-width: 480px) 480px, (min-width: 481px) 729px, 100vw\" \/><\/figure>\n\n\n\n<p>Dup\u0103 c\u00e2teva zile de lupte grele cu membrii celei de-a 22-a divizii germane Grenadier, format\u0103 din regimentele 47 \u0219i 65 \u0219i p\u0103r\u021bi ale diviziei 11 aeriene, precum \u0219i cu brigada german\u0103 \u201eAngermiler\u201d care a fost desf\u0103\u0219urat\u0103 \u00een fa\u021ba defileului Ka\u010danik (Cacianic), lupt\u0103torii au intrat \u00een ora\u0219 cu un mar\u0219 victorios.<\/p>\n\n\n\n<p>\u00cen timp ce unit\u0103\u021bile brig\u0103zilor macedonene au expulzat inamicul din Skopje, Consiliul pentru Eliberarea Na\u021bional\u0103 a Ora\u0219ului, la 13 noiembrie 1944, a emis o proclama\u021bie cu privire la primele m\u0103suri luate de guvernul popular \u00een liberul Skopje.<\/p>\n\n\n\n<p>\u041d\u0430 13 \u043d\u043e\u0435\u043c\u0432\u0440\u0438 1944 \u0433\u043e\u0434\u0438\u043d\u0430 \u0431\u043e\u0440\u0446\u0438\u0442\u0435 \u043e\u0434 42-\u0442\u0430 \u0438 50-\u0442\u0430 \u043d\u0430\u0440\u043e\u0434\u043d\u043e\u043e\u0441\u043b\u043e\u0431\u043e\u0434\u0438\u0442\u0435\u043b\u043d\u0430 \u0434\u0438\u0432\u0438\u0437\u0438\u0458\u0430 \u043d\u0430 \u043c\u0430\u043a\u0435\u0434\u043e\u043d\u0441\u043a\u0430\u0442\u0430 \u0432\u043e\u0458\u0441\u043a\u0430 \u0438 16-\u0442\u0430 \u043c\u0430\u043a\u0435\u0434\u043e\u043d\u0441\u043a\u0430 \u0431\u0440\u0438\u0433\u0430\u0434\u0430 \u0433\u043e \u043e\u0441\u043b\u043e\u0431\u043e\u0434\u0443\u0432\u0430\u0430\u0442 \u0421\u043a\u043e\u043f\u0458\u0435 \u043e\u0434 \u0433\u0435\u0440\u043c\u0430\u043d\u0441\u043a\u0430\u0442\u0430 \u0444\u0430\u0448\u0438\u0441\u0442\u0438\u0447\u043a\u0430 \u043e\u043a\u0443\u043f\u0430\u0446\u0438\u0458\u0430.<\/p>\n\n\n\n<p>\u041f\u043e \u043d\u0435\u043a\u043e\u043b\u043a\u0443\u0434\u043d\u0435\u0432\u043d\u0438 \u0442\u0435\u0448\u043a\u0438 \u0431\u043e\u0440\u0431\u0438 \u0441\u043e \u043f\u0440\u0438\u043f\u0430\u0434\u043d\u0438\u0446\u0438\u0442\u0435 \u043d\u0430 22-\u0442\u0430 \u0433\u0440\u0435\u043d\u0430\u0434\u0438\u0440\u0441\u043a\u0430 \u0433\u0435\u0440\u043c\u0430\u043d\u0441\u043a\u0430 \u0434\u0438\u0432\u0438\u0437\u0438\u0458\u0430, \u0441\u043e\u0441\u0442\u0430\u0432\u0435\u043d\u0430 \u043e\u0434 47-\u043e\u0442 \u0438 65-\u043e\u0442 \u043f\u043e\u043b\u043a \u0438 \u0434\u0435\u043b\u043e\u0432\u0438 \u043e\u0434 11-\u0442\u0430 \u0432\u043e\u0437\u0434\u0443\u0445\u043e\u043f\u043b\u043e\u0432\u043d\u0430 \u0434\u0435\u0441\u0430\u043d\u0442\u043d\u0430 \u0434\u0438\u0432\u0438\u0437\u0438\u0458\u0430, \u043a\u0430\u043a\u043e \u0438 \u0441\u043e \u0433\u0435\u0440\u043c\u0430\u043d\u0441\u043a\u0430\u0442\u0430 \u0442\u0432\u0440\u0434\u0438\u043d\u0441\u043a\u0430 \u0431\u0440\u0438\u0433\u0430\u0434\u0430 \u201e\u0410\u043d\u0433\u0435\u0440\u043c\u0438\u043b\u0435\u0440\u201c \u043a\u043e\u0458\u0430 \u0431\u0435\u0448\u0435 \u0440\u0430\u0441\u043f\u043e\u0440\u0435\u0434\u0435\u043d\u0430 \u043f\u0440\u0435\u0434 \u041a\u0430\u0447\u0430\u043d\u0438\u0447\u043a\u0430\u0442\u0430 \u043a\u043b\u0438\u0441\u0443\u0440\u0430, \u0431\u043e\u0440\u0446\u0438\u0442\u0435 \u0441\u043e \u043f\u043e\u0431\u0435\u0434\u043e\u043d\u043e\u0441\u0435\u043d \u043c\u0430\u0440\u0448 \u0432\u043b\u0435\u0433\u043e\u0430 \u0432\u043e \u0433\u0440\u0430\u0434\u043e\u0442.<\/p>\n\n\n\n<p>\u0414\u043e\u0434\u0435\u043a\u0430 \u0435\u0434\u0438\u043d\u0438\u0446\u0438\u0442\u0435 \u043d\u0430 \u043c\u0430\u043a\u0435\u0434\u043e\u043d\u0441\u043a\u0438\u0442\u0435 \u0431\u0440\u0438\u0433\u0430\u0434\u0438 \u0433\u043e \u0433\u043e\u043d\u0435\u0430 \u043d\u0435\u043f\u0440\u0438\u0458\u0430\u0442\u0435\u043b\u043e\u0442 \u043e\u0434 \u0421\u043a\u043e\u043f\u0458\u0435, \u0413\u0440\u0430\u0434\u0441\u043a\u0438\u043e\u0442 \u043d\u0430\u0440\u043e\u0434\u043d\u043e\u043e\u0441\u043b\u043e\u0431\u043e\u0434\u0438\u0442\u0435\u043b\u043d \u043e\u0434\u0431\u043e\u0440, \u043d\u0430 13 \u043d\u043e\u0435\u043c\u0432\u0440\u0438 1944 \u0433\u043e\u0434\u0438\u043d\u0430, \u0438\u0437\u0434\u0430\u0432\u0430 \u043e\u0431\u0458\u0430\u0432\u0430 \u0437\u0430 \u043f\u0440\u0432\u0438\u0442\u0435 \u043c\u0435\u0440\u043a\u0438 \u043a\u043e\u0438 \u0433\u0438 \u043f\u0440\u0435\u0432\u0437\u0435\u043c\u0430 \u043d\u0430\u0440\u043e\u0434\u043d\u0430\u0442\u0430 \u0432\u043b\u0430\u0441\u0442 \u0432\u043e \u043e\u0441\u043b\u043e\u0431\u043e\u0434\u0435\u043d\u043e \u0421\u043a\u043e\u043f\u0458\u0435.<\/p>\n","protected":false},"excerpt":{"rendered":"<p>\u00cen fiecare an, la 13 noiembrie, comunitatea macedonean\u0103 comemoreaz\u0103 cu emo\u021bie eliberarea ora\u0219ului Skopje, un moment decisiv \u00een istoria sa modern\u0103. Aceast\u0103 zi simbolizeaz\u0103 curajul \u0219i sacrificiul lupt\u0103torilor care, \u00een toamna anului 1944, au reu\u0219it s\u0103 elibereze capitala de sub ocupa\u021bia fascist\u0103 german\u0103. Evenimentele de atunci au deschis drumul c\u0103tre instaurarea unui Skopje liber, pun\u00e2nd [&hellip;]<\/p>\n","protected":false},"author":1,"featured_media":0,"comment_status":"open","ping_status":"open","sticky":false,"template":"","format":"standard","meta":{"_et_pb_use_builder":"off","_et_pb_old_content":"","_et_gb_content_width":"","footnotes":""},"categories":[1,36],"tags":[],"class_list":["post-4141","post","type-post","status-publish","format-standard","hentry","category-activitati","category-diverse"],"_links":{"self":[{"href":"https:\/\/asociatia-macedonenilor.ro\/index.php\/wp-json\/wp\/v2\/posts\/4141","targetHints":{"allow":["GET"]}}],"collection":[{"href":"https:\/\/asociatia-macedonenilor.ro\/index.php\/wp-json\/wp\/v2\/posts"}],"about":[{"href":"https:\/\/asociatia-macedonenilor.ro\/index.php\/wp-json\/wp\/v2\/types\/post"}],"author":[{"embeddable":true,"href":"https:\/\/asociatia-macedonenilor.ro\/index.php\/wp-json\/wp\/v2\/users\/1"}],"replies":[{"embeddable":true,"href":"https:\/\/asociatia-macedonenilor.ro\/index.php\/wp-json\/wp\/v2\/comments?post=4141"}],"version-history":[{"count":2,"href":"https:\/\/asociatia-macedonenilor.ro\/index.php\/wp-json\/wp\/v2\/posts\/4141\/revisions"}],"predecessor-version":[{"id":4144,"href":"https:\/\/asociatia-macedonenilor.ro\/index.php\/wp-json\/wp\/v2\/posts\/4141\/revisions\/4144"}],"wp:attachment":[{"href":"https:\/\/asociatia-macedonenilor.ro\/index.php\/wp-json\/wp\/v2\/media?parent=4141"}],"wp:term":[{"taxonomy":"category","embeddable":true,"href":"https:\/\/asociatia-macedonenilor.ro\/index.php\/wp-json\/wp\/v2\/categories?post=4141"},{"taxonomy":"post_tag","embeddable":true,"href":"https:\/\/asociatia-macedonenilor.ro\/index.php\/wp-json\/wp\/v2\/tags?post=4141"}],"curies":[{"name":"wp","href":"https:\/\/api.w.org\/{rel}","templated":true}]}}