{"id":4137,"date":"2025-11-24T15:22:26","date_gmt":"2025-11-24T13:22:26","guid":{"rendered":"https:\/\/asociatia-macedonenilor.ro\/?p=4137"},"modified":"2025-11-30T15:39:53","modified_gmt":"2025-11-30T13:39:53","slug":"105-ani-de-la-moartea-poetului-prozatorului-si-dramaturgului-alexandru-macedonski","status":"publish","type":"post","link":"https:\/\/asociatia-macedonenilor.ro\/index.php\/2025\/11\/24\/105-ani-de-la-moartea-poetului-prozatorului-si-dramaturgului-alexandru-macedonski\/","title":{"rendered":"105 ani de la moartea poetului, prozatorului \u0219i dramaturgului Alexandru Macedonski"},"content":{"rendered":"\n<p><a><\/a>Alexandru Macedonski (14 martie 1854\u201324 noiembrie 1920) a fost un poet, prozator, dramaturg \u0219i publicist rom\u00e2n, de etnie macedonean\u0103.<\/p>\n\n\n\n<p>Supranumit poetul rondelurilor, inspir\u00e2ndu-se din literatura francez\u0103, este primul reprezentant al simbolismului \u00een literatura rom\u00e2n\u0103. Ini\u021biatorul cenaclului \u0219i revistei literare Literatorul, a sus\u021binut modernizarea poeziei rom\u00e2ne\u0219ti, fiind \u00eentr-o continu\u0103 polemic\u0103 cu junimi\u0219tii.<\/p>\n\n\n\n<figure class=\"wp-block-image size-full\"><img loading=\"lazy\" decoding=\"async\" width=\"300\" height=\"432\" src=\"https:\/\/asociatia-macedonenilor.ro\/wp-content\/uploads\/2025\/11\/588216631_854118683800257_2097067599727825568_n.jpg\" alt=\"\" class=\"wp-image-4139\" srcset=\"https:\/\/asociatia-macedonenilor.ro\/wp-content\/uploads\/2025\/11\/588216631_854118683800257_2097067599727825568_n.jpg 300w, https:\/\/asociatia-macedonenilor.ro\/wp-content\/uploads\/2025\/11\/588216631_854118683800257_2097067599727825568_n-208x300.jpg 208w\" sizes=\"(max-width: 300px) 100vw, 300px\" \/><\/figure>\n\n\n\n<p>\u201dVia\u0163a este o ciudat\u0103 comedie care amestec\u0103 \u00eempreun\u0103 \u015fi dureri \u015fi bucurii, pun\u00e2nd lacrimi l\u00e2ng\u0103 z\u00e2mbet, pun\u00e2nd z\u00e2mbet l\u00e2ng\u0103 plans\u201d &#8211; Alexandru Macedonski.<\/p>\n\n\n\n<p>\u201dMari roze bogate \u0219i grele<\/p>\n\n\n\n<p>Abia mai pot capul s\u0103-\u0219i \u021bin\u0103<\/p>\n\n\n\n<p>De luxul ce poart\u0103 pe ele,<\/p>\n\n\n\n<p>Sc\u0103ldate-n albastra lumin\u0103.<\/p>\n\n\n\n<p>Miresme plutesc prin gr\u0103din\u0103,<\/p>\n\n\n\n<p>Iar roua de\u0219ir\u0103 m\u0103rgele<\/p>\n\n\n\n<p>Pe roze bogate \u0219i grele,<\/p>\n\n\n\n<p>Ce-abia mai pot capul s\u0103-\u0219i \u021bin\u0103.<\/p>\n\n\n\n<p>Av\u00e2ntul sim\u021birilor mele<\/p>\n\n\n\n<p>M\u0103 duce-ntr-o sfer\u0103 senin\u0103<\/p>\n\n\n\n<p>De cea\u021ba lume\u0219tilor rele,<\/p>\n\n\n\n<p>\u00cen care, pe frunte-mi se-nclin\u0103<\/p>\n\n\n\n<p>Mari roze bogate \u0219i grele\u201d &#8211; Rondelul marilor roze (din volumul \u201ePoema rondelurilor\u201d).<\/p>\n","protected":false},"excerpt":{"rendered":"<p>Alexandru Macedonski (14 martie 1854\u201324 noiembrie 1920) a fost un poet, prozator, dramaturg \u0219i publicist rom\u00e2n, de etnie macedonean\u0103. Supranumit poetul rondelurilor, inspir\u00e2ndu-se din literatura francez\u0103, este primul reprezentant al simbolismului \u00een literatura rom\u00e2n\u0103. Ini\u021biatorul cenaclului \u0219i revistei literare Literatorul, a sus\u021binut modernizarea poeziei rom\u00e2ne\u0219ti, fiind \u00eentr-o continu\u0103 polemic\u0103 cu junimi\u0219tii. \u201dVia\u0163a este o ciudat\u0103 [&hellip;]<\/p>\n","protected":false},"author":1,"featured_media":0,"comment_status":"open","ping_status":"open","sticky":false,"template":"","format":"standard","meta":{"_et_pb_use_builder":"off","_et_pb_old_content":"","_et_gb_content_width":"","footnotes":""},"categories":[1,36],"tags":[],"class_list":["post-4137","post","type-post","status-publish","format-standard","hentry","category-activitati","category-diverse"],"_links":{"self":[{"href":"https:\/\/asociatia-macedonenilor.ro\/index.php\/wp-json\/wp\/v2\/posts\/4137","targetHints":{"allow":["GET"]}}],"collection":[{"href":"https:\/\/asociatia-macedonenilor.ro\/index.php\/wp-json\/wp\/v2\/posts"}],"about":[{"href":"https:\/\/asociatia-macedonenilor.ro\/index.php\/wp-json\/wp\/v2\/types\/post"}],"author":[{"embeddable":true,"href":"https:\/\/asociatia-macedonenilor.ro\/index.php\/wp-json\/wp\/v2\/users\/1"}],"replies":[{"embeddable":true,"href":"https:\/\/asociatia-macedonenilor.ro\/index.php\/wp-json\/wp\/v2\/comments?post=4137"}],"version-history":[{"count":2,"href":"https:\/\/asociatia-macedonenilor.ro\/index.php\/wp-json\/wp\/v2\/posts\/4137\/revisions"}],"predecessor-version":[{"id":4140,"href":"https:\/\/asociatia-macedonenilor.ro\/index.php\/wp-json\/wp\/v2\/posts\/4137\/revisions\/4140"}],"wp:attachment":[{"href":"https:\/\/asociatia-macedonenilor.ro\/index.php\/wp-json\/wp\/v2\/media?parent=4137"}],"wp:term":[{"taxonomy":"category","embeddable":true,"href":"https:\/\/asociatia-macedonenilor.ro\/index.php\/wp-json\/wp\/v2\/categories?post=4137"},{"taxonomy":"post_tag","embeddable":true,"href":"https:\/\/asociatia-macedonenilor.ro\/index.php\/wp-json\/wp\/v2\/tags?post=4137"}],"curies":[{"name":"wp","href":"https:\/\/api.w.org\/{rel}","templated":true}]}}