{"id":4133,"date":"2025-11-29T15:19:38","date_gmt":"2025-11-29T13:19:38","guid":{"rendered":"https:\/\/asociatia-macedonenilor.ro\/?p=4133"},"modified":"2025-11-30T15:20:28","modified_gmt":"2025-11-30T13:20:28","slug":"in-sediile-amr-au-inceput-pregatirile-pentru-sarbatorile-de-iarna","status":"publish","type":"post","link":"https:\/\/asociatia-macedonenilor.ro\/index.php\/2025\/11\/29\/in-sediile-amr-au-inceput-pregatirile-pentru-sarbatorile-de-iarna\/","title":{"rendered":"\u00cen sediile AMR au \u00eenceput preg\u0103tirile pentru s\u0103rb\u0103torile de iarn\u0103"},"content":{"rendered":"\n<p>Ne apropiem cu pa\u0219i repezi de magia s\u0103rb\u0103torilor de iarn\u0103, iar \u00een sediile AMR din \u00eentreaga \u021bar\u0103 preg\u0103tirile au \u00eenceput deja s\u0103 prind\u0103 contur.<\/p>\n\n\n\n<p>La AMR Craiova, s\u00e2mb\u0103ta <a><\/a>aceasta a fost despre emo\u021bie, bucurie \u0219i tradi\u021bii care aduc oamenii \u00eempreun\u0103.<\/p>\n\n\n\n<p>Cei mici au fost a\u0219tepta\u021bi la repeti\u021biile pentru serbarea de Cr\u0103ciun, unde poeziile, c\u00e2ntecele \u0219i z\u00e2mbetele lor au umplut \u00eenc\u0103perile de c\u0103ldur\u0103 \u0219i entuziasm. Tot ast\u0103zi a avut loc \u0219i cursul de limb\u0103 macedonean\u0103, care, ca de fiecare dat\u0103, i-a reunit pe copii \u0219i adul\u021bi \u00eentr-un efort comun de a descoperi \u0219i p\u0103stra bog\u0103\u021bia cultural\u0103 ce ne une\u0219te.<\/p>\n\n\n\n<figure class=\"wp-block-image size-large\"><img loading=\"lazy\" decoding=\"async\" width=\"1024\" height=\"473\" src=\"https:\/\/asociatia-macedonenilor.ro\/wp-content\/uploads\/2025\/11\/589944563_857972336748225_3200614253482868054_n-1024x473.jpg\" alt=\"\" class=\"wp-image-4134\" srcset=\"https:\/\/asociatia-macedonenilor.ro\/wp-content\/uploads\/2025\/11\/589944563_857972336748225_3200614253482868054_n-980x453.jpg 980w, https:\/\/asociatia-macedonenilor.ro\/wp-content\/uploads\/2025\/11\/589944563_857972336748225_3200614253482868054_n-480x222.jpg 480w\" sizes=\"(min-width: 0px) and (max-width: 480px) 480px, (min-width: 481px) and (max-width: 980px) 980px, (min-width: 981px) 1024px, 100vw\" \/><\/figure>\n\n\n\n<p>Toate aceste activit\u0103\u021bi dedicate \u00eenv\u0103\u021b\u0103rii limbii \u0219i culturii macedonene sunt coordonate cu profesionalism \u0219i pasiune de doamna profesoar\u0103 Elena Saul-Nikolova, sub a c\u0103rei \u00eendrumare participan\u021bii, mici \u0219i mari, p\u0103trund \u00een frumuse\u021bea acestei mo\u0219teniri culturale \u00eentr-un mediu prietenos \u0219i inspira\u021bional.<\/p>\n\n\n\n<figure class=\"wp-block-image size-large\"><img loading=\"lazy\" decoding=\"async\" width=\"1024\" height=\"473\" src=\"https:\/\/asociatia-macedonenilor.ro\/wp-content\/uploads\/2025\/11\/590037347_857972340081558_5010442991174089541_n-1024x473.jpg\" alt=\"\" class=\"wp-image-4135\" srcset=\"https:\/\/asociatia-macedonenilor.ro\/wp-content\/uploads\/2025\/11\/590037347_857972340081558_5010442991174089541_n-980x453.jpg 980w, https:\/\/asociatia-macedonenilor.ro\/wp-content\/uploads\/2025\/11\/590037347_857972340081558_5010442991174089541_n-480x222.jpg 480w\" sizes=\"(min-width: 0px) and (max-width: 480px) 480px, (min-width: 481px) and (max-width: 980px) 980px, (min-width: 981px) 1024px, 100vw\" \/><\/figure>\n\n\n\n<p>Al\u0103turi de domnul deputat Ionel Stancu, am petrecut o nou\u0103 zi plin\u0103 de activit\u0103\u021bi, \u00een cadrul c\u0103reia domnia sa a remarcat cu apreciere implicarea, dedicarea \u0219i entuziasmul tuturor participan\u021bilor.<\/p>\n","protected":false},"excerpt":{"rendered":"<p>Ne apropiem cu pa\u0219i repezi de magia s\u0103rb\u0103torilor de iarn\u0103, iar \u00een sediile AMR din \u00eentreaga \u021bar\u0103 preg\u0103tirile au \u00eenceput deja s\u0103 prind\u0103 contur. La AMR Craiova, s\u00e2mb\u0103ta aceasta a fost despre emo\u021bie, bucurie \u0219i tradi\u021bii care aduc oamenii \u00eempreun\u0103. Cei mici au fost a\u0219tepta\u021bi la repeti\u021biile pentru serbarea de Cr\u0103ciun, unde poeziile, c\u00e2ntecele \u0219i [&hellip;]<\/p>\n","protected":false},"author":1,"featured_media":0,"comment_status":"open","ping_status":"open","sticky":false,"template":"","format":"standard","meta":{"_et_pb_use_builder":"off","_et_pb_old_content":"","_et_gb_content_width":"","footnotes":""},"categories":[1],"tags":[],"class_list":["post-4133","post","type-post","status-publish","format-standard","hentry","category-activitati"],"_links":{"self":[{"href":"https:\/\/asociatia-macedonenilor.ro\/index.php\/wp-json\/wp\/v2\/posts\/4133","targetHints":{"allow":["GET"]}}],"collection":[{"href":"https:\/\/asociatia-macedonenilor.ro\/index.php\/wp-json\/wp\/v2\/posts"}],"about":[{"href":"https:\/\/asociatia-macedonenilor.ro\/index.php\/wp-json\/wp\/v2\/types\/post"}],"author":[{"embeddable":true,"href":"https:\/\/asociatia-macedonenilor.ro\/index.php\/wp-json\/wp\/v2\/users\/1"}],"replies":[{"embeddable":true,"href":"https:\/\/asociatia-macedonenilor.ro\/index.php\/wp-json\/wp\/v2\/comments?post=4133"}],"version-history":[{"count":1,"href":"https:\/\/asociatia-macedonenilor.ro\/index.php\/wp-json\/wp\/v2\/posts\/4133\/revisions"}],"predecessor-version":[{"id":4136,"href":"https:\/\/asociatia-macedonenilor.ro\/index.php\/wp-json\/wp\/v2\/posts\/4133\/revisions\/4136"}],"wp:attachment":[{"href":"https:\/\/asociatia-macedonenilor.ro\/index.php\/wp-json\/wp\/v2\/media?parent=4133"}],"wp:term":[{"taxonomy":"category","embeddable":true,"href":"https:\/\/asociatia-macedonenilor.ro\/index.php\/wp-json\/wp\/v2\/categories?post=4133"},{"taxonomy":"post_tag","embeddable":true,"href":"https:\/\/asociatia-macedonenilor.ro\/index.php\/wp-json\/wp\/v2\/tags?post=4133"}],"curies":[{"name":"wp","href":"https:\/\/api.w.org\/{rel}","templated":true}]}}