{"id":4104,"date":"2025-04-19T20:00:51","date_gmt":"2025-04-19T18:00:51","guid":{"rendered":"https:\/\/asociatia-macedonenilor.ro\/?p=4104"},"modified":"2025-04-19T20:00:52","modified_gmt":"2025-04-19T18:00:52","slug":"hristos-a-inviat-2","status":"publish","type":"post","link":"https:\/\/asociatia-macedonenilor.ro\/index.php\/2025\/04\/19\/hristos-a-inviat-2\/","title":{"rendered":"Hristos a \u00cenviat!"},"content":{"rendered":"\n<p>Cu prilejul Sfintelor S\u0103rb\u0103tori Pascale, v\u0103 transmitem cele mai calde g\u00e2nduri de s\u0103n\u0103tate, pace \u0219i bucurie. Lumina \u00cenvierii Domnului s\u0103 v\u0103 aduc\u0103 lini\u0219te \u00een suflet, <a><\/a>speran\u021b\u0103 \u0219i \u00eemplinire al\u0103turi de cei dragi dumneavoastr\u0103!<\/p>\n\n\n\n<p>S\u0103 ave\u021bi S\u0103rb\u0103tori luminate! <img loading=\"lazy\" decoding=\"async\" height=\"16\" width=\"16\" alt=\"\ud83d\ude4f\" src=\"https:\/\/static.xx.fbcdn.net\/images\/emoji.php\/v9\/t80\/1\/16\/1f64f.png\"><\/p>\n\n\n\n<figure class=\"wp-block-gallery has-nested-images columns-default is-cropped wp-block-gallery-1 is-layout-flex wp-block-gallery-is-layout-flex\">\n<figure class=\"wp-block-image size-large\"><img loading=\"lazy\" decoding=\"async\" width=\"1024\" height=\"1024\" data-id=\"4106\" src=\"https:\/\/asociatia-macedonenilor.ro\/wp-content\/uploads\/2025\/04\/WhatsApp-Image-2025-04-15-at-01.27.55-1024x1024.jpeg\" alt=\"\" class=\"wp-image-4106\" srcset=\"https:\/\/asociatia-macedonenilor.ro\/wp-content\/uploads\/2025\/04\/WhatsApp-Image-2025-04-15-at-01.27.55-980x980.jpeg 980w, https:\/\/asociatia-macedonenilor.ro\/wp-content\/uploads\/2025\/04\/WhatsApp-Image-2025-04-15-at-01.27.55-480x480.jpeg 480w\" sizes=\"(min-width: 0px) and (max-width: 480px) 480px, (min-width: 481px) and (max-width: 980px) 980px, (min-width: 981px) 1024px, 100vw\" \/><\/figure>\n\n\n\n<figure class=\"wp-block-image size-large\"><img loading=\"lazy\" decoding=\"async\" width=\"1024\" height=\"1024\" data-id=\"4105\" src=\"https:\/\/asociatia-macedonenilor.ro\/wp-content\/uploads\/2025\/04\/WhatsApp-Image-2025-04-17-at-02.17.23-1024x1024.jpeg\" alt=\"\" class=\"wp-image-4105\" srcset=\"https:\/\/asociatia-macedonenilor.ro\/wp-content\/uploads\/2025\/04\/WhatsApp-Image-2025-04-17-at-02.17.23-980x980.jpeg 980w, https:\/\/asociatia-macedonenilor.ro\/wp-content\/uploads\/2025\/04\/WhatsApp-Image-2025-04-17-at-02.17.23-480x480.jpeg 480w\" sizes=\"(min-width: 0px) and (max-width: 480px) 480px, (min-width: 481px) and (max-width: 980px) 980px, (min-width: 981px) 1024px, 100vw\" \/><\/figure>\n<\/figure>\n","protected":false},"excerpt":{"rendered":"<p>Cu prilejul Sfintelor S\u0103rb\u0103tori Pascale, v\u0103 transmitem cele mai calde g\u00e2nduri de s\u0103n\u0103tate, pace \u0219i bucurie. Lumina \u00cenvierii Domnului s\u0103 v\u0103 aduc\u0103 lini\u0219te \u00een suflet, speran\u021b\u0103 \u0219i \u00eemplinire al\u0103turi de cei dragi dumneavoastr\u0103! S\u0103 ave\u021bi S\u0103rb\u0103tori luminate!<\/p>\n","protected":false},"author":1,"featured_media":0,"comment_status":"open","ping_status":"open","sticky":false,"template":"","format":"standard","meta":{"_et_pb_use_builder":"off","_et_pb_old_content":"","_et_gb_content_width":"","footnotes":""},"categories":[40,1,45,36],"tags":[],"class_list":["post-4104","post","type-post","status-publish","format-standard","hentry","category-activitate-deputat","category-activitati","category-anunturi","category-diverse"],"_links":{"self":[{"href":"https:\/\/asociatia-macedonenilor.ro\/index.php\/wp-json\/wp\/v2\/posts\/4104","targetHints":{"allow":["GET"]}}],"collection":[{"href":"https:\/\/asociatia-macedonenilor.ro\/index.php\/wp-json\/wp\/v2\/posts"}],"about":[{"href":"https:\/\/asociatia-macedonenilor.ro\/index.php\/wp-json\/wp\/v2\/types\/post"}],"author":[{"embeddable":true,"href":"https:\/\/asociatia-macedonenilor.ro\/index.php\/wp-json\/wp\/v2\/users\/1"}],"replies":[{"embeddable":true,"href":"https:\/\/asociatia-macedonenilor.ro\/index.php\/wp-json\/wp\/v2\/comments?post=4104"}],"version-history":[{"count":1,"href":"https:\/\/asociatia-macedonenilor.ro\/index.php\/wp-json\/wp\/v2\/posts\/4104\/revisions"}],"predecessor-version":[{"id":4107,"href":"https:\/\/asociatia-macedonenilor.ro\/index.php\/wp-json\/wp\/v2\/posts\/4104\/revisions\/4107"}],"wp:attachment":[{"href":"https:\/\/asociatia-macedonenilor.ro\/index.php\/wp-json\/wp\/v2\/media?parent=4104"}],"wp:term":[{"taxonomy":"category","embeddable":true,"href":"https:\/\/asociatia-macedonenilor.ro\/index.php\/wp-json\/wp\/v2\/categories?post=4104"},{"taxonomy":"post_tag","embeddable":true,"href":"https:\/\/asociatia-macedonenilor.ro\/index.php\/wp-json\/wp\/v2\/tags?post=4104"}],"curies":[{"name":"wp","href":"https:\/\/api.w.org\/{rel}","templated":true}]}}