{"id":3726,"date":"2024-01-01T12:10:50","date_gmt":"2024-01-01T12:10:50","guid":{"rendered":"https:\/\/asociatia-macedonenilor.ro\/?p=3726"},"modified":"2024-01-01T12:10:51","modified_gmt":"2024-01-01T12:10:51","slug":"la-multi-ani-6","status":"publish","type":"post","link":"https:\/\/asociatia-macedonenilor.ro\/index.php\/2024\/01\/01\/la-multi-ani-6\/","title":{"rendered":"La mul\u021bi ani!"},"content":{"rendered":"\n<p>Noul An s\u0103 v\u0103 aduc\u0103 s\u0103n\u0103tate, realiz\u0103ri, fericire \u0219i clipe pre\u021bioase al\u0103turi de cei dragi!<\/p>\n\n\n\n<p><strong>La mul\u021bi ani!<\/strong><\/p>\n\n\n\n<p><\/p>\n\n\n\n<figure class=\"wp-block-image size-full\"><img loading=\"lazy\" decoding=\"async\" width=\"843\" height=\"820\" src=\"https:\/\/asociatia-macedonenilor.ro\/wp-content\/uploads\/2024\/01\/415064556_375127418366055_2478557265020078577_n.jpg\" alt=\"\" class=\"wp-image-3727\" srcset=\"https:\/\/asociatia-macedonenilor.ro\/wp-content\/uploads\/2024\/01\/415064556_375127418366055_2478557265020078577_n.jpg 843w, https:\/\/asociatia-macedonenilor.ro\/wp-content\/uploads\/2024\/01\/415064556_375127418366055_2478557265020078577_n-480x467.jpg 480w\" sizes=\"(min-width: 0px) and (max-width: 480px) 480px, (min-width: 481px) 843px, 100vw\" \/><\/figure>\n","protected":false},"excerpt":{"rendered":"<p>Noul An s\u0103 v\u0103 aduc\u0103 s\u0103n\u0103tate, realiz\u0103ri, fericire \u0219i clipe pre\u021bioase al\u0103turi de cei dragi! La mul\u021bi ani!<\/p>\n","protected":false},"author":1,"featured_media":0,"comment_status":"open","ping_status":"open","sticky":false,"template":"","format":"standard","meta":{"_et_pb_use_builder":"off","_et_pb_old_content":"","_et_gb_content_width":"","footnotes":""},"categories":[40,1,45],"tags":[],"class_list":["post-3726","post","type-post","status-publish","format-standard","hentry","category-activitate-deputat","category-activitati","category-anunturi"],"_links":{"self":[{"href":"https:\/\/asociatia-macedonenilor.ro\/index.php\/wp-json\/wp\/v2\/posts\/3726","targetHints":{"allow":["GET"]}}],"collection":[{"href":"https:\/\/asociatia-macedonenilor.ro\/index.php\/wp-json\/wp\/v2\/posts"}],"about":[{"href":"https:\/\/asociatia-macedonenilor.ro\/index.php\/wp-json\/wp\/v2\/types\/post"}],"author":[{"embeddable":true,"href":"https:\/\/asociatia-macedonenilor.ro\/index.php\/wp-json\/wp\/v2\/users\/1"}],"replies":[{"embeddable":true,"href":"https:\/\/asociatia-macedonenilor.ro\/index.php\/wp-json\/wp\/v2\/comments?post=3726"}],"version-history":[{"count":1,"href":"https:\/\/asociatia-macedonenilor.ro\/index.php\/wp-json\/wp\/v2\/posts\/3726\/revisions"}],"predecessor-version":[{"id":3728,"href":"https:\/\/asociatia-macedonenilor.ro\/index.php\/wp-json\/wp\/v2\/posts\/3726\/revisions\/3728"}],"wp:attachment":[{"href":"https:\/\/asociatia-macedonenilor.ro\/index.php\/wp-json\/wp\/v2\/media?parent=3726"}],"wp:term":[{"taxonomy":"category","embeddable":true,"href":"https:\/\/asociatia-macedonenilor.ro\/index.php\/wp-json\/wp\/v2\/categories?post=3726"},{"taxonomy":"post_tag","embeddable":true,"href":"https:\/\/asociatia-macedonenilor.ro\/index.php\/wp-json\/wp\/v2\/tags?post=3726"}],"curies":[{"name":"wp","href":"https:\/\/api.w.org\/{rel}","templated":true}]}}