{"id":3624,"date":"2023-09-02T17:33:17","date_gmt":"2023-09-02T17:33:17","guid":{"rendered":"https:\/\/asociatia-macedonenilor.ro\/?p=3624"},"modified":"2023-09-02T17:36:59","modified_gmt":"2023-09-02T17:36:59","slug":"amr-participa-la-cea-de-a-xxvii-a-editie-a-festivalului-international-al-dansului-cantecului-si-portului-popular-turco-tatar","status":"publish","type":"post","link":"https:\/\/asociatia-macedonenilor.ro\/index.php\/2023\/09\/02\/amr-participa-la-cea-de-a-xxvii-a-editie-a-festivalului-international-al-dansului-cantecului-si-portului-popular-turco-tatar\/","title":{"rendered":"AMR particip\u0103 la cea de-a XXVII-a edi\u021bie a Festivalului Interna\u021bional al Dansului, C\u00e2ntecului \u0219i Portului Popular Turco-T\u0103tar"},"content":{"rendered":"\n<p><strong>Reprezentan\u021bi ai Asocia\u021biei Macedonenilor din Rom\u00e2nia \u00eempreun\u0103 cu Laura Elen Rogobete Cristescu, pre\u0219edinte A.M.R., particip\u0103 \u00een acest weekend cu solistele noastre talentate la cea de-a XXVII-a edi\u021bie a Festivalului Interna\u021bional al Dansului, C\u00e2ntecului \u0219i Portului Popular Turco-T\u0103tar.<\/strong><\/p>\n\n\n\n<p>De aproape trei decenii, Festivalul Interna\u021bional al Dansului, C\u00e2ntecului \u0219i Portului Popular Turco-T\u0103tar a devenit un reper al vie\u021bii culturale din jude\u021bul Constan\u021ba, el desf\u0103\u0219ur\u00e2ndu-se at\u00e2t \u00een municipiul Constan\u021ba, c\u00e2t \u0219i \u00een alte localit\u0103\u021bi din jude\u021b unde tr\u0103iesc comunit\u0103\u021bi mari de etnici t\u0103tari.<\/p>\n\n\n\n<figure class=\"wp-block-gallery has-nested-images columns-default is-cropped wp-block-gallery-1 is-layout-flex wp-block-gallery-is-layout-flex\">\n<figure class=\"wp-block-image size-large\"><img loading=\"lazy\" decoding=\"async\" width=\"576\" height=\"1024\" data-id=\"3629\" src=\"https:\/\/asociatia-macedonenilor.ro\/wp-content\/uploads\/2023\/09\/05c7881b-3d4e-4936-9b2f-02fb0ab4cdbf-576x1024.jpg\" alt=\"\" class=\"wp-image-3629\" srcset=\"https:\/\/asociatia-macedonenilor.ro\/wp-content\/uploads\/2023\/09\/05c7881b-3d4e-4936-9b2f-02fb0ab4cdbf-576x1024.jpg 576w, https:\/\/asociatia-macedonenilor.ro\/wp-content\/uploads\/2023\/09\/05c7881b-3d4e-4936-9b2f-02fb0ab4cdbf-480x853.jpg 480w\" sizes=\"(min-width: 0px) and (max-width: 480px) 480px, (min-width: 481px) 576px, 100vw\" \/><\/figure>\n\n\n\n<figure class=\"wp-block-image size-large\"><img loading=\"lazy\" decoding=\"async\" width=\"576\" height=\"1024\" data-id=\"3627\" src=\"https:\/\/asociatia-macedonenilor.ro\/wp-content\/uploads\/2023\/09\/272b76e7-434a-4870-81b6-4e2aa3d9db39-576x1024.jpg\" alt=\"\" class=\"wp-image-3627\" srcset=\"https:\/\/asociatia-macedonenilor.ro\/wp-content\/uploads\/2023\/09\/272b76e7-434a-4870-81b6-4e2aa3d9db39-576x1024.jpg 576w, https:\/\/asociatia-macedonenilor.ro\/wp-content\/uploads\/2023\/09\/272b76e7-434a-4870-81b6-4e2aa3d9db39-480x853.jpg 480w\" sizes=\"(min-width: 0px) and (max-width: 480px) 480px, (min-width: 481px) 576px, 100vw\" \/><\/figure>\n\n\n\n<figure class=\"wp-block-image size-large\"><img loading=\"lazy\" decoding=\"async\" width=\"1024\" height=\"768\" data-id=\"3630\" src=\"https:\/\/asociatia-macedonenilor.ro\/wp-content\/uploads\/2023\/09\/79379e1c-f15e-4fe0-9f11-1cfb8c2cd0b7-1024x768.jpg\" alt=\"\" class=\"wp-image-3630\" srcset=\"https:\/\/asociatia-macedonenilor.ro\/wp-content\/uploads\/2023\/09\/79379e1c-f15e-4fe0-9f11-1cfb8c2cd0b7-980x735.jpg 980w, https:\/\/asociatia-macedonenilor.ro\/wp-content\/uploads\/2023\/09\/79379e1c-f15e-4fe0-9f11-1cfb8c2cd0b7-480x360.jpg 480w\" sizes=\"(min-width: 0px) and (max-width: 480px) 480px, (min-width: 481px) and (max-width: 980px) 980px, (min-width: 981px) 1024px, 100vw\" \/><\/figure>\n\n\n\n<figure class=\"wp-block-image size-large\"><img loading=\"lazy\" decoding=\"async\" width=\"1024\" height=\"576\" data-id=\"3628\" src=\"https:\/\/asociatia-macedonenilor.ro\/wp-content\/uploads\/2023\/09\/ed1827d2-fe49-46a8-b71c-51106dc5e0e3-1024x576.jpg\" alt=\"\" class=\"wp-image-3628\" srcset=\"https:\/\/asociatia-macedonenilor.ro\/wp-content\/uploads\/2023\/09\/ed1827d2-fe49-46a8-b71c-51106dc5e0e3-980x551.jpg 980w, https:\/\/asociatia-macedonenilor.ro\/wp-content\/uploads\/2023\/09\/ed1827d2-fe49-46a8-b71c-51106dc5e0e3-480x270.jpg 480w\" sizes=\"(min-width: 0px) and (max-width: 480px) 480px, (min-width: 481px) and (max-width: 980px) 980px, (min-width: 981px) 1024px, 100vw\" \/><\/figure>\n<\/figure>\n\n\n\n<p>Pe scen\u0103, au evoluat al\u0103turi de ansambluri ale Uniunea Democrat\u0103 a T\u0103tarilor Turco-Musulmani din Rom\u00e2nia ansambluri ale minorit\u0103\u021bilor etnice din Rom\u00e2nia \u0219i ansambluri din str\u0103in\u0103tate.<\/p>\n\n\n\n<p>Ast\u0103zi, 2 septembrie, a avut loc \u0219i parada portului popular pe traseul Sala Sporturilor \u2013 Palatul Administrativ Constan\u021ba \u2013 Pia\u021ba Ovidiu, la care const\u0103n\u021benii \u0219i turi\u0219tii au avut \u0219ansa s\u0103 admire frumoasele costume ale ansamblurilor participante la festival.<\/p>\n\n\n\n<p>Duminic\u0103, 3 septembrie, \u00eencep\u00e2nd cu ora 18.00, pe scena Centrului Multifunc\u021bional Educativ pentru Tineret \u201eJean Constantin\u201d din municipiul Constan\u021ba, va avea loc spectacolul de gal\u0103, \u00een cadrul c\u0103ruia vor urca pe scen\u0103 18 ansambluri, care vor fi mesagerii tradi\u021biilor comunit\u0103\u021bilor pe care le reprezint\u0103.<\/p>\n\n\n\n<p>Mul\u021bumim pentru  invita\u021bie! Este o onoare \u0219i o bucurie s\u0103 fim parte din aceast\u0103 poveste minunat\u0103 pe care Festivalul Interna\u021bional al Dansului, C\u00e2ntecului \u0219i Portului Popular Turco-T\u0103tar o scrie an de an!<\/p>\n","protected":false},"excerpt":{"rendered":"<p>Reprezentan\u021bi ai Asocia\u021biei Macedonenilor din Rom\u00e2nia \u00eempreun\u0103 cu Laura Elen Rogobete Cristescu, pre\u0219edinte A.M.R., particip\u0103 \u00een acest weekend cu solistele noastre talentate la cea de-a XXVII-a edi\u021bie a Festivalului Interna\u021bional al Dansului, C\u00e2ntecului \u0219i Portului Popular Turco-T\u0103tar. De aproape trei decenii, Festivalul Interna\u021bional al Dansului, C\u00e2ntecului \u0219i Portului Popular Turco-T\u0103tar a devenit un reper al [&hellip;]<\/p>\n","protected":false},"author":1,"featured_media":0,"comment_status":"open","ping_status":"open","sticky":false,"template":"","format":"standard","meta":{"_et_pb_use_builder":"off","_et_pb_old_content":"","_et_gb_content_width":"","footnotes":""},"categories":[1,45,36],"tags":[],"class_list":["post-3624","post","type-post","status-publish","format-standard","hentry","category-activitati","category-anunturi","category-diverse"],"_links":{"self":[{"href":"https:\/\/asociatia-macedonenilor.ro\/index.php\/wp-json\/wp\/v2\/posts\/3624","targetHints":{"allow":["GET"]}}],"collection":[{"href":"https:\/\/asociatia-macedonenilor.ro\/index.php\/wp-json\/wp\/v2\/posts"}],"about":[{"href":"https:\/\/asociatia-macedonenilor.ro\/index.php\/wp-json\/wp\/v2\/types\/post"}],"author":[{"embeddable":true,"href":"https:\/\/asociatia-macedonenilor.ro\/index.php\/wp-json\/wp\/v2\/users\/1"}],"replies":[{"embeddable":true,"href":"https:\/\/asociatia-macedonenilor.ro\/index.php\/wp-json\/wp\/v2\/comments?post=3624"}],"version-history":[{"count":3,"href":"https:\/\/asociatia-macedonenilor.ro\/index.php\/wp-json\/wp\/v2\/posts\/3624\/revisions"}],"predecessor-version":[{"id":3632,"href":"https:\/\/asociatia-macedonenilor.ro\/index.php\/wp-json\/wp\/v2\/posts\/3624\/revisions\/3632"}],"wp:attachment":[{"href":"https:\/\/asociatia-macedonenilor.ro\/index.php\/wp-json\/wp\/v2\/media?parent=3624"}],"wp:term":[{"taxonomy":"category","embeddable":true,"href":"https:\/\/asociatia-macedonenilor.ro\/index.php\/wp-json\/wp\/v2\/categories?post=3624"},{"taxonomy":"post_tag","embeddable":true,"href":"https:\/\/asociatia-macedonenilor.ro\/index.php\/wp-json\/wp\/v2\/tags?post=3624"}],"curies":[{"name":"wp","href":"https:\/\/api.w.org\/{rel}","templated":true}]}}