{"id":3474,"date":"2023-04-09T06:22:06","date_gmt":"2023-04-09T06:22:06","guid":{"rendered":"https:\/\/asociatia-macedonenilor.ro\/?p=3474"},"modified":"2023-04-09T06:22:33","modified_gmt":"2023-04-09T06:22:33","slug":"la-multi-ani-5","status":"publish","type":"post","link":"https:\/\/asociatia-macedonenilor.ro\/index.php\/2023\/04\/09\/la-multi-ani-5\/","title":{"rendered":"La mul\u021bi ani!"},"content":{"rendered":"\n<p>Sf\u00e2nta Duminic\u0103 a Floriilor s\u0103 v\u0103 aduc\u0103 bucurii \u0219i mult\u0103 s\u0103n\u0103tate! La mul\u021bi ani tuturor s\u0103rb\u0103tori\u021bilor zilei!<\/p>\n\n\n\n<p>\u041d\u0435\u043a\u0430 \u043f\u0440\u0430\u0437\u043d\u0438\u043a\u043e\u0442 \u0426\u0432\u0435\u0442\u043d\u0438\u0446\u0438 \u0432\u0438 \u0434\u043e\u043d\u0435\u0441\u0435 \u0440\u0430\u0434\u043e\u0441\u0442 \u0438 \u043c\u043d\u043e\u0433\u0443 \u0437\u0434\u0440\u0430\u0432\u0458\u0435! \u0417\u0430 \u043c\u043d\u043e\u0433\u0443 \u0433\u043e\u0434\u0438\u043d\u0438 \u043d\u0430 \u0441\u0438\u0442\u0435 \u043a\u043e\u0438 \u0434\u0435\u043d\u0435\u0441 \u0441\u043b\u0430\u0432\u0430\u0442 \u0438\u043c\u0435\u043d\u0434\u0435\u043d!<\/p>\n\n\n\n<figure class=\"wp-block-image size-large\"><img loading=\"lazy\" decoding=\"async\" width=\"1024\" height=\"1024\" src=\"https:\/\/asociatia-macedonenilor.ro\/wp-content\/uploads\/2023\/04\/felicitare-Florii-1024x1024.jpg\" alt=\"\" class=\"wp-image-3475\" srcset=\"https:\/\/asociatia-macedonenilor.ro\/wp-content\/uploads\/2023\/04\/felicitare-Florii-1024x1024.jpg 1024w, https:\/\/asociatia-macedonenilor.ro\/wp-content\/uploads\/2023\/04\/felicitare-Florii-980x980.jpg 980w, https:\/\/asociatia-macedonenilor.ro\/wp-content\/uploads\/2023\/04\/felicitare-Florii-480x480.jpg 480w\" sizes=\"(min-width: 0px) and (max-width: 480px) 480px, (min-width: 481px) and (max-width: 980px) 980px, (min-width: 981px) 1024px, 100vw\" \/><\/figure>\n\n\n\n<p>Iar, cre\u0219tinilor catolici care s\u0103rb\u0103toresc Pa\u0219tele, lini\u015ftea \u015fi pacea s\u0103 coboare asupra lor \u0219i s\u0103 le aduc\u0103 s\u0103n\u0103tate!<\/p>\n","protected":false},"excerpt":{"rendered":"<p>Sf\u00e2nta Duminic\u0103 a Floriilor s\u0103 v\u0103 aduc\u0103 bucurii \u0219i mult\u0103 s\u0103n\u0103tate! La mul\u021bi ani tuturor s\u0103rb\u0103tori\u021bilor zilei! \u041d\u0435\u043a\u0430 \u043f\u0440\u0430\u0437\u043d\u0438\u043a\u043e\u0442 \u0426\u0432\u0435\u0442\u043d\u0438\u0446\u0438 \u0432\u0438 \u0434\u043e\u043d\u0435\u0441\u0435 \u0440\u0430\u0434\u043e\u0441\u0442 \u0438 \u043c\u043d\u043e\u0433\u0443 \u0437\u0434\u0440\u0430\u0432\u0458\u0435! \u0417\u0430 \u043c\u043d\u043e\u0433\u0443 \u0433\u043e\u0434\u0438\u043d\u0438 \u043d\u0430 \u0441\u0438\u0442\u0435 \u043a\u043e\u0438 \u0434\u0435\u043d\u0435\u0441 \u0441\u043b\u0430\u0432\u0430\u0442 \u0438\u043c\u0435\u043d\u0434\u0435\u043d! Iar, cre\u0219tinilor catolici care s\u0103rb\u0103toresc Pa\u0219tele, lini\u015ftea \u015fi pacea s\u0103 coboare asupra lor \u0219i s\u0103 le aduc\u0103 s\u0103n\u0103tate!<\/p>\n","protected":false},"author":1,"featured_media":0,"comment_status":"open","ping_status":"open","sticky":false,"template":"","format":"standard","meta":{"_et_pb_use_builder":"","_et_pb_old_content":"","_et_gb_content_width":"","footnotes":""},"categories":[1,45],"tags":[],"class_list":["post-3474","post","type-post","status-publish","format-standard","hentry","category-activitati","category-anunturi"],"_links":{"self":[{"href":"https:\/\/asociatia-macedonenilor.ro\/index.php\/wp-json\/wp\/v2\/posts\/3474","targetHints":{"allow":["GET"]}}],"collection":[{"href":"https:\/\/asociatia-macedonenilor.ro\/index.php\/wp-json\/wp\/v2\/posts"}],"about":[{"href":"https:\/\/asociatia-macedonenilor.ro\/index.php\/wp-json\/wp\/v2\/types\/post"}],"author":[{"embeddable":true,"href":"https:\/\/asociatia-macedonenilor.ro\/index.php\/wp-json\/wp\/v2\/users\/1"}],"replies":[{"embeddable":true,"href":"https:\/\/asociatia-macedonenilor.ro\/index.php\/wp-json\/wp\/v2\/comments?post=3474"}],"version-history":[{"count":1,"href":"https:\/\/asociatia-macedonenilor.ro\/index.php\/wp-json\/wp\/v2\/posts\/3474\/revisions"}],"predecessor-version":[{"id":3476,"href":"https:\/\/asociatia-macedonenilor.ro\/index.php\/wp-json\/wp\/v2\/posts\/3474\/revisions\/3476"}],"wp:attachment":[{"href":"https:\/\/asociatia-macedonenilor.ro\/index.php\/wp-json\/wp\/v2\/media?parent=3474"}],"wp:term":[{"taxonomy":"category","embeddable":true,"href":"https:\/\/asociatia-macedonenilor.ro\/index.php\/wp-json\/wp\/v2\/categories?post=3474"},{"taxonomy":"post_tag","embeddable":true,"href":"https:\/\/asociatia-macedonenilor.ro\/index.php\/wp-json\/wp\/v2\/tags?post=3474"}],"curies":[{"name":"wp","href":"https:\/\/api.w.org\/{rel}","templated":true}]}}