{"id":3327,"date":"2022-12-08T16:49:31","date_gmt":"2022-12-08T16:49:31","guid":{"rendered":"https:\/\/asociatia-macedonenilor.ro\/?p=3327"},"modified":"2023-11-25T15:11:30","modified_gmt":"2023-11-25T15:11:30","slug":"8-decembrie-ziua-limbii-macedonene-in-romania-2","status":"publish","type":"post","link":"https:\/\/asociatia-macedonenilor.ro\/index.php\/2022\/12\/08\/8-decembrie-ziua-limbii-macedonene-in-romania-2\/","title":{"rendered":"8 Decembrie &#8211; Ziua Limbii Macedonene \u00een ROM\u00c2NIA"},"content":{"rendered":"\n<p>8 decembrie 2018 este o zi de referin\u0163\u0103 pentru Asocia\u0163ia Macedonenilor din Rom\u00e2nia, la aceast\u0103 dat\u0103 fiind s\u0103rb\u0103torit\u0103, pentru prima oar\u0103, Ziua Limbii Macedonene \u00een Rom\u00e2nia.<\/p>\n\n\n\n<p><strong>Aceast\u0103 zi are o importan\u021b\u0103 deosebit\u0103 pentru macedoneni fiind \u015fi Sf\u00e2ntul Clement din Ohrid, patronul Macedoniei de Nord, al ora\u0219ului Ohrid \u0219i al Bisericii Ortodoxe Macedonene, c\u00e2t \u0219i primul autor de limb\u0103 slavon\u0103.<\/strong><\/p>\n\n\n\n<figure class=\"wp-block-image size-full\"><img loading=\"lazy\" decoding=\"async\" width=\"777\" height=\"960\" src=\"https:\/\/asociatia-macedonenilor.ro\/wp-content\/uploads\/2023\/01\/318968496_188791933666272_70187971263903254_n.jpg\" alt=\"\" class=\"wp-image-3328\" srcset=\"https:\/\/asociatia-macedonenilor.ro\/wp-content\/uploads\/2023\/01\/318968496_188791933666272_70187971263903254_n.jpg 777w, https:\/\/asociatia-macedonenilor.ro\/wp-content\/uploads\/2023\/01\/318968496_188791933666272_70187971263903254_n-480x593.jpg 480w\" sizes=\"(min-width: 0px) and (max-width: 480px) 480px, (min-width: 481px) 777px, 100vw\" \/><\/figure>\n\n\n\n<p><a><\/a>\u201dLimba nu este doar cuvinte. Ea este cultura, tradi\u021bia, liantul societ\u0103\u021bii, \u00eentreaga istorie care arat\u0103 societatea a\u0219a cum este\u201d.<\/p>\n\n\n\n<p>N. Ciomski<\/p>\n\n\n\n<p>Deputatul minorit\u0103\u021bii macedonene din Rom\u00e2nia \u00een perioada 2016-2020, Mariana Venera Popescu, este unicul ini\u021biator al Legii 214\/27.07.2018 publicat\u0103 \u00een Monitorul Oficial nr 664\/31.07.2018 referitoare la instituirea zilei de 8 decembrie ca Zi a Limbii Macedonene \u00een Rom\u00e2nia.<\/p>\n\n\n\n<p>Prin intermediul manifest\u0103rilor organizate de c\u0103tre Asocia\u0163ia Macedonenilor din Rom\u00e2nia, macedonenii \u00ee\u015fi afirm\u0103 identitatea cultural\u0103, element important \u00een \u00eent\u0103rirea rolului lor \u00een societatea rom\u00e2neasc\u0103, \u00een cadrul c\u0103reia se bucur\u0103 de apreciere \u015fi respect.<\/p>\n\n\n\n<p>La mul\u021bi ani, macedoneni!<\/p>\n\n\n\n<p>La mul\u021bi ani limbii macedonene!<\/p>\n\n\n\n<p><\/p>\n","protected":false},"excerpt":{"rendered":"<p>8 decembrie 2018 este o zi de referin\u0163\u0103 pentru Asocia\u0163ia Macedonenilor din Rom\u00e2nia, la aceast\u0103 dat\u0103 fiind s\u0103rb\u0103torit\u0103, pentru prima oar\u0103, Ziua Limbii Macedonene \u00een Rom\u00e2nia. Aceast\u0103 zi are o importan\u021b\u0103 deosebit\u0103 pentru macedoneni fiind \u015fi Sf\u00e2ntul Clement din Ohrid, patronul Macedoniei de Nord, al ora\u0219ului Ohrid \u0219i al Bisericii Ortodoxe Macedonene, c\u00e2t \u0219i primul [&hellip;]<\/p>\n","protected":false},"author":1,"featured_media":0,"comment_status":"open","ping_status":"open","sticky":false,"template":"","format":"standard","meta":{"_et_pb_use_builder":"off","_et_pb_old_content":"","_et_gb_content_width":"","footnotes":""},"categories":[1],"tags":[],"class_list":["post-3327","post","type-post","status-publish","format-standard","hentry","category-activitati"],"_links":{"self":[{"href":"https:\/\/asociatia-macedonenilor.ro\/index.php\/wp-json\/wp\/v2\/posts\/3327","targetHints":{"allow":["GET"]}}],"collection":[{"href":"https:\/\/asociatia-macedonenilor.ro\/index.php\/wp-json\/wp\/v2\/posts"}],"about":[{"href":"https:\/\/asociatia-macedonenilor.ro\/index.php\/wp-json\/wp\/v2\/types\/post"}],"author":[{"embeddable":true,"href":"https:\/\/asociatia-macedonenilor.ro\/index.php\/wp-json\/wp\/v2\/users\/1"}],"replies":[{"embeddable":true,"href":"https:\/\/asociatia-macedonenilor.ro\/index.php\/wp-json\/wp\/v2\/comments?post=3327"}],"version-history":[{"count":2,"href":"https:\/\/asociatia-macedonenilor.ro\/index.php\/wp-json\/wp\/v2\/posts\/3327\/revisions"}],"predecessor-version":[{"id":3713,"href":"https:\/\/asociatia-macedonenilor.ro\/index.php\/wp-json\/wp\/v2\/posts\/3327\/revisions\/3713"}],"wp:attachment":[{"href":"https:\/\/asociatia-macedonenilor.ro\/index.php\/wp-json\/wp\/v2\/media?parent=3327"}],"wp:term":[{"taxonomy":"category","embeddable":true,"href":"https:\/\/asociatia-macedonenilor.ro\/index.php\/wp-json\/wp\/v2\/categories?post=3327"},{"taxonomy":"post_tag","embeddable":true,"href":"https:\/\/asociatia-macedonenilor.ro\/index.php\/wp-json\/wp\/v2\/tags?post=3327"}],"curies":[{"name":"wp","href":"https:\/\/api.w.org\/{rel}","templated":true}]}}