{"id":3217,"date":"2022-01-24T17:18:00","date_gmt":"2022-01-24T17:18:00","guid":{"rendered":"https:\/\/asociatia-macedonenilor.ro\/?p=3217"},"modified":"2022-09-29T13:39:45","modified_gmt":"2022-09-29T13:39:45","slug":"unirea-principatelor-romane-din-anul-1859","status":"publish","type":"post","link":"https:\/\/asociatia-macedonenilor.ro\/index.php\/2022\/01\/24\/unirea-principatelor-romane-din-anul-1859\/","title":{"rendered":"Unirea Principatelor Rom\u00e2ne din anul 1859"},"content":{"rendered":"\n<p>Ziua de 24 Ianuarie are o \u00eensemn\u0103tate crucial\u0103 \u00een istoria Rom\u00e2niei.<\/p>\n\n\n\n<p>\u00cen fiecare an, la 24 ianuarie, rom\u00e2nii s\u0103rb\u0103toresc Unirea Principatelor Rom\u00e2ne din anul 1859, realizat\u0103 sub conducerea domnitorului Alexandru Ioan Cuza, un act de voin\u0163\u0103 politic\u0103 al liderilor din cele dou\u0103 principate rom\u00e2ne\u015fti (Moldova \u015fi \u0162ara Rom\u00e2neasc\u0103) \u015fi prima etap\u0103 \u00een crearea statului unitar rom\u00e2n modern.<\/p>\n\n\n\n<p>La mul\u021bi ani, Rom\u00e2nia!<\/p>\n","protected":false},"excerpt":{"rendered":"<p>Ziua de 24 Ianuarie are o \u00eensemn\u0103tate crucial\u0103 \u00een istoria Rom\u00e2niei. \u00cen fiecare an, la 24 ianuarie, rom\u00e2nii s\u0103rb\u0103toresc Unirea Principatelor Rom\u00e2ne din anul 1859, realizat\u0103 sub conducerea domnitorului Alexandru Ioan Cuza, un act de voin\u0163\u0103 politic\u0103 al liderilor din cele dou\u0103 principate rom\u00e2ne\u015fti (Moldova \u015fi \u0162ara Rom\u00e2neasc\u0103) \u015fi prima etap\u0103 \u00een crearea statului unitar [&hellip;]<\/p>\n","protected":false},"author":1,"featured_media":3218,"comment_status":"open","ping_status":"open","sticky":false,"template":"","format":"standard","meta":{"_et_pb_use_builder":"off","_et_pb_old_content":"","_et_gb_content_width":"","footnotes":""},"categories":[1],"tags":[],"class_list":["post-3217","post","type-post","status-publish","format-standard","has-post-thumbnail","hentry","category-activitati"],"_links":{"self":[{"href":"https:\/\/asociatia-macedonenilor.ro\/index.php\/wp-json\/wp\/v2\/posts\/3217","targetHints":{"allow":["GET"]}}],"collection":[{"href":"https:\/\/asociatia-macedonenilor.ro\/index.php\/wp-json\/wp\/v2\/posts"}],"about":[{"href":"https:\/\/asociatia-macedonenilor.ro\/index.php\/wp-json\/wp\/v2\/types\/post"}],"author":[{"embeddable":true,"href":"https:\/\/asociatia-macedonenilor.ro\/index.php\/wp-json\/wp\/v2\/users\/1"}],"replies":[{"embeddable":true,"href":"https:\/\/asociatia-macedonenilor.ro\/index.php\/wp-json\/wp\/v2\/comments?post=3217"}],"version-history":[{"count":1,"href":"https:\/\/asociatia-macedonenilor.ro\/index.php\/wp-json\/wp\/v2\/posts\/3217\/revisions"}],"predecessor-version":[{"id":3219,"href":"https:\/\/asociatia-macedonenilor.ro\/index.php\/wp-json\/wp\/v2\/posts\/3217\/revisions\/3219"}],"wp:featuredmedia":[{"embeddable":true,"href":"https:\/\/asociatia-macedonenilor.ro\/index.php\/wp-json\/wp\/v2\/media\/3218"}],"wp:attachment":[{"href":"https:\/\/asociatia-macedonenilor.ro\/index.php\/wp-json\/wp\/v2\/media?parent=3217"}],"wp:term":[{"taxonomy":"category","embeddable":true,"href":"https:\/\/asociatia-macedonenilor.ro\/index.php\/wp-json\/wp\/v2\/categories?post=3217"},{"taxonomy":"post_tag","embeddable":true,"href":"https:\/\/asociatia-macedonenilor.ro\/index.php\/wp-json\/wp\/v2\/tags?post=3217"}],"curies":[{"name":"wp","href":"https:\/\/api.w.org\/{rel}","templated":true}]}}