{"id":3214,"date":"2022-02-04T12:10:00","date_gmt":"2022-02-04T12:10:00","guid":{"rendered":"https:\/\/asociatia-macedonenilor.ro\/?p=3214"},"modified":"2022-09-29T13:38:10","modified_gmt":"2022-09-29T13:38:10","slug":"150-de-ani-de-la-nasterea-lui-goce-delchev","status":"publish","type":"post","link":"https:\/\/asociatia-macedonenilor.ro\/index.php\/2022\/02\/04\/150-de-ani-de-la-nasterea-lui-goce-delchev\/","title":{"rendered":"150 de ani de la na\u0219terea lui Goce Delchev"},"content":{"rendered":"\n<p>Pe 4 februarie 1872 s-a n\u0103scut Goce Delchev &#8211; revolu\u021bionar \u0219i erou na\u021bional macedonean, ideolog al Mi\u0219c\u0103rii Revolu\u021bionare de Eliberare Na\u021bional\u0103 Macedonean\u0103<\/p>\n\n\n\n<p>Ideologia, flac\u0103ra l\u0103untric\u0103 ce l-a \u00eempins pe Goce Delcev s\u0103 lupte pentru recunoa\u0219terea identit\u0103\u021bii macedonene, este inspira\u021bie pentru AMR \u0219i un model demn de urmat \u00een eforturile sale sus\u021binute \u00een p\u0103strarea, dezvoltarea, transmiterea \u0219i promovarea mo\u015ftenirii culturale macedonene.<\/p>\n\n\n\n<p><a><\/a>Slav\u0103 \u021bie, eroul tuturor macedonenilor!<\/p>\n","protected":false},"excerpt":{"rendered":"<p>Pe 4 februarie 1872 s-a n\u0103scut Goce Delchev &#8211; revolu\u021bionar \u0219i erou na\u021bional macedonean, ideolog al Mi\u0219c\u0103rii Revolu\u021bionare de Eliberare Na\u021bional\u0103 Macedonean\u0103 Ideologia, flac\u0103ra l\u0103untric\u0103 ce l-a \u00eempins pe Goce Delcev s\u0103 lupte pentru recunoa\u0219terea identit\u0103\u021bii macedonene, este inspira\u021bie pentru AMR \u0219i un model demn de urmat \u00een eforturile sale sus\u021binute \u00een p\u0103strarea, dezvoltarea, transmiterea [&hellip;]<\/p>\n","protected":false},"author":1,"featured_media":3215,"comment_status":"open","ping_status":"open","sticky":false,"template":"","format":"standard","meta":{"_et_pb_use_builder":"off","_et_pb_old_content":"","_et_gb_content_width":"","footnotes":""},"categories":[1],"tags":[],"class_list":["post-3214","post","type-post","status-publish","format-standard","has-post-thumbnail","hentry","category-activitati"],"_links":{"self":[{"href":"https:\/\/asociatia-macedonenilor.ro\/index.php\/wp-json\/wp\/v2\/posts\/3214","targetHints":{"allow":["GET"]}}],"collection":[{"href":"https:\/\/asociatia-macedonenilor.ro\/index.php\/wp-json\/wp\/v2\/posts"}],"about":[{"href":"https:\/\/asociatia-macedonenilor.ro\/index.php\/wp-json\/wp\/v2\/types\/post"}],"author":[{"embeddable":true,"href":"https:\/\/asociatia-macedonenilor.ro\/index.php\/wp-json\/wp\/v2\/users\/1"}],"replies":[{"embeddable":true,"href":"https:\/\/asociatia-macedonenilor.ro\/index.php\/wp-json\/wp\/v2\/comments?post=3214"}],"version-history":[{"count":1,"href":"https:\/\/asociatia-macedonenilor.ro\/index.php\/wp-json\/wp\/v2\/posts\/3214\/revisions"}],"predecessor-version":[{"id":3216,"href":"https:\/\/asociatia-macedonenilor.ro\/index.php\/wp-json\/wp\/v2\/posts\/3214\/revisions\/3216"}],"wp:featuredmedia":[{"embeddable":true,"href":"https:\/\/asociatia-macedonenilor.ro\/index.php\/wp-json\/wp\/v2\/media\/3215"}],"wp:attachment":[{"href":"https:\/\/asociatia-macedonenilor.ro\/index.php\/wp-json\/wp\/v2\/media?parent=3214"}],"wp:term":[{"taxonomy":"category","embeddable":true,"href":"https:\/\/asociatia-macedonenilor.ro\/index.php\/wp-json\/wp\/v2\/categories?post=3214"},{"taxonomy":"post_tag","embeddable":true,"href":"https:\/\/asociatia-macedonenilor.ro\/index.php\/wp-json\/wp\/v2\/tags?post=3214"}],"curies":[{"name":"wp","href":"https:\/\/api.w.org\/{rel}","templated":true}]}}