{"id":3168,"date":"2022-03-24T12:10:00","date_gmt":"2022-03-24T12:10:00","guid":{"rendered":"https:\/\/asociatia-macedonenilor.ro\/?p=3168"},"modified":"2022-09-29T13:13:35","modified_gmt":"2022-09-29T13:13:35","slug":"targului-de-carte-gaudeamus-craiova","status":"publish","type":"post","link":"https:\/\/asociatia-macedonenilor.ro\/index.php\/2022\/03\/24\/targului-de-carte-gaudeamus-craiova\/","title":{"rendered":"T\u00e2rgului de Carte Gaudeamus &#8211; Craiova"},"content":{"rendered":"\n<p>\u00cen perioada 23-27 martie, AMR va fi prezent\u0103 la T\u00e2rgul de Carte Gaudeamus Radio Rom\u00e2nia, edi\u021bia Craiova.<\/p>\n\n\n\n<p>Evenimentul, ajuns \u00een acest an la edi\u021bia cu num\u0103rul 20, este organizat de Radio Rom\u00e2nia, prin echipa Gaudeamus \u0219i Radio Rom\u00e2nia Oltenia \u2013 Craiova \u0219i se va desf\u0103\u0219ura \u00een spa\u021biul care \u00eel g\u0103zduie\u0219te anual: foaierul Teatrului Na\u021bional \u201eMarin Sorescu\u201d.<\/p>\n\n\n\n<p>AMR se va afla la standul 33, la etaj, cu revista Macedoneanul, dar \u0219i apari\u021biile editoriale, calendare \u0219i flyere.<\/p>\n\n\n\n<p>Programul <a><\/a>evenimentului: zilnic 10.00 &#8211; 18.00, de miercuri p\u00e2n\u0103 s\u00e2mb\u0103t\u0103, \u0219i 10.00 \u2013 15.00, duminic\u0103.<\/p>\n\n\n\n<p>La edi\u021bia din acest an vor fi prezen\u021bi 37 de participan\u021bi, peste 30 de sesiuni de lans\u0103ri \u0219i prezent\u0103ri de carte, care vor reuni mai mult de 60 de titluri, mii de volume, multe dintre ele recent publicate \u0219i prezentate \u00een premier\u0103 la un t\u00e2rg de carte.<\/p>\n\n\n\n<figure class=\"wp-block-gallery has-nested-images columns-default is-cropped wp-block-gallery-1 is-layout-flex wp-block-gallery-is-layout-flex\">\n<figure class=\"wp-block-image size-large\"><img loading=\"lazy\" decoding=\"async\" width=\"276\" height=\"600\" data-id=\"3170\" src=\"https:\/\/asociatia-macedonenilor.ro\/wp-content\/uploads\/2022\/09\/276120009_4863306353781941_6239377547830659812_n.jpeg\" alt=\"\" class=\"wp-image-3170\" srcset=\"https:\/\/asociatia-macedonenilor.ro\/wp-content\/uploads\/2022\/09\/276120009_4863306353781941_6239377547830659812_n.jpeg 276w, https:\/\/asociatia-macedonenilor.ro\/wp-content\/uploads\/2022\/09\/276120009_4863306353781941_6239377547830659812_n-138x300.jpeg 138w\" sizes=\"(max-width: 276px) 100vw, 276px\" \/><\/figure>\n\n\n\n<figure class=\"wp-block-image size-large\"><img loading=\"lazy\" decoding=\"async\" width=\"450\" height=\"600\" data-id=\"3171\" src=\"https:\/\/asociatia-macedonenilor.ro\/wp-content\/uploads\/2022\/09\/277176137_4869150193197557_4619172286142735370_n.jpeg\" alt=\"\" class=\"wp-image-3171\" srcset=\"https:\/\/asociatia-macedonenilor.ro\/wp-content\/uploads\/2022\/09\/277176137_4869150193197557_4619172286142735370_n.jpeg 450w, https:\/\/asociatia-macedonenilor.ro\/wp-content\/uploads\/2022\/09\/277176137_4869150193197557_4619172286142735370_n-225x300.jpeg 225w\" sizes=\"(max-width: 450px) 100vw, 450px\" \/><\/figure>\n\n\n\n<figure class=\"wp-block-image size-large\"><img loading=\"lazy\" decoding=\"async\" width=\"600\" height=\"338\" data-id=\"3169\" src=\"https:\/\/asociatia-macedonenilor.ro\/wp-content\/uploads\/2022\/09\/277231164_4871192682993308_1519476623652036259_n.jpeg\" alt=\"\" class=\"wp-image-3169\" srcset=\"https:\/\/asociatia-macedonenilor.ro\/wp-content\/uploads\/2022\/09\/277231164_4871192682993308_1519476623652036259_n.jpeg 600w, https:\/\/asociatia-macedonenilor.ro\/wp-content\/uploads\/2022\/09\/277231164_4871192682993308_1519476623652036259_n-480x270.jpeg 480w\" sizes=\"(min-width: 0px) and (max-width: 480px) 480px, (min-width: 481px) 600px, 100vw\" \/><\/figure>\n<\/figure>\n","protected":false},"excerpt":{"rendered":"<p>\u00cen perioada 23-27 martie, AMR va fi prezent\u0103 la T\u00e2rgul de Carte Gaudeamus Radio Rom\u00e2nia, edi\u021bia Craiova. Evenimentul, ajuns \u00een acest an la edi\u021bia cu num\u0103rul 20, este organizat de Radio Rom\u00e2nia, prin echipa Gaudeamus \u0219i Radio Rom\u00e2nia Oltenia \u2013 Craiova \u0219i se va desf\u0103\u0219ura \u00een spa\u021biul care \u00eel g\u0103zduie\u0219te anual: foaierul Teatrului Na\u021bional \u201eMarin [&hellip;]<\/p>\n","protected":false},"author":1,"featured_media":3171,"comment_status":"open","ping_status":"open","sticky":false,"template":"","format":"standard","meta":{"_et_pb_use_builder":"off","_et_pb_old_content":"","_et_gb_content_width":"","footnotes":""},"categories":[1],"tags":[],"class_list":["post-3168","post","type-post","status-publish","format-standard","has-post-thumbnail","hentry","category-activitati"],"_links":{"self":[{"href":"https:\/\/asociatia-macedonenilor.ro\/index.php\/wp-json\/wp\/v2\/posts\/3168","targetHints":{"allow":["GET"]}}],"collection":[{"href":"https:\/\/asociatia-macedonenilor.ro\/index.php\/wp-json\/wp\/v2\/posts"}],"about":[{"href":"https:\/\/asociatia-macedonenilor.ro\/index.php\/wp-json\/wp\/v2\/types\/post"}],"author":[{"embeddable":true,"href":"https:\/\/asociatia-macedonenilor.ro\/index.php\/wp-json\/wp\/v2\/users\/1"}],"replies":[{"embeddable":true,"href":"https:\/\/asociatia-macedonenilor.ro\/index.php\/wp-json\/wp\/v2\/comments?post=3168"}],"version-history":[{"count":2,"href":"https:\/\/asociatia-macedonenilor.ro\/index.php\/wp-json\/wp\/v2\/posts\/3168\/revisions"}],"predecessor-version":[{"id":3174,"href":"https:\/\/asociatia-macedonenilor.ro\/index.php\/wp-json\/wp\/v2\/posts\/3168\/revisions\/3174"}],"wp:featuredmedia":[{"embeddable":true,"href":"https:\/\/asociatia-macedonenilor.ro\/index.php\/wp-json\/wp\/v2\/media\/3171"}],"wp:attachment":[{"href":"https:\/\/asociatia-macedonenilor.ro\/index.php\/wp-json\/wp\/v2\/media?parent=3168"}],"wp:term":[{"taxonomy":"category","embeddable":true,"href":"https:\/\/asociatia-macedonenilor.ro\/index.php\/wp-json\/wp\/v2\/categories?post=3168"},{"taxonomy":"post_tag","embeddable":true,"href":"https:\/\/asociatia-macedonenilor.ro\/index.php\/wp-json\/wp\/v2\/tags?post=3168"}],"curies":[{"name":"wp","href":"https:\/\/api.w.org\/{rel}","templated":true}]}}