{"id":3159,"date":"2022-04-04T16:45:00","date_gmt":"2022-04-04T16:45:00","guid":{"rendered":"https:\/\/asociatia-macedonenilor.ro\/?p=3159"},"modified":"2022-09-29T13:06:30","modified_gmt":"2022-09-29T13:06:30","slug":"deputatul-ionel-stancu-modificare-importanta-pentru-tulceni","status":"publish","type":"post","link":"https:\/\/asociatia-macedonenilor.ro\/index.php\/2022\/04\/04\/deputatul-ionel-stancu-modificare-importanta-pentru-tulceni\/","title":{"rendered":"Deputatul Ionel Stancu-\u00a0modificare importanta pentru tulceni!"},"content":{"rendered":"\n<p>Deputatul Ionel Stancu, \u00een calitate de ini\u021biator, al\u0103turi de deputa\u021bii lusein IBRAM \u2013 Uniunea Democrat\u0103 Turc\u0103 din Rom\u00e2nia \u0219i Silviu VEXLER \u2013 Federa\u0163ia Comunit\u0103\u0163ilor Evreie\u015fti din Rom\u00e2nia, au adus o modificare extrem de important\u0103 pentru tulceni la Legea pensiilor.<\/p>\n\n\n\n<p>\u201dM\u0103 bucur nespus pentru \u00eenc\u0103 o reu\u0219it\u0103 a reprezentan\u021bilor minorit\u0103\u021bilor na\u021bionale. Pe 29 aprilie, proiectul ini\u021biat de mine \u0219i sus\u021binut de colegii mei a fost votat \u00een Camera Deputa\u021bilor, aduc\u00e2nd o modificare extrem de important\u0103 pentru tulceni la Legea pensiilor, mai exact, includerea Municipiului Tulcea \u00een r\u00e2ndul localit\u0103\u021bilor prev\u0103zute \u00een alin. 5 al art. 65 din Legea nr. 263\/2010, cu modific\u0103rile \u0219i complet\u0103rile ulterioare. Am reu\u0219it astfel reducerea v\u00e2rstei standard de pensionare cu 2 ani f\u0103r\u0103 penalizare pentru locuitorii acestui municipiu. Conform Institutului Na\u0163ional de Statistic\u0103 speran\u0163a de viat\u00e4 \u00een jude\u0163ul Tulcea este de doar 73 de ani, a doua cea mai mic\u0103 din \u021bar\u0103 dup\u0103 jude\u0163ul Satu Mare\u201d \u2013 Ionel Stancu.<\/p>\n\n\n\n<p>Vestea anului: TO\u0162I TULCENII ies la pensie cu 2 ani mai devreme!<\/p>\n\n\n\n<p>\u00cen \u015fedin\u0163a de plen a Cemerei Deputa\u0163ilor, cu 209 voturi PENTRU, 81 IMPOTRIV\u0102 \u015fi 2 AB\u0162INERI a fost adoptat\u0103 Pl-x 170\/2021, proiectul de lege ini\u0163iat de trei deputa\u0163i ai minorit\u0103\u0163ilor \u015fi anume deputat lusein IBRAM \u2013 Uniunea Democrat\u0103 Turc\u0103 din Rom\u00e2nia, deputat Silviu VEXLER \u2013 Federa\u0163ia Comunit\u0103\u0163ilor Evreie\u015fti din Rom\u00e2nia \u015fi deputat Ionel STANCU \u2013 Asocia\u0163ia Macedonenilor din Rom\u00e2nia, lege ce permite pentru TO\u0162I <a><\/a>TULCENII s\u0103 se pensioneze mai devreme cu doi ani!<\/p>\n\n\n\n<p>Felicit\u0103ri, domnule deputat!<\/p>\n","protected":false},"excerpt":{"rendered":"<p>Deputatul Ionel Stancu, \u00een calitate de ini\u021biator, al\u0103turi de deputa\u021bii lusein IBRAM \u2013 Uniunea Democrat\u0103 Turc\u0103 din Rom\u00e2nia \u0219i Silviu VEXLER \u2013 Federa\u0163ia Comunit\u0103\u0163ilor Evreie\u015fti din Rom\u00e2nia, au adus o modificare extrem de important\u0103 pentru tulceni la Legea pensiilor. \u201dM\u0103 bucur nespus pentru \u00eenc\u0103 o reu\u0219it\u0103 a reprezentan\u021bilor minorit\u0103\u021bilor na\u021bionale. Pe 29 aprilie, proiectul ini\u021biat [&hellip;]<\/p>\n","protected":false},"author":1,"featured_media":0,"comment_status":"open","ping_status":"open","sticky":false,"template":"","format":"standard","meta":{"_et_pb_use_builder":"off","_et_pb_old_content":"","_et_gb_content_width":"","footnotes":""},"categories":[1],"tags":[],"class_list":["post-3159","post","type-post","status-publish","format-standard","hentry","category-activitati"],"_links":{"self":[{"href":"https:\/\/asociatia-macedonenilor.ro\/index.php\/wp-json\/wp\/v2\/posts\/3159","targetHints":{"allow":["GET"]}}],"collection":[{"href":"https:\/\/asociatia-macedonenilor.ro\/index.php\/wp-json\/wp\/v2\/posts"}],"about":[{"href":"https:\/\/asociatia-macedonenilor.ro\/index.php\/wp-json\/wp\/v2\/types\/post"}],"author":[{"embeddable":true,"href":"https:\/\/asociatia-macedonenilor.ro\/index.php\/wp-json\/wp\/v2\/users\/1"}],"replies":[{"embeddable":true,"href":"https:\/\/asociatia-macedonenilor.ro\/index.php\/wp-json\/wp\/v2\/comments?post=3159"}],"version-history":[{"count":2,"href":"https:\/\/asociatia-macedonenilor.ro\/index.php\/wp-json\/wp\/v2\/posts\/3159\/revisions"}],"predecessor-version":[{"id":3162,"href":"https:\/\/asociatia-macedonenilor.ro\/index.php\/wp-json\/wp\/v2\/posts\/3159\/revisions\/3162"}],"wp:attachment":[{"href":"https:\/\/asociatia-macedonenilor.ro\/index.php\/wp-json\/wp\/v2\/media?parent=3159"}],"wp:term":[{"taxonomy":"category","embeddable":true,"href":"https:\/\/asociatia-macedonenilor.ro\/index.php\/wp-json\/wp\/v2\/categories?post=3159"},{"taxonomy":"post_tag","embeddable":true,"href":"https:\/\/asociatia-macedonenilor.ro\/index.php\/wp-json\/wp\/v2\/tags?post=3159"}],"curies":[{"name":"wp","href":"https:\/\/api.w.org\/{rel}","templated":true}]}}