{"id":3125,"date":"2022-05-04T14:16:00","date_gmt":"2022-05-04T14:16:00","guid":{"rendered":"https:\/\/asociatia-macedonenilor.ro\/?p=3125"},"modified":"2022-09-29T12:47:57","modified_gmt":"2022-09-29T12:47:57","slug":"gote-delchev-4-februarie-1872-4-mai-1903","status":"publish","type":"post","link":"https:\/\/asociatia-macedonenilor.ro\/index.php\/2022\/05\/04\/gote-delchev-4-februarie-1872-4-mai-1903\/","title":{"rendered":"Go\u021be Delchev (4 februarie 1872 \u2013 4 mai 1903)"},"content":{"rendered":"\n<p>Go\u021be Delchev (4 februarie 1872 \u2013 4 mai 1903) &#8211; unul dintre fondatorii mi\u0219c\u0103rii na\u021bionale macedonene\u2060<\/p>\n\n\n\n<p>Se \u00eemplinesc ast\u0103zi, 4 mai, 119 de ani de la moartea eroului macedonean Go\u0163e Delcev (\u0413\u043e\u0446\u0435 \u0414\u0435\u043b\u0447\u0435\u0432).<\/p>\n\n\n\n<p>Go\u0163e Delcev a fost fiul patrio\u0163ilor macedoneni Nikola \u015fi Sultana Delcev. El s-a n\u0103scut \u00een 4 februarie 1872.<\/p>\n\n\n\n<p><a><\/a>Delcev a fost ucis \u00een 4 mai 1903 \u00een apropierea satului Bani\u0163a, regiunea Seres, \u00eentr-o lupt\u0103 cu for\u0163ele turce\u015fti. R\u0103m\u0103\u015fi\u0163ele lui Delcev au fost transferate \u00een Bulgaria \u00een anul 1923, apoi, dup\u0103 cel de-al Doilea R\u0103zboi Mondial, \u00een 10 octombrie 1946, acestea s-au \u00eentors \u00een Republica Macedonia. A doua zi ele au fost depuse \u00eentr-un sarcofag de marmur\u0103, care \u015fi ast\u0103zi se g\u0103se\u015fte \u00een Skopje, \u00een curtea Bisericii Sveti Spas.<\/p>\n\n\n\n<p>Delcev a r\u0103mas \u00een memoria colectiv\u0103 \u015fi va fi mereu amintit ca liderul de necontestat al Organiza\u0163iei Revolu\u0163ionare Macedonene.<\/p>\n","protected":false},"excerpt":{"rendered":"<p>Go\u021be Delchev (4 februarie 1872 \u2013 4 mai 1903) &#8211; unul dintre fondatorii mi\u0219c\u0103rii na\u021bionale macedonene\u2060 Se \u00eemplinesc ast\u0103zi, 4 mai, 119 de ani de la moartea eroului macedonean Go\u0163e Delcev (\u0413\u043e\u0446\u0435 \u0414\u0435\u043b\u0447\u0435\u0432). Go\u0163e Delcev a fost fiul patrio\u0163ilor macedoneni Nikola \u015fi Sultana Delcev. El s-a n\u0103scut \u00een 4 februarie 1872. Delcev a fost ucis [&hellip;]<\/p>\n","protected":false},"author":1,"featured_media":3126,"comment_status":"open","ping_status":"open","sticky":false,"template":"","format":"standard","meta":{"_et_pb_use_builder":"off","_et_pb_old_content":"","_et_gb_content_width":"","footnotes":""},"categories":[1],"tags":[],"class_list":["post-3125","post","type-post","status-publish","format-standard","has-post-thumbnail","hentry","category-activitati"],"_links":{"self":[{"href":"https:\/\/asociatia-macedonenilor.ro\/index.php\/wp-json\/wp\/v2\/posts\/3125","targetHints":{"allow":["GET"]}}],"collection":[{"href":"https:\/\/asociatia-macedonenilor.ro\/index.php\/wp-json\/wp\/v2\/posts"}],"about":[{"href":"https:\/\/asociatia-macedonenilor.ro\/index.php\/wp-json\/wp\/v2\/types\/post"}],"author":[{"embeddable":true,"href":"https:\/\/asociatia-macedonenilor.ro\/index.php\/wp-json\/wp\/v2\/users\/1"}],"replies":[{"embeddable":true,"href":"https:\/\/asociatia-macedonenilor.ro\/index.php\/wp-json\/wp\/v2\/comments?post=3125"}],"version-history":[{"count":1,"href":"https:\/\/asociatia-macedonenilor.ro\/index.php\/wp-json\/wp\/v2\/posts\/3125\/revisions"}],"predecessor-version":[{"id":3127,"href":"https:\/\/asociatia-macedonenilor.ro\/index.php\/wp-json\/wp\/v2\/posts\/3125\/revisions\/3127"}],"wp:featuredmedia":[{"embeddable":true,"href":"https:\/\/asociatia-macedonenilor.ro\/index.php\/wp-json\/wp\/v2\/media\/3126"}],"wp:attachment":[{"href":"https:\/\/asociatia-macedonenilor.ro\/index.php\/wp-json\/wp\/v2\/media?parent=3125"}],"wp:term":[{"taxonomy":"category","embeddable":true,"href":"https:\/\/asociatia-macedonenilor.ro\/index.php\/wp-json\/wp\/v2\/categories?post=3125"},{"taxonomy":"post_tag","embeddable":true,"href":"https:\/\/asociatia-macedonenilor.ro\/index.php\/wp-json\/wp\/v2\/tags?post=3125"}],"curies":[{"name":"wp","href":"https:\/\/api.w.org\/{rel}","templated":true}]}}