{"id":3122,"date":"2022-05-05T09:04:00","date_gmt":"2022-05-05T09:04:00","guid":{"rendered":"https:\/\/asociatia-macedonenilor.ro\/?p=3122"},"modified":"2022-09-29T12:46:43","modified_gmt":"2022-09-29T12:46:43","slug":"5-mai-ziua-alfabetului-macedonean-si-a-limbii-macedonene","status":"publish","type":"post","link":"https:\/\/asociatia-macedonenilor.ro\/index.php\/2022\/05\/05\/5-mai-ziua-alfabetului-macedonean-si-a-limbii-macedonene\/","title":{"rendered":"5 mai, Ziua Alfabetului Macedonean \u0219i a Limbii macedonene!"},"content":{"rendered":"\n<p>5 mai este o zi important\u0103 pentru macedoneni, este ziua \u00een care Guvernul Republicii Macedonia a luat decizia adopt\u0103rii alfabetului macedonean, iar ulterior instaurarea acestuia ca fiind unica ortografie valabil\u0103 a limbii macedonene.<\/p>\n\n\n\n<p>Alfabetul macedonean este bazat pe alfabetul chirilic, cu unele modific\u0103ri adaptate sistemului vocal macedonean.<\/p>\n\n\n\n<p>Asocia\u021bia Macedonenilor din Rom\u00e2nia organizeaz\u0103 cursuri de limba macedonean\u0103 la sediile proprii din \u021bar\u0103 at\u00e2t pentru membrii, c\u00e2t \u0219i <a><\/a>pentru persoane din afara asocia\u021biei, dar \u0219i tabere de limba macedonean\u0103 pentru membrii s\u0103i.<\/p>\n\n\n\n<p>Prin aceste cursuri, ce asigur\u0103 continuitatea limbii macedonene \u00een afara grani\u021belor \u021b\u0103rii de origine, se aduce un mic omagiu de fiecare dat\u0103 limbii macedonene \u0219i, implicit, alfabetului macedonean, f\u0103r\u0103 care transmiterea \u0219i p\u0103strarea acesteia nu s-ar putea realiza.<\/p>\n\n\n\n<p>5 mai fericit, Ziua Alfabetului Macedonean \u0219i a Limbii macedonene!<\/p>\n\n\n\n<p>5\u0442\u0438 \u043c\u0430\u0458 \u0435 \u0432\u0430\u0436\u0435\u043d \u0434\u0435\u043d \u0437\u0430 \u041c\u0430\u043a\u0435\u0434\u043e\u043d\u0446\u0438\u0442\u0435, \u0442\u043e\u0430 \u0435 \u0434\u0435\u043d\u043e\u0442 \u043a\u043e\u0433\u0430 \u0412\u043b\u0430\u0434\u0430\u0442\u0430 \u043d\u0430 \u0420\u0435\u043f\u0443\u0431\u043b\u0438\u043a\u0430 \u041c\u0430\u043a\u0435\u0434\u043e\u043d\u0438\u0458\u0430 \u0434\u043e\u043d\u0435\u0441\u0435 \u043e\u0434\u043b\u0443\u043a\u0430 \u0437\u0430 \u0443\u0441\u0432\u043e\u0458\u0443\u0432\u0430\u045a\u0435 \u043d\u0430 \u043c\u0430\u043a\u0435\u0434\u043e\u043d\u0441\u043a\u0430\u0442\u0430 \u0430\u0437\u0431\u0443\u043a\u0430, \u0430 \u043f\u043e\u0442\u043e\u0430 \u0434\u0430 \u0441\u0435 \u043e\u0437\u0430\u043a\u043e\u043d\u0438 \u043a\u0430\u043a\u043e \u0435\u0434\u0438\u043d\u0441\u0442\u0432\u0435\u043d \u0432\u0430\u043b\u0438\u0434\u0435\u043d \u043f\u0440\u0430\u0432\u043e\u043f\u0438\u0441 \u043d\u0430 \u043c\u0430\u043a\u0435\u0434\u043e\u043d\u0441\u043a\u0438\u043e\u0442 \u0458\u0430\u0437\u0438\u043a.<\/p>\n\n\n\n<p>\u041c\u0430\u043a\u0435\u0434\u043e\u043d\u0441\u043a\u0430\u0442\u0430 \u0430\u0437\u0431\u0443\u043a\u0430 \u0441\u0435 \u0442\u0435\u043c\u0435\u043b\u0438 \u043d\u0430 \u043a\u0438\u0440\u0438\u043b\u0438\u0446\u0430\u0442\u0430, \u0441\u043e \u043d\u0435\u043a\u043e\u0438 \u043c\u043e\u0434\u0438\u0444\u0438\u043a\u0430\u0446\u0438\u0438 \u043f\u0440\u0438\u043b\u0430\u0433\u043e\u0434\u0435\u043d\u0438 \u043d\u0430 \u043c\u0430\u043a\u0435\u0434\u043e\u043d\u0441\u043a\u0438\u043e\u0442 \u0432\u043e\u043a\u0430\u043b\u0435\u043d \u0441\u0438\u0441\u0442\u0435\u043c.<\/p>\n\n\n\n<p>\u0414\u0440\u0443\u0448\u0442\u0432\u043e\u0442\u043e \u043d\u0430 \u041c\u0430\u043a\u0435\u0434\u043e\u043d\u0446\u0438\u0442\u0435 \u043e\u0434 \u0420\u043e\u043c\u0430\u043d\u0438\u0458\u0430 \u043e\u0440\u0433\u0430\u043d\u0438\u0437\u0438\u0440\u0430 \u043a\u0443\u0440\u0441\u0435\u0432\u0438 \u043f\u043e \u043c\u0430\u043a\u0435\u0434\u043e\u043d\u0441\u043a\u0438 \u0458\u0430\u0437\u0438\u043a \u0432\u043e \u0441\u0432\u043e\u0438\u0442\u0435 \u0441\u0435\u0434\u0438\u0448\u0442\u0430 \u043d\u0438\u0437 \u0434\u0440\u0436\u0430\u0432\u0430\u0442\u0430 \u0438 \u0437\u0430 \u0447\u043b\u0435\u043d\u043e\u0432\u0438\u0442\u0435 \u0438 \u0437\u0430 \u043b\u0438\u0446\u0430\u0442\u0430 \u043d\u0430\u0434\u0432\u043e\u0440 \u043e\u0434 \u0437\u0434\u0440\u0443\u0436\u0435\u043d\u0438\u0435\u0442\u043e, \u043a\u0430\u043a\u043e \u0438 \u043a\u0430\u043c\u043f\u043e\u0432\u0438 \u0437\u0430 \u043c\u0430\u043a\u0435\u0434\u043e\u043d\u0441\u043a\u0438 \u0458\u0430\u0437\u0438\u043a \u0437\u0430 \u0441\u0432\u043e\u0438\u0442\u0435 \u0447\u043b\u0435\u043d\u043e\u0432\u0438.<\/p>\n\n\n\n<p>\u0421\u043e \u043e\u0432\u0438\u0435 \u043a\u0443\u0440\u0441\u0435\u0432\u0438, \u043a\u043e\u0438 \u043e\u0431\u0435\u0437\u0431\u0435\u0434\u0443\u0432\u0430\u0430\u0442 \u043a\u043e\u043d\u0442\u0438\u043d\u0443\u0438\u0442\u0435\u0442 \u043d\u0430 \u043c\u0430\u043a\u0435\u0434\u043e\u043d\u0441\u043a\u0438\u043e\u0442 \u0458\u0430\u0437\u0438\u043a \u043d\u0430\u0434\u0432\u043e\u0440 \u043e\u0434 \u0433\u0440\u0430\u043d\u0438\u0446\u0438\u0442\u0435 \u043d\u0430 \u0437\u0435\u043c\u0458\u0430\u0442\u0430 \u043d\u0430 \u043f\u043e\u0442\u0435\u043a\u043b\u043e, \u0441\u0435\u043a\u043e\u0433\u0430\u0448 \u0441\u0435 \u043e\u0434\u0434\u0430\u0432\u0430 \u043c\u0430\u043b\u0430 \u043f\u043e\u0447\u0438\u0442 \u043a\u043e\u043d \u043c\u0430\u043a\u0435\u0434\u043e\u043d\u0441\u043a\u0438\u043e\u0442 \u0458\u0430\u0437\u0438\u043a \u0438, \u0438\u043c\u043f\u043b\u0438\u0446\u0438\u0442\u043d\u043e, \u043a\u043e\u043d \u043c\u0430\u043a\u0435\u0434\u043e\u043d\u0441\u043a\u0430\u0442\u0430 \u0430\u0437\u0431\u0443\u043a\u0430, \u0431\u0435\u0437 \u043a\u043e\u0458\u0430 \u043d\u0435 \u0431\u0438 \u0431\u0438\u043b\u043e \u043c\u043e\u0436\u043d\u043e \u043f\u0440\u0435\u043d\u0435\u0441\u0443\u0432\u0430\u045a\u0435\u0442\u043e \u0438 \u0437\u0430\u0447\u0443\u0432\u0443\u0432\u0430\u045a\u0435\u0442\u043e \u043d\u0430 \u0458\u0430\u0437\u0438\u043a\u043e\u0442.<\/p>\n\n\n\n<p>\u0427\u0435\u0441\u0442\u0438\u0442 5 \u041c\u0430\u0458, \u0414\u0435\u043d\u043e\u0442 \u043d\u0430 \u043c\u0430\u043a\u0435\u0434\u043e\u043d\u0441\u043a\u0430\u0442\u0430 \u0430\u0437\u0431\u0443\u043a\u0430 \u0438 \u043c\u0430\u043a\u0435\u0434\u043e\u043d\u0441\u043a\u0438\u043e\u0442 \u0458\u0430\u0437\u0438\u043a!<\/p>\n","protected":false},"excerpt":{"rendered":"<p>5 mai este o zi important\u0103 pentru macedoneni, este ziua \u00een care Guvernul Republicii Macedonia a luat decizia adopt\u0103rii alfabetului macedonean, iar ulterior instaurarea acestuia ca fiind unica ortografie valabil\u0103 a limbii macedonene. Alfabetul macedonean este bazat pe alfabetul chirilic, cu unele modific\u0103ri adaptate sistemului vocal macedonean. Asocia\u021bia Macedonenilor din Rom\u00e2nia organizeaz\u0103 cursuri de limba [&hellip;]<\/p>\n","protected":false},"author":1,"featured_media":3123,"comment_status":"open","ping_status":"open","sticky":false,"template":"","format":"standard","meta":{"_et_pb_use_builder":"off","_et_pb_old_content":"","_et_gb_content_width":"","footnotes":""},"categories":[1],"tags":[],"class_list":["post-3122","post","type-post","status-publish","format-standard","has-post-thumbnail","hentry","category-activitati"],"_links":{"self":[{"href":"https:\/\/asociatia-macedonenilor.ro\/index.php\/wp-json\/wp\/v2\/posts\/3122","targetHints":{"allow":["GET"]}}],"collection":[{"href":"https:\/\/asociatia-macedonenilor.ro\/index.php\/wp-json\/wp\/v2\/posts"}],"about":[{"href":"https:\/\/asociatia-macedonenilor.ro\/index.php\/wp-json\/wp\/v2\/types\/post"}],"author":[{"embeddable":true,"href":"https:\/\/asociatia-macedonenilor.ro\/index.php\/wp-json\/wp\/v2\/users\/1"}],"replies":[{"embeddable":true,"href":"https:\/\/asociatia-macedonenilor.ro\/index.php\/wp-json\/wp\/v2\/comments?post=3122"}],"version-history":[{"count":1,"href":"https:\/\/asociatia-macedonenilor.ro\/index.php\/wp-json\/wp\/v2\/posts\/3122\/revisions"}],"predecessor-version":[{"id":3124,"href":"https:\/\/asociatia-macedonenilor.ro\/index.php\/wp-json\/wp\/v2\/posts\/3122\/revisions\/3124"}],"wp:featuredmedia":[{"embeddable":true,"href":"https:\/\/asociatia-macedonenilor.ro\/index.php\/wp-json\/wp\/v2\/media\/3123"}],"wp:attachment":[{"href":"https:\/\/asociatia-macedonenilor.ro\/index.php\/wp-json\/wp\/v2\/media?parent=3122"}],"wp:term":[{"taxonomy":"category","embeddable":true,"href":"https:\/\/asociatia-macedonenilor.ro\/index.php\/wp-json\/wp\/v2\/categories?post=3122"},{"taxonomy":"post_tag","embeddable":true,"href":"https:\/\/asociatia-macedonenilor.ro\/index.php\/wp-json\/wp\/v2\/tags?post=3122"}],"curies":[{"name":"wp","href":"https:\/\/api.w.org\/{rel}","templated":true}]}}