{"id":3044,"date":"2022-06-03T09:59:00","date_gmt":"2022-06-03T09:59:00","guid":{"rendered":"https:\/\/asociatia-macedonenilor.ro\/?p=3044"},"modified":"2022-09-28T20:24:44","modified_gmt":"2022-09-28T20:24:44","slug":"recenzare","status":"publish","type":"post","link":"https:\/\/asociatia-macedonenilor.ro\/index.php\/2022\/06\/03\/recenzare\/","title":{"rendered":"Recenzare!"},"content":{"rendered":"\n<p>A \u00eenceput etapa de recenzare pe teren care se va desf\u0103\u0219ura p\u00e2n\u0103 pe 17 iulie. \u00cen aceast\u0103 etap\u0103, colectarea datelor de recens\u0103m\u00e2nt se va realiza prin interviu fa\u021b\u0103-\u00een-fa\u021b\u0103, numai cu ajutorul tabletelor.<\/p>\n\n\n\n<p>Vor fi vizitate \u015fi gospod\u0103riile popula\u0163iei care nu au finalizat corect \u015fi complet chestionarele de recens\u0103m\u00e2nt.<\/p>\n\n\n\n<p><img loading=\"lazy\" decoding=\"async\" height=\"16\" width=\"16\" alt=\"\u2611\" src=\"https:\/\/static.xx.fbcdn.net\/images\/emoji.php\/v9\/t8d\/1\/16\/2611.png\"> Se vor colecta date de la toate persoanele, indiferent de cet\u0103\u0163enie, care la momentul de referin\u0163\u0103 al recens\u0103m\u00e2ntului aveau re\u015fedin\u0163a obi\u015fnuit\u0103 \u00een Rom\u00e2nia (care, la 1 <a><\/a>decembrie 2021, locuiau pe teritoriul Rom\u00e2niei pentru o perioad\u0103 de cel pu\u0163in 12 luni).<\/p>\n\n\n\n<p>Recenzorii vor putea fi u\u015for de identificat \u00een baza unei legitima\u0163ii.<\/p>\n\n\n\n<p><img loading=\"lazy\" decoding=\"async\" height=\"16\" width=\"16\" alt=\"\u2611\" src=\"https:\/\/static.xx.fbcdn.net\/images\/emoji.php\/v9\/t8d\/1\/16\/2611.png\"> Recenzarea prin interviu fa\u0163\u0103 \u00een fa\u0163\u0103 este ultima etap\u0103 a colect\u0103rii datelor de la popula\u0163ie pentru Recens\u0103m\u00e2ntul Popula\u0163iei \u015fi Locuin\u0163elor (RPL2021) \u015fi este obligatorie.<\/p>\n\n\n\n<p><img loading=\"lazy\" decoding=\"async\" height=\"16\" width=\"16\" alt=\"\u2611\" src=\"https:\/\/static.xx.fbcdn.net\/images\/emoji.php\/v9\/t8d\/1\/16\/2611.png\"> Persoanele care vor refuza recenzarea risc\u0103 o amend\u0103 cuprins\u0103 \u00eentre 1.000 \u015fi 3.000 lei, iar pentru persoanele care \u00eempiedic\u0103 accesul \u00een complexuri sau ansambluri reziden\u0163iale sunt prev\u0103zute amenzi \u00eentre 1.500 \u015fi 5.000 lei.<\/p>\n\n\n\n<p>\u00centregul proces al colect\u0103rii datelor se desf\u0103\u015foar\u0103 cu asigurarea confiden\u0163ialit\u0103\u0163ii \u015fi protec\u0163iei depline a informa\u0163iilor.<\/p>\n\n\n\n<p>IMPORTANT de \u0219tiut:<\/p>\n\n\n\n<p>\u2022 Toate informa\u021biile pe care le oferi\u021bi sunt confiden\u021biale \u0219i vor fi utilizate numai \u00een scopuri statistice!<\/p>\n\n\n\n<p>\u2022 Recens\u0103m\u00e2ntul va oferi datele necesare pentru calcularea anual\u0103 a num\u0103rului exact al popula\u021biei rezidente din fiecare localitate, a\u0219a cum o cer normativele europene!<\/p>\n\n\n\n<p>\u2022 Prin recens\u0103m\u00e2nt se va putea stabili mai exact \u0219i num\u0103rul reziden\u021bilor rom\u00e2ni pleca\u021bi \u00een str\u0103in\u0103tate!<\/p>\n\n\n\n<p>\u2022 Prin recens\u0103m\u00e2nt putem afla cu exactitate structura etnic\u0103 a popula\u021biei.<\/p>\n","protected":false},"excerpt":{"rendered":"<p>A \u00eenceput etapa de recenzare pe teren care se va desf\u0103\u0219ura p\u00e2n\u0103 pe 17 iulie. \u00cen aceast\u0103 etap\u0103, colectarea datelor de recens\u0103m\u00e2nt se va realiza prin interviu fa\u021b\u0103-\u00een-fa\u021b\u0103, numai cu ajutorul tabletelor. Vor fi vizitate \u015fi gospod\u0103riile popula\u0163iei care nu au finalizat corect \u015fi complet chestionarele de recens\u0103m\u00e2nt. Se vor colecta date de la toate [&hellip;]<\/p>\n","protected":false},"author":1,"featured_media":3045,"comment_status":"open","ping_status":"open","sticky":false,"template":"","format":"standard","meta":{"_et_pb_use_builder":"off","_et_pb_old_content":"","_et_gb_content_width":"","footnotes":""},"categories":[1],"tags":[],"class_list":["post-3044","post","type-post","status-publish","format-standard","has-post-thumbnail","hentry","category-activitati"],"_links":{"self":[{"href":"https:\/\/asociatia-macedonenilor.ro\/index.php\/wp-json\/wp\/v2\/posts\/3044","targetHints":{"allow":["GET"]}}],"collection":[{"href":"https:\/\/asociatia-macedonenilor.ro\/index.php\/wp-json\/wp\/v2\/posts"}],"about":[{"href":"https:\/\/asociatia-macedonenilor.ro\/index.php\/wp-json\/wp\/v2\/types\/post"}],"author":[{"embeddable":true,"href":"https:\/\/asociatia-macedonenilor.ro\/index.php\/wp-json\/wp\/v2\/users\/1"}],"replies":[{"embeddable":true,"href":"https:\/\/asociatia-macedonenilor.ro\/index.php\/wp-json\/wp\/v2\/comments?post=3044"}],"version-history":[{"count":1,"href":"https:\/\/asociatia-macedonenilor.ro\/index.php\/wp-json\/wp\/v2\/posts\/3044\/revisions"}],"predecessor-version":[{"id":3046,"href":"https:\/\/asociatia-macedonenilor.ro\/index.php\/wp-json\/wp\/v2\/posts\/3044\/revisions\/3046"}],"wp:featuredmedia":[{"embeddable":true,"href":"https:\/\/asociatia-macedonenilor.ro\/index.php\/wp-json\/wp\/v2\/media\/3045"}],"wp:attachment":[{"href":"https:\/\/asociatia-macedonenilor.ro\/index.php\/wp-json\/wp\/v2\/media?parent=3044"}],"wp:term":[{"taxonomy":"category","embeddable":true,"href":"https:\/\/asociatia-macedonenilor.ro\/index.php\/wp-json\/wp\/v2\/categories?post=3044"},{"taxonomy":"post_tag","embeddable":true,"href":"https:\/\/asociatia-macedonenilor.ro\/index.php\/wp-json\/wp\/v2\/tags?post=3044"}],"curies":[{"name":"wp","href":"https:\/\/api.w.org\/{rel}","templated":true}]}}