{"id":2978,"date":"2022-07-20T09:09:00","date_gmt":"2022-07-20T09:09:00","guid":{"rendered":"https:\/\/asociatia-macedonenilor.ro\/?p=2978"},"modified":"2022-09-28T19:31:09","modified_gmt":"2022-09-28T19:31:09","slug":"alexandru-al-iii-lea-al-macedoniei-regele-macedoniei","status":"publish","type":"post","link":"https:\/\/asociatia-macedonenilor.ro\/index.php\/2022\/07\/20\/alexandru-al-iii-lea-al-macedoniei-regele-macedoniei\/","title":{"rendered":"Alexandru al III-lea al Macedoniei &#8211; Regele Macedoniei,"},"content":{"rendered":"\n<p>20 iulie 356 \u00ee.Hr. &#8211; Alexandru al III-lea al Macedoniei &#8211; Regele Macedoniei, una dintre cele mai mari personalit\u0103\u021bi istorice \u0219i unul dintre cei mai renumi\u021bi strategi militari.<\/p>\n\n\n\n<p>Alexandru al III-lea Macedon, cunoscut ca &#8222;cel Mare&#8221;, a fost un t\u00e2n\u0103r r\u0103zboinic macedonean strateg genial \u015fi celebru datorit\u0103 cuceririlor sale.<\/p>\n\n\n\n<p>\u201dNimic nu st\u0103tea \u00een calea sa. Solda\u0163ii inamici erau uci\u015fi, ora\u015fele care \u00eei rezistau erau rase de pe fa\u0163a p\u0103m\u00e2ntului, iar locuitorii acestora erau masacra\u0163i. Pe <a><\/a>de alt\u0103 parte, lumea nu-l cunoa\u015fte doar drept r\u0103zboinic cuceritor, ci \u015fi drept cl\u0103ditorul unei noi lumi care a stat la baza civiliza\u0163iei moderne. La numai 16 ani, Alexandru a \u00eenvins \u00een prima b\u0103t\u0103lie. La 20 de ani a ajuns rege al Macedoniei, iar la 30 de ani a devenit cuceritorul orientului\u201d. (historia.ro)<\/p>\n\n\n\n<p>Alexandru al III-lea al Macedoniei, n\u0103scut. \u00een Pella capitala Macedoniei. Este fiul lui Filip al II-lea al Macedoniei \u0219i al Olimpiei. Fiind descendent al lui Neoptolemus, fiul al marelui Ahile, copilul Alexandru este pasionat de arta r\u0103zboiului, \u00eenva\u021b\u0103 s\u0103 lupte, s\u0103 c\u0103l\u0103reasc\u0103, s\u0103 c\u00e2nte la diverse instrumente \u0219i s\u0103 v\u00e2neze.<\/p>\n\n\n\n<p>La numai 10 ani, Alexandru dovede\u0219te tuturor c\u0103 are calit\u0103\u021bile necesare pentru a deveni un mare conduc\u0103tor. La v\u00e2rsta de doar 20 de ani, Alexandru devine regele Macedoniei, dup\u0103 ce tat\u0103l sau, Filip al II-lea este asasinat de c\u0103petenia propriei g\u0103rzi, Pausanias.<\/p>\n","protected":false},"excerpt":{"rendered":"<p>20 iulie 356 \u00ee.Hr. &#8211; Alexandru al III-lea al Macedoniei &#8211; Regele Macedoniei, una dintre cele mai mari personalit\u0103\u021bi istorice \u0219i unul dintre cei mai renumi\u021bi strategi militari. Alexandru al III-lea Macedon, cunoscut ca &#8222;cel Mare&#8221;, a fost un t\u00e2n\u0103r r\u0103zboinic macedonean strateg genial \u015fi celebru datorit\u0103 cuceririlor sale. \u201dNimic nu st\u0103tea \u00een calea sa. [&hellip;]<\/p>\n","protected":false},"author":1,"featured_media":2979,"comment_status":"open","ping_status":"open","sticky":false,"template":"","format":"standard","meta":{"_et_pb_use_builder":"off","_et_pb_old_content":"","_et_gb_content_width":"","footnotes":""},"categories":[1],"tags":[],"class_list":["post-2978","post","type-post","status-publish","format-standard","has-post-thumbnail","hentry","category-activitati"],"_links":{"self":[{"href":"https:\/\/asociatia-macedonenilor.ro\/index.php\/wp-json\/wp\/v2\/posts\/2978","targetHints":{"allow":["GET"]}}],"collection":[{"href":"https:\/\/asociatia-macedonenilor.ro\/index.php\/wp-json\/wp\/v2\/posts"}],"about":[{"href":"https:\/\/asociatia-macedonenilor.ro\/index.php\/wp-json\/wp\/v2\/types\/post"}],"author":[{"embeddable":true,"href":"https:\/\/asociatia-macedonenilor.ro\/index.php\/wp-json\/wp\/v2\/users\/1"}],"replies":[{"embeddable":true,"href":"https:\/\/asociatia-macedonenilor.ro\/index.php\/wp-json\/wp\/v2\/comments?post=2978"}],"version-history":[{"count":1,"href":"https:\/\/asociatia-macedonenilor.ro\/index.php\/wp-json\/wp\/v2\/posts\/2978\/revisions"}],"predecessor-version":[{"id":2980,"href":"https:\/\/asociatia-macedonenilor.ro\/index.php\/wp-json\/wp\/v2\/posts\/2978\/revisions\/2980"}],"wp:featuredmedia":[{"embeddable":true,"href":"https:\/\/asociatia-macedonenilor.ro\/index.php\/wp-json\/wp\/v2\/media\/2979"}],"wp:attachment":[{"href":"https:\/\/asociatia-macedonenilor.ro\/index.php\/wp-json\/wp\/v2\/media?parent=2978"}],"wp:term":[{"taxonomy":"category","embeddable":true,"href":"https:\/\/asociatia-macedonenilor.ro\/index.php\/wp-json\/wp\/v2\/categories?post=2978"},{"taxonomy":"post_tag","embeddable":true,"href":"https:\/\/asociatia-macedonenilor.ro\/index.php\/wp-json\/wp\/v2\/tags?post=2978"}],"curies":[{"name":"wp","href":"https:\/\/api.w.org\/{rel}","templated":true}]}}