{"id":2923,"date":"2022-08-25T18:52:00","date_gmt":"2022-08-25T18:52:00","guid":{"rendered":"https:\/\/asociatia-macedonenilor.ro\/?p=2923"},"modified":"2022-09-28T17:48:55","modified_gmt":"2022-09-28T17:48:55","slug":"festivalul-proetnica-aflat-la-cea-de-a-18-a-editie","status":"publish","type":"post","link":"https:\/\/asociatia-macedonenilor.ro\/index.php\/2022\/08\/25\/festivalul-proetnica-aflat-la-cea-de-a-18-a-editie\/","title":{"rendered":"Festivalul ProEtnica, aflat la cea de-a 18-a edi\u021bie"},"content":{"rendered":"\n<p>Din 25 p\u00e2n\u0103 \u00een 28 august 2022, revine pe scena din Cetatea Sighi\u0219oarei un eveniment important \u00een via\u021ba minorit\u0103\u021bilor na\u021bionale din Rom\u00e2nia &#8211; Festivalul ProEtnica, aflat la cea de-a 18-a edi\u021bie.<\/p>\n\n\n\n<p>AMR este prezent\u0103 la Sighi\u0219oara cu Ansamblul Sonte, dar \u0219i cu o expozi\u021bie extraordinar\u0103 a doamnei Dumitrescu. Ca de fiecare dat\u0103, purt\u0103m cu noi c\u0103r\u021bile \u0219i albumele tip\u0103rite, Revista Macedoneanul, povestim celor care se opresc s\u0103 ne cunoasc\u0103 despre tradi\u021biile \u0219i cultura noastr\u0103. \u00cen <a><\/a>Macedonia tradi\u021biile sunt duse mai departe, iar Festivalul Nun\u021bii din Galicnick este o dovad\u0103 \u00een acest sens, fiind cunoscut \u00een \u00eentreaga lume, iar noi ne m\u00e2ndrim cu acest lucru! <img loading=\"lazy\" decoding=\"async\" height=\"16\" width=\"16\" alt=\"\u2764\ufe0f\" src=\"https:\/\/static.xx.fbcdn.net\/images\/emoji.php\/v9\/t6c\/1\/16\/2764.png\"><\/p>\n\n\n\n<p>Porturile populare, dansurile tradi\u021bionale, dar \u0219i multe alte nout\u0103\u021bi interculturale \u2013 dezbateri, expozi\u021bii, lans\u0103ri de carte \u0219i filme documentare \u2013 \u00eei a\u0219teapt\u0103 pe cei care doresc s\u0103 fac\u0103 cuno\u0219tin\u021b\u0103 sau s\u0103 re\u00eent\u00e2lneasc\u0103 bog\u0103\u021bia multietnic\u0103 a \u021b\u0103rii noastre<\/p>\n\n\n\n<figure class=\"wp-block-gallery has-nested-images columns-default is-cropped wp-block-gallery-1 is-layout-flex wp-block-gallery-is-layout-flex\">\n<figure class=\"wp-block-image size-large\"><img loading=\"lazy\" decoding=\"async\" width=\"1024\" height=\"577\" data-id=\"2924\" src=\"https:\/\/asociatia-macedonenilor.ro\/wp-content\/uploads\/2022\/09\/300536224_5295249017254337_1432326068035274408_n-1024x577.jpeg\" alt=\"\" class=\"wp-image-2924\" srcset=\"https:\/\/asociatia-macedonenilor.ro\/wp-content\/uploads\/2022\/09\/300536224_5295249017254337_1432326068035274408_n-980x552.jpeg 980w, https:\/\/asociatia-macedonenilor.ro\/wp-content\/uploads\/2022\/09\/300536224_5295249017254337_1432326068035274408_n-480x270.jpeg 480w\" sizes=\"(min-width: 0px) and (max-width: 480px) 480px, (min-width: 481px) and (max-width: 980px) 980px, (min-width: 981px) 1024px, 100vw\" \/><\/figure>\n\n\n\n<figure class=\"wp-block-image size-large\"><img loading=\"lazy\" decoding=\"async\" width=\"1024\" height=\"577\" data-id=\"2925\" src=\"https:\/\/asociatia-macedonenilor.ro\/wp-content\/uploads\/2022\/09\/300579222_5295248897254349_7431197697876368465_n-1024x577.jpeg\" alt=\"\" class=\"wp-image-2925\" srcset=\"https:\/\/asociatia-macedonenilor.ro\/wp-content\/uploads\/2022\/09\/300579222_5295248897254349_7431197697876368465_n-980x552.jpeg 980w, https:\/\/asociatia-macedonenilor.ro\/wp-content\/uploads\/2022\/09\/300579222_5295248897254349_7431197697876368465_n-480x270.jpeg 480w\" sizes=\"(min-width: 0px) and (max-width: 480px) 480px, (min-width: 481px) and (max-width: 980px) 980px, (min-width: 981px) 1024px, 100vw\" \/><\/figure>\n\n\n\n<figure class=\"wp-block-image size-large\"><img loading=\"lazy\" decoding=\"async\" width=\"1024\" height=\"577\" data-id=\"2926\" src=\"https:\/\/asociatia-macedonenilor.ro\/wp-content\/uploads\/2022\/09\/300627089_5295249193920986_636353784750867728_n-1024x577.jpeg\" alt=\"\" class=\"wp-image-2926\" srcset=\"https:\/\/asociatia-macedonenilor.ro\/wp-content\/uploads\/2022\/09\/300627089_5295249193920986_636353784750867728_n-980x552.jpeg 980w, https:\/\/asociatia-macedonenilor.ro\/wp-content\/uploads\/2022\/09\/300627089_5295249193920986_636353784750867728_n-480x270.jpeg 480w\" sizes=\"(min-width: 0px) and (max-width: 480px) 480px, (min-width: 481px) and (max-width: 980px) 980px, (min-width: 981px) 1024px, 100vw\" \/><\/figure>\n<\/figure>\n","protected":false},"excerpt":{"rendered":"<p>Din 25 p\u00e2n\u0103 \u00een 28 august 2022, revine pe scena din Cetatea Sighi\u0219oarei un eveniment important \u00een via\u021ba minorit\u0103\u021bilor na\u021bionale din Rom\u00e2nia &#8211; Festivalul ProEtnica, aflat la cea de-a 18-a edi\u021bie. AMR este prezent\u0103 la Sighi\u0219oara cu Ansamblul Sonte, dar \u0219i cu o expozi\u021bie extraordinar\u0103 a doamnei Dumitrescu. Ca de fiecare dat\u0103, purt\u0103m cu noi [&hellip;]<\/p>\n","protected":false},"author":1,"featured_media":2925,"comment_status":"open","ping_status":"open","sticky":false,"template":"","format":"standard","meta":{"_et_pb_use_builder":"off","_et_pb_old_content":"","_et_gb_content_width":"","footnotes":""},"categories":[1],"tags":[],"class_list":["post-2923","post","type-post","status-publish","format-standard","has-post-thumbnail","hentry","category-activitati"],"_links":{"self":[{"href":"https:\/\/asociatia-macedonenilor.ro\/index.php\/wp-json\/wp\/v2\/posts\/2923","targetHints":{"allow":["GET"]}}],"collection":[{"href":"https:\/\/asociatia-macedonenilor.ro\/index.php\/wp-json\/wp\/v2\/posts"}],"about":[{"href":"https:\/\/asociatia-macedonenilor.ro\/index.php\/wp-json\/wp\/v2\/types\/post"}],"author":[{"embeddable":true,"href":"https:\/\/asociatia-macedonenilor.ro\/index.php\/wp-json\/wp\/v2\/users\/1"}],"replies":[{"embeddable":true,"href":"https:\/\/asociatia-macedonenilor.ro\/index.php\/wp-json\/wp\/v2\/comments?post=2923"}],"version-history":[{"count":2,"href":"https:\/\/asociatia-macedonenilor.ro\/index.php\/wp-json\/wp\/v2\/posts\/2923\/revisions"}],"predecessor-version":[{"id":2930,"href":"https:\/\/asociatia-macedonenilor.ro\/index.php\/wp-json\/wp\/v2\/posts\/2923\/revisions\/2930"}],"wp:featuredmedia":[{"embeddable":true,"href":"https:\/\/asociatia-macedonenilor.ro\/index.php\/wp-json\/wp\/v2\/media\/2925"}],"wp:attachment":[{"href":"https:\/\/asociatia-macedonenilor.ro\/index.php\/wp-json\/wp\/v2\/media?parent=2923"}],"wp:term":[{"taxonomy":"category","embeddable":true,"href":"https:\/\/asociatia-macedonenilor.ro\/index.php\/wp-json\/wp\/v2\/categories?post=2923"},{"taxonomy":"post_tag","embeddable":true,"href":"https:\/\/asociatia-macedonenilor.ro\/index.php\/wp-json\/wp\/v2\/tags?post=2923"}],"curies":[{"name":"wp","href":"https:\/\/api.w.org\/{rel}","templated":true}]}}