{"id":2882,"date":"2022-09-15T13:21:00","date_gmt":"2022-09-15T13:21:00","guid":{"rendered":"https:\/\/asociatia-macedonenilor.ro\/?p=2882"},"modified":"2022-09-28T17:17:21","modified_gmt":"2022-09-28T17:17:21","slug":"targul-de-carte-libris-2022","status":"publish","type":"post","link":"https:\/\/asociatia-macedonenilor.ro\/index.php\/2022\/09\/15\/targul-de-carte-libris-2022\/","title":{"rendered":"T\u00e2rgul de Carte Libris 2022"},"content":{"rendered":"\n<p>\u00cen perioada 15 &#8211; 18 septembrie, reprezentan\u021bii AMR particip\u0103 la T\u00e2rgul de Carte Libris 2022 ce se desf\u0103\u0219oar\u0103 la Pavilionul Expozi\u021bional Municipal Piatra-Neam\u021b<\/p>\n\n\n\n<p>Manifestarea, organizat\u0103 de Camera de Comer\u021b si Industrie Neam\u021b, se desf\u0103\u0219oar\u0103 \u00een acest an sub sloganul \u201eCump\u0103r\u0103 o Carte \u2013 Cite\u0219te \u2013 Doneaz\u0103 o Carte\u201d, pentru centrele Direc\u021biei de Asisten\u021b\u0103 Social\u0103 Piatra Neam\u021b.<\/p>\n\n\n\n<p>V\u0103 a\u0219tept\u0103m cu drag la standul AMR cu o ofert\u0103 variat\u0103 de carte, albume, dic\u021bionare dar \u0219i Revista Macedoneanul!<\/p>\n\n\n\n<figure class=\"wp-block-gallery has-nested-images columns-default is-cropped wp-block-gallery-1 is-layout-flex wp-block-gallery-is-layout-flex\">\n<figure class=\"wp-block-image size-large\"><img loading=\"lazy\" decoding=\"async\" width=\"461\" height=\"1024\" data-id=\"2884\" src=\"https:\/\/asociatia-macedonenilor.ro\/wp-content\/uploads\/2022\/09\/306226528_5353323901446848_5892564174727910199_n-461x1024.jpeg\" alt=\"\" class=\"wp-image-2884\"\/><\/figure>\n\n\n\n<figure class=\"wp-block-image size-large\"><img loading=\"lazy\" decoding=\"async\" width=\"1024\" height=\"461\" data-id=\"2883\" src=\"https:\/\/asociatia-macedonenilor.ro\/wp-content\/uploads\/2022\/09\/306276204_5353324174780154_6814761694109240970_n-1024x461.jpeg\" alt=\"\" class=\"wp-image-2883\" srcset=\"https:\/\/asociatia-macedonenilor.ro\/wp-content\/uploads\/2022\/09\/306276204_5353324174780154_6814761694109240970_n-980x441.jpeg 980w, https:\/\/asociatia-macedonenilor.ro\/wp-content\/uploads\/2022\/09\/306276204_5353324174780154_6814761694109240970_n-480x216.jpeg 480w\" sizes=\"(min-width: 0px) and (max-width: 480px) 480px, (min-width: 481px) and (max-width: 980px) 980px, (min-width: 981px) 1024px, 100vw\" \/><\/figure>\n\n\n\n<figure class=\"wp-block-image size-large\"><img loading=\"lazy\" decoding=\"async\" width=\"461\" height=\"1024\" data-id=\"2885\" src=\"https:\/\/asociatia-macedonenilor.ro\/wp-content\/uploads\/2022\/09\/306314652_5353324328113472_4911192823060266506_n-461x1024.jpeg\" alt=\"\" class=\"wp-image-2885\"\/><\/figure>\n<\/figure>\n","protected":false},"excerpt":{"rendered":"<p>\u00cen perioada 15 &#8211; 18 septembrie, reprezentan\u021bii AMR particip\u0103 la T\u00e2rgul de Carte Libris 2022 ce se desf\u0103\u0219oar\u0103 la Pavilionul Expozi\u021bional Municipal Piatra-Neam\u021b Manifestarea, organizat\u0103 de Camera de Comer\u021b si Industrie Neam\u021b, se desf\u0103\u0219oar\u0103 \u00een acest an sub sloganul \u201eCump\u0103r\u0103 o Carte \u2013 Cite\u0219te \u2013 Doneaz\u0103 o Carte\u201d, pentru centrele Direc\u021biei de Asisten\u021b\u0103 Social\u0103 Piatra [&hellip;]<\/p>\n","protected":false},"author":1,"featured_media":2885,"comment_status":"open","ping_status":"open","sticky":false,"template":"","format":"standard","meta":{"_et_pb_use_builder":"off","_et_pb_old_content":"","_et_gb_content_width":"","footnotes":""},"categories":[1],"tags":[],"class_list":["post-2882","post","type-post","status-publish","format-standard","has-post-thumbnail","hentry","category-activitati"],"_links":{"self":[{"href":"https:\/\/asociatia-macedonenilor.ro\/index.php\/wp-json\/wp\/v2\/posts\/2882","targetHints":{"allow":["GET"]}}],"collection":[{"href":"https:\/\/asociatia-macedonenilor.ro\/index.php\/wp-json\/wp\/v2\/posts"}],"about":[{"href":"https:\/\/asociatia-macedonenilor.ro\/index.php\/wp-json\/wp\/v2\/types\/post"}],"author":[{"embeddable":true,"href":"https:\/\/asociatia-macedonenilor.ro\/index.php\/wp-json\/wp\/v2\/users\/1"}],"replies":[{"embeddable":true,"href":"https:\/\/asociatia-macedonenilor.ro\/index.php\/wp-json\/wp\/v2\/comments?post=2882"}],"version-history":[{"count":1,"href":"https:\/\/asociatia-macedonenilor.ro\/index.php\/wp-json\/wp\/v2\/posts\/2882\/revisions"}],"predecessor-version":[{"id":2886,"href":"https:\/\/asociatia-macedonenilor.ro\/index.php\/wp-json\/wp\/v2\/posts\/2882\/revisions\/2886"}],"wp:featuredmedia":[{"embeddable":true,"href":"https:\/\/asociatia-macedonenilor.ro\/index.php\/wp-json\/wp\/v2\/media\/2885"}],"wp:attachment":[{"href":"https:\/\/asociatia-macedonenilor.ro\/index.php\/wp-json\/wp\/v2\/media?parent=2882"}],"wp:term":[{"taxonomy":"category","embeddable":true,"href":"https:\/\/asociatia-macedonenilor.ro\/index.php\/wp-json\/wp\/v2\/categories?post=2882"},{"taxonomy":"post_tag","embeddable":true,"href":"https:\/\/asociatia-macedonenilor.ro\/index.php\/wp-json\/wp\/v2\/tags?post=2882"}],"curies":[{"name":"wp","href":"https:\/\/api.w.org\/{rel}","templated":true}]}}