{"id":2861,"date":"2022-09-27T10:43:00","date_gmt":"2022-09-27T10:43:00","guid":{"rendered":"https:\/\/asociatia-macedonenilor.ro\/?p=2861"},"modified":"2022-09-28T17:18:04","modified_gmt":"2022-09-28T17:18:04","slug":"alfabetul-convietuirii-editia-a-ix-a","status":"publish","type":"post","link":"https:\/\/asociatia-macedonenilor.ro\/index.php\/2022\/09\/27\/alfabetul-convietuirii-editia-a-ix-a\/","title":{"rendered":"Alfabetul Convie\u021buirii, Edi\u021bia a IX-a"},"content":{"rendered":"\n<p>Organizat sub egida Administra\u0163iei Preziden\u0163iale, cea de-a 9-a edi\u021bie a festivalului se va desf\u0103\u0219ura \u00een perioada 30 septembrie-02 octombrie 2022, la Ploie\u0219ti. De-a lungul bulevardului vor fi amenajate standuri dedicate minorit\u0103\u0163ilor na\u0163ionale unde vizitatorii vor putea aprecia cultura \u015fi tradi\u0163iile comunit\u0103\u0163ilor etnice din Rom\u00e2nia.<\/p>\n\n\n\n<p>AMR va participa la eveniment cu Ansamblul Sonte, dar \u0219i cu solista Dalia Stancu.<\/p>\n\n\n\n<p><\/p>\n\n\n\n<figure class=\"wp-block-image size-large\"><img loading=\"lazy\" decoding=\"async\" width=\"731\" height=\"1024\" src=\"https:\/\/asociatia-macedonenilor.ro\/wp-content\/uploads\/2022\/09\/308455186_460830042746902_1812262408117887001_n-731x1024.jpg\" alt=\"\" class=\"wp-image-2862\"\/><\/figure>\n","protected":false},"excerpt":{"rendered":"<p>Organizat sub egida Administra\u0163iei Preziden\u0163iale, cea de-a 9-a edi\u021bie a festivalului se va desf\u0103\u0219ura \u00een perioada 30 septembrie-02 octombrie 2022, la Ploie\u0219ti. De-a lungul bulevardului vor fi amenajate standuri dedicate minorit\u0103\u0163ilor na\u0163ionale unde vizitatorii vor putea aprecia cultura \u015fi tradi\u0163iile comunit\u0103\u0163ilor etnice din Rom\u00e2nia. AMR va participa la eveniment cu Ansamblul Sonte, dar \u0219i cu [&hellip;]<\/p>\n","protected":false},"author":1,"featured_media":2862,"comment_status":"open","ping_status":"open","sticky":false,"template":"","format":"standard","meta":{"_et_pb_use_builder":"off","_et_pb_old_content":"","_et_gb_content_width":"","footnotes":""},"categories":[1],"tags":[],"class_list":["post-2861","post","type-post","status-publish","format-standard","has-post-thumbnail","hentry","category-activitati"],"_links":{"self":[{"href":"https:\/\/asociatia-macedonenilor.ro\/index.php\/wp-json\/wp\/v2\/posts\/2861","targetHints":{"allow":["GET"]}}],"collection":[{"href":"https:\/\/asociatia-macedonenilor.ro\/index.php\/wp-json\/wp\/v2\/posts"}],"about":[{"href":"https:\/\/asociatia-macedonenilor.ro\/index.php\/wp-json\/wp\/v2\/types\/post"}],"author":[{"embeddable":true,"href":"https:\/\/asociatia-macedonenilor.ro\/index.php\/wp-json\/wp\/v2\/users\/1"}],"replies":[{"embeddable":true,"href":"https:\/\/asociatia-macedonenilor.ro\/index.php\/wp-json\/wp\/v2\/comments?post=2861"}],"version-history":[{"count":1,"href":"https:\/\/asociatia-macedonenilor.ro\/index.php\/wp-json\/wp\/v2\/posts\/2861\/revisions"}],"predecessor-version":[{"id":2863,"href":"https:\/\/asociatia-macedonenilor.ro\/index.php\/wp-json\/wp\/v2\/posts\/2861\/revisions\/2863"}],"wp:featuredmedia":[{"embeddable":true,"href":"https:\/\/asociatia-macedonenilor.ro\/index.php\/wp-json\/wp\/v2\/media\/2862"}],"wp:attachment":[{"href":"https:\/\/asociatia-macedonenilor.ro\/index.php\/wp-json\/wp\/v2\/media?parent=2861"}],"wp:term":[{"taxonomy":"category","embeddable":true,"href":"https:\/\/asociatia-macedonenilor.ro\/index.php\/wp-json\/wp\/v2\/categories?post=2861"},{"taxonomy":"post_tag","embeddable":true,"href":"https:\/\/asociatia-macedonenilor.ro\/index.php\/wp-json\/wp\/v2\/tags?post=2861"}],"curies":[{"name":"wp","href":"https:\/\/api.w.org\/{rel}","templated":true}]}}