{"id":2787,"date":"2021-11-15T07:34:34","date_gmt":"2021-11-15T07:34:34","guid":{"rendered":"http:\/\/asociatia-macedonenilor.ro\/?p=2787"},"modified":"2021-11-16T10:38:57","modified_gmt":"2021-11-16T10:38:57","slug":"concursul-national-de-literatura-alexandru-macedonski-editia-a-viii-a-organizat-de-asociatia-macedonenilor-din-romania-a-scris-inca-o-fila-frumoasa","status":"publish","type":"post","link":"https:\/\/asociatia-macedonenilor.ro\/index.php\/2021\/11\/15\/concursul-national-de-literatura-alexandru-macedonski-editia-a-viii-a-organizat-de-asociatia-macedonenilor-din-romania-a-scris-inca-o-fila-frumoasa\/","title":{"rendered":"Concursul Na\u021bional de Literatur\u0103 \u201dAlexandru Macedonski\u201d, edi\u021bia a VIII-a, organizat de Asocia\u021bia Macedonenilor din Rom\u00e2nia a scris \u00eenc\u0103 o fil\u0103 frumoas\u0103"},"content":{"rendered":"\n<p>Talenta\u021bi \u00een arta condeiului din \u00eentreaga \u021bar\u0103 au impresionat cu crea\u021biile literare de excep\u021bie trimise la concurs.<\/p>\n\n\n\n<figure class=\"wp-block-image size-large\"><img loading=\"lazy\" decoding=\"async\" width=\"768\" height=\"1024\" src=\"https:\/\/asociatia-macedonenilor.ro\/wp-content\/uploads\/2021\/11\/WhatsApp-Image-2021-08-25-at-19.22.27-768x1024-1.jpeg\" alt=\"\" class=\"wp-image-2789\" srcset=\"https:\/\/asociatia-macedonenilor.ro\/wp-content\/uploads\/2021\/11\/WhatsApp-Image-2021-08-25-at-19.22.27-768x1024-1.jpeg 768w, https:\/\/asociatia-macedonenilor.ro\/wp-content\/uploads\/2021\/11\/WhatsApp-Image-2021-08-25-at-19.22.27-768x1024-1-480x640.jpeg 480w\" sizes=\"(min-width: 0px) and (max-width: 480px) 480px, (min-width: 481px) 768px, 100vw\" \/><\/figure>\n\n\n\n<p>Competi\u021bia s-a desf\u0103\u0219urat \u00een perioada 17 septembrie \u2013 17 octombrie, iar ceremonia de premiere va avea loc pe 20 noiembrie 2021, prin intermediul platformei \u201dZoom\u201d.<\/p>\n\n\n\n<p>Juriul a deliberat, iar c\u00e2\u0219tig\u0103torii sunt urm\u0103torii:<\/p>\n\n\n\n<p>Sec\u021biunea Scriitori Consacra\u021bi &#8211; Poezie:<\/p>\n\n\n\n<p>Premiul I:&nbsp; Caligrafia destinului de Evelyne Croitoru &#8211; 9,84<\/p>\n\n\n\n<p>Premiul II: La topirea ghe\u021barilor de Ana S\u0103ndulescu &#8211; 9, 75<\/p>\n\n\n\n<p>Premiul III: Iube\u0219te-l, Anya! de Mihaela Boboc &#8211; 9,50<\/p>\n\n\n\n<p>Sec\u021biunea Scriitori Consacra\u021bi &#8211; Proz\u0103:<\/p>\n\n\n\n<p>Premiul I:Ochiul Chirei de Constantin Marafet &#8211; 9,75&nbsp;&nbsp;&nbsp;&nbsp;&nbsp;&nbsp;&nbsp;&nbsp;&nbsp;&nbsp;&nbsp;&nbsp;&nbsp;<\/p>\n\n\n\n<p>Premiul II: Mireasa Mecanica de Mihail Soare &#8211; 9,06<\/p>\n\n\n\n<p>Premiul III: La pas prin patria mam\u0103&nbsp; de Mihaela Aionesei \u2013 9,00&nbsp;&nbsp;&nbsp;&nbsp;&nbsp;&nbsp;&nbsp;&nbsp;&nbsp;&nbsp;&nbsp;&nbsp;&nbsp;&nbsp;&nbsp;&nbsp;&nbsp;&nbsp;&nbsp;&nbsp;&nbsp;&nbsp;&nbsp;&nbsp;&nbsp;&nbsp;&nbsp;&nbsp;&nbsp;&nbsp;&nbsp;&nbsp;&nbsp;&nbsp;&nbsp;&nbsp;&nbsp;&nbsp;&nbsp;&nbsp;&nbsp;&nbsp;&nbsp;&nbsp;&nbsp;&nbsp;&nbsp;&nbsp;&nbsp;&nbsp;&nbsp;&nbsp;&nbsp;&nbsp;&nbsp;&nbsp;&nbsp;&nbsp;&nbsp;&nbsp;&nbsp;&nbsp;&nbsp;&nbsp;&nbsp;&nbsp;&nbsp;&nbsp;&nbsp;&nbsp;&nbsp;&nbsp;&nbsp;&nbsp;&nbsp;&nbsp;&nbsp;&nbsp;&nbsp;&nbsp;&nbsp;&nbsp;&nbsp;&nbsp;&nbsp;&nbsp; &nbsp;<\/p>\n\n\n\n<p>II. Sec\u021biunea scriitori adul\u021bi nedebuta\u021bi &#8211; Poezie:<\/p>\n\n\n\n<p>Premiul I: ,,Unii se duc la preot, al\u021bii se \u00eendrepta spre poezie.\u201d Rotaru Maria (Bucure\u0219ti) &#8211; 9,50<\/p>\n\n\n\n<p>Premiul II:&nbsp; ,,Ochii doi is tri\u0219ti,&nbsp; d-apoi inima singur\u0103.\u201d Costic\u0103 Ciocan (Ia\u0219i) &#8211;&nbsp;&nbsp;&nbsp;&nbsp;&nbsp;&nbsp;&nbsp;&nbsp;&nbsp;&nbsp;&nbsp;&nbsp;&nbsp;&nbsp;&nbsp;&nbsp;&nbsp;&nbsp; &nbsp;&nbsp;&nbsp;&nbsp;&nbsp;&nbsp;&nbsp;&nbsp;9,37<\/p>\n\n\n\n<p>Premiul III: ,,M\u0103 ascund \u00een podul palmei, s\u0103 nu pl\u0103tesc chirie respira\u021biei.\u201d&nbsp;&nbsp; R\u0103ileanu Lumini\u021ba&nbsp; (Buz\u0103u) &#8211; 9,00<\/p>\n\n\n\n<p>Sec\u021biunea scriitori adul\u021bi nedebuta\u021bi:<\/p>\n\n\n\n<p>Premiul I: ,,Totul a fost \u00een ordine atunci.\u201d Romeo Aurelian Ilie (Slobozia) &#8211;&nbsp;&nbsp;&nbsp;&nbsp;&nbsp;&nbsp;&nbsp;&nbsp;&nbsp;&nbsp;&nbsp;&nbsp; &nbsp;&nbsp;&nbsp;&nbsp;&nbsp;&nbsp;&nbsp;&nbsp;&nbsp;&nbsp;&nbsp;&nbsp;&nbsp;&nbsp;&nbsp;&nbsp;&nbsp;&nbsp;&nbsp;&nbsp;&nbsp;&nbsp;&nbsp;&nbsp;&nbsp;&nbsp;9,50<\/p>\n\n\n\n<p>Premiul III: ,,To\u021bi suntem vinova\u021bi de tot \u0219i de toate.\u201d Iustin Butnariuc (Boto\u0219ani) &#8211; 9,43<\/p>\n\n\n\n<p>Premiul III: ,,Fericirea este cl\u0103dit\u0103 din \u00eenchipuirile fiec\u0103ruia \u0219i&nbsp; fiecare o potrive\u0219te&nbsp; ca pe o hain\u0103. \u201e Popa Savu ( Sibiu)<\/p>\n\n\n\n<p>Sec\u021biunea Tineri Autori &#8211; Poezie:<\/p>\n\n\n\n<p>Premiul&nbsp; I: ,,Poezia este arta sufletului.\u201d &#8211; Petra Ana Miric\u0103 Bobi\u021bi&nbsp; ( Gala\u021bi) &#8211;&nbsp;&nbsp;&nbsp;&nbsp;&nbsp;&nbsp;&nbsp;&nbsp;&nbsp;&nbsp;&nbsp;&nbsp;&nbsp;&nbsp;&nbsp;&nbsp;&nbsp;&nbsp;&nbsp;&nbsp;&nbsp;&nbsp;&nbsp;&nbsp;&nbsp;&nbsp;&nbsp;&nbsp;&nbsp;&nbsp;&nbsp;&nbsp;&nbsp;&nbsp;&nbsp; 9,75<\/p>\n\n\n\n<p>Premiul II: ,,Eu unul trag s\u0103 mor de c\u00e2nd m-am n\u0103scut.\u201d &#8211; Barbu Teodora (Gr\u0103me\u0219ti) &#8211; 8,75<\/p>\n\n\n\n<p>Premiul III: ,, \u0218i pe Venus plou\u0103 uneori.\u201d &#8211;&nbsp; Csere\u0219 Karina Nicoleta ( Bucure\u0219ti) &#8211; 8,50<\/p>\n\n\n\n<p>Sec\u021biunea Tineri Autori &#8211; Proz\u0103:<\/p>\n\n\n\n<p>Premiul I: ,,Culoarea cea mai scump\u0103 inimii mele este culoarea limbii rom\u00e2ne.\u201d &#8211; Bu\u0219u Iulia Maria&nbsp; (Craiova) &#8211; 9,50<\/p>\n\n\n\n<p>Premiul II: \u201dUneori&nbsp; c\u0103ut\u0103m adev\u0103rul \u00een cutia cu minciuni.\u201d&nbsp; &#8211;&nbsp; Bezn\u0103 Gabriela Elena (Craiova) &#8211;&nbsp; 9,12<\/p>\n\n\n\n<p>Premiul III: ,,Cel mai impresionant lucru pe care l-am spus a fost o poveste.\u201d \u2013 R\u0103dulescu Alexandru-Ionu\u021b ( Buz\u0103u) &#8211; 8,75<\/p>\n\n\n\n<p>Pre\u0219edinte juriu: Aurel Maria Baros<\/p>\n\n\n\n<p>Membrii juriu:<\/p>\n\n\n\n<p>Elena Armenescu<\/p>\n\n\n\n<p>Angi Melania Cristea<\/p>\n\n\n\n<p>Gela Enea<\/p>\n\n\n\n<p>Bogdan Ionescu Lupeanu<\/p>\n\n\n\n<p>V\u0103 mul\u021bumim! Mult succes \u0219i inspira\u021bie tuturor!<\/p>\n\n\n\n<p>\u00cen memoria lui Alexandru Macedonski \u015fi pentru a continua ac\u0163iunea de promovare a tinerilor scriitori talenta\u0163i, \u00eencep\u00e2nd din anul 2014, Asocia\u0163ia Macedonenilor din Rom\u00e2nia organizeaz\u0103 Concursul Na\u0163ional de Literatur\u0103 \u201eAlexandru Macedonski\u201d, adresat acelora care nu au debutat \u00een volum.<\/p>\n\n\n\n<p>Juriul festivalului este format din personalit\u0103\u0163i literare din cadrul Uniunii Scriitorilor din Rom\u00e2nia.<\/p>\n\n\n\n<p>Informa\u021bii suplimentare se pot ob\u021bine la telefon 0722.251.947.<\/p>\n","protected":false},"excerpt":{"rendered":"<p>Talenta\u021bi \u00een arta condeiului din \u00eentreaga \u021bar\u0103 au impresionat cu crea\u021biile literare de excep\u021bie trimise la concurs. Competi\u021bia s-a desf\u0103\u0219urat \u00een perioada 17 septembrie \u2013 17 octombrie, iar ceremonia de premiere va avea loc pe 20 noiembrie 2021, prin intermediul platformei \u201dZoom\u201d. Juriul a deliberat, iar c\u00e2\u0219tig\u0103torii sunt urm\u0103torii: Sec\u021biunea Scriitori Consacra\u021bi &#8211; Poezie: Premiul [&hellip;]<\/p>\n","protected":false},"author":1,"featured_media":0,"comment_status":"open","ping_status":"open","sticky":true,"template":"","format":"standard","meta":{"_et_pb_use_builder":"off","_et_pb_old_content":"","_et_gb_content_width":"","footnotes":""},"categories":[1],"tags":[],"class_list":["post-2787","post","type-post","status-publish","format-standard","hentry","category-activitati"],"_links":{"self":[{"href":"https:\/\/asociatia-macedonenilor.ro\/index.php\/wp-json\/wp\/v2\/posts\/2787","targetHints":{"allow":["GET"]}}],"collection":[{"href":"https:\/\/asociatia-macedonenilor.ro\/index.php\/wp-json\/wp\/v2\/posts"}],"about":[{"href":"https:\/\/asociatia-macedonenilor.ro\/index.php\/wp-json\/wp\/v2\/types\/post"}],"author":[{"embeddable":true,"href":"https:\/\/asociatia-macedonenilor.ro\/index.php\/wp-json\/wp\/v2\/users\/1"}],"replies":[{"embeddable":true,"href":"https:\/\/asociatia-macedonenilor.ro\/index.php\/wp-json\/wp\/v2\/comments?post=2787"}],"version-history":[{"count":3,"href":"https:\/\/asociatia-macedonenilor.ro\/index.php\/wp-json\/wp\/v2\/posts\/2787\/revisions"}],"predecessor-version":[{"id":2791,"href":"https:\/\/asociatia-macedonenilor.ro\/index.php\/wp-json\/wp\/v2\/posts\/2787\/revisions\/2791"}],"wp:attachment":[{"href":"https:\/\/asociatia-macedonenilor.ro\/index.php\/wp-json\/wp\/v2\/media?parent=2787"}],"wp:term":[{"taxonomy":"category","embeddable":true,"href":"https:\/\/asociatia-macedonenilor.ro\/index.php\/wp-json\/wp\/v2\/categories?post=2787"},{"taxonomy":"post_tag","embeddable":true,"href":"https:\/\/asociatia-macedonenilor.ro\/index.php\/wp-json\/wp\/v2\/tags?post=2787"}],"curies":[{"name":"wp","href":"https:\/\/api.w.org\/{rel}","templated":true}]}}