{"id":2746,"date":"2021-08-27T08:42:53","date_gmt":"2021-08-27T08:42:53","guid":{"rendered":"http:\/\/asociatia-macedonenilor.ro\/?p=2746"},"modified":"2021-08-27T08:44:43","modified_gmt":"2021-08-27T08:44:43","slug":"amr-organizeaza-concursul-national-de-literatura-alexandru-macedonski-editia-a-viii-a","status":"publish","type":"post","link":"https:\/\/asociatia-macedonenilor.ro\/index.php\/2021\/08\/27\/amr-organizeaza-concursul-national-de-literatura-alexandru-macedonski-editia-a-viii-a\/","title":{"rendered":"AMR organizeaz\u0103 Concursul Na\u021bional de Literatur\u0103 \u201dAlexandru Macedonski\u201d, edi\u021bia a VIII-a"},"content":{"rendered":"\n<p><strong>To\u021bi cei pasiona\u021bi de arta condeiului sunt a\u0219tepta\u021bi s\u0103 participe la edi\u021bia a VIII-a a Concursului Na\u021bional de Literatur\u0103 \u201dAlexandru Macedonski\u201d, organizat de Asocia\u021bia Macedonenilor din Rom\u00e2nia (AMR). Competi\u021bia este destinat\u0103 celor care nu au debutat \u00een volum. \u00censcrierea la&nbsp;concurs se face \u00een perioada 17 septembrie \u2013 17 octombrie, anun\u021barea c\u00e2\u0219tig\u0103torilor este programat\u0103 \u00een perioada 08 \u2013 14 noiembrie. Ceremonia de premiere va avea loc pe 20 noiembrie 2021.<\/strong><\/p>\n\n\n\n<figure class=\"wp-block-image size-large\"><img loading=\"lazy\" decoding=\"async\" width=\"768\" height=\"1024\" src=\"https:\/\/asociatia-macedonenilor.ro\/wp-content\/uploads\/2021\/08\/WhatsApp-Image-2021-08-25-at-19.22.27-768x1024.jpeg\" alt=\"\" class=\"wp-image-2748\"\/><\/figure>\n\n\n\n<p>\u00cen memoria scriitorului de etnie macedonean\u0103 \u015fi pentru a continua ac\u0163iunea de promovare a tinerilor scriitori talenta\u0163i, \u00eencep\u00e2nd din anul&nbsp; 2014, Asocia\u0163ia Macedonenilor din Rom\u00e2nia (A.M.R.) organizeaz\u0103 Concursul Na\u0163ional de Literatur\u0103 \u201eAlexandru Macedonski\u201d.<\/p>\n\n\n\n<p>Deoarece&nbsp; poetul Alexandru Macedonski este de etnie macedonean\u0103, concursul se adreseaz\u0103 scriitorilor de etnie macedonean\u0103, membri sau simpatizan\u0163i ai Asocia\u0163iei Macedonenilor din Rom\u00e2nia, precum \u015fi, \u00een egal\u0103 m\u0103sur\u0103, tuturor cet\u0103\u0163enilor rom\u00e2ni care vor s\u0103 participe la acest festival, organizat sub egida A.M.R..<\/p>\n\n\n\n<p>ORGANIZARE CONCURS:<\/p>\n\n\n\n<p>Concursul va fi organizat pe dou\u0103&nbsp; sec\u021biuni:<\/p>\n\n\n\n<p>I. SEC\u021aIUNEA ADUL\u021aI&nbsp; (18 ani \u00eemplini\u021bi la&nbsp; data \u00eenceperii concursului, 16 august 2021)&nbsp;<\/p>\n\n\n\n<p>II. SEC\u021aIUNEA TINERI AUTORI.<\/p>\n\n\n\n<p>REGULAMENT CONCURS:<\/p>\n\n\n\n<p>\u00censcriere&nbsp; concurs: 17 septembrie \u2013 17 octombrie<\/p>\n\n\n\n<p>Jurizare lucr\u0103ri:&nbsp; 17 octombrie \u2013 07 noiembrie<\/p>\n\n\n\n<p>Anun\u021barea c\u00e2\u0219tig\u0103torilor: 08 noiembrie \u2013 14 noiembrie&nbsp;<\/p>\n\n\n\n<p>Ceremonia de premiere: 20 noiembrie 2021<\/p>\n\n\n\n<p>I.SEC\u021aIUNEA&nbsp; ADUL\u021aI:<\/p>\n\n\n\n<p>A. POEZIE:&nbsp;<\/p>\n\n\n\n<p>1.Concuren\u0163ii,&nbsp; nedebuta\u021bi \u00een volum vor trimite, \u00eentr-un fi\u015fier word, un grupaj de 10 poeme, nesemnate, \u00eenso\u021bite de un&nbsp; motto, iar \u00eentr-un fi\u015fier separat, se va scrie motto-ul&nbsp; ata\u015fat poemelor, precum \u0219i datele de identificare a concurentului ( nume, prenume, data na\u0219terii,&nbsp; adresa din buletin, num\u0103rul&nbsp; de telefon \u015fi adresa de mail a autorului).<\/p>\n\n\n\n<p>2. Concuren\u0163ii, scriitori&nbsp; consacra\u021bi,&nbsp; vor trimite 2 exemplare dintr-un volum de poezie&nbsp; ap\u0103rut \u00een&nbsp; 2020\/2021, precum \u0219i datele de identificare a concurentului (nume, prenume, pseudonim literar, data na\u0219terii,&nbsp; adresa din buletin, num\u0103rul&nbsp; de telefon \u015fi adresa de mail a autorului) la urm\u0103toarea&nbsp; adres\u0103: Asocia\u021bia Macedonenilor din Rom\u00e2nia, strada Thomas Masaryk, nr. 29, Bucure\u0219ti, cu men\u021biunea: Pentru Concursul Na\u021bional de Literatur\u0103 ,,Alexandru Macedonski \u201e(Edi\u021bia a IX-a), Sec\u021biunea A. Poezie ( Scriitori consacra\u021bi).<\/p>\n\n\n\n<p>B.SEC\u021aIUNEA&nbsp; PROZ\u0102:&nbsp;<\/p>\n\n\n\n<p>1.Concuren\u0163ii, nedebuta\u021bi&nbsp; \u00een volum, vor trimite, \u00eentr-un fi\u015fier word, un text de maxim 20 pagini (proz\u0103 scurt\u0103, fragment de roman), nesemnat, \u00eenso\u021bit&nbsp; de un motto,&nbsp;iar \u00eentr-un fi\u015fier separat se va scrie motto-ul&nbsp; ata\u015fat textului, datele de identificare a concurentului (nume, prenume, data na\u0219terii,&nbsp; adresa din buletin, num\u0103rul&nbsp;de telefon \u015fi adresa de mail a autorului).<\/p>\n\n\n\n<p>2. Concuren\u0163ii, scriitori&nbsp; consacra\u021bi,&nbsp;vor trimite 2 exemplare dintr-un volum \u00een&nbsp; proz\u0103 ap\u0103rut \u00een 2020\/2021, precum \u0219i datele de identificare a concurentului (nume, prenume, pseudonim literar, data na\u0219terii,&nbsp; adresa din buletin, num\u0103rul&nbsp; de telefon \u015fi adresa de mail a autorului) la urm\u0103toarea&nbsp; adres\u0103: Asocia\u021bia Macedonenilor din Rom\u00e2nia, strada Thomas Masaryk, nr. 29, Bucure\u0219ti, cu men\u021biunea: Pentru Concursul Na\u021bional de Literatur\u0103 ,,Alexandru Macedonski \u201e(Edi\u021bia a IX-a), Sec\u021biunea B. Proz\u0103&nbsp; (Scriitori consacra\u021bi).<\/p>\n\n\n\n<p>Juriul festivalului va fi format din personalit\u0103\u0163i literare din cadrul Uniunii Scriitorilor din Rom\u00e2nia.&nbsp;<\/p>\n\n\n\n<p>Autorilor care nu se prezint\u0103&nbsp;la ceremonia de premiere pentru a le fi atribuite premiile li se retrag aceste premii.<\/p>\n\n\n\n<p>Fiecare autor r\u0103spunde pentru autenticitatea lucr\u0103rii trimise la concurs.<\/p>\n\n\n\n<p>Nu se primesc lucr\u0103ri premiate la alte concursuri literare \u0219i&nbsp;orice lucrare care nu corespunde criteriilor (incit\u0103 la ur\u0103&nbsp;de ras\u0103,&nbsp;utilizeaz\u0103 limbaj trivial, plagiaz\u0103&nbsp;etc).<\/p>\n\n\n\n<p>PREMIILE ACORDATE:&nbsp;<\/p>\n\n\n\n<p>SECTIUNEA ADUL\u021aI:<\/p>\n\n\n\n<p>A.POEZIE:<\/p>\n\n\n\n<p>Premiul I: 600 lei;<\/p>\n\n\n\n<p>Premiul II: 500 lei;&nbsp;<\/p>\n\n\n\n<p>Premiul III: 400 lei.<\/p>\n\n\n\n<p>B. PROZ\u0102:&nbsp;<\/p>\n\n\n\n<p>Premiul I: 600 lei;<\/p>\n\n\n\n<p>Premiul II: 500 lei;&nbsp;<\/p>\n\n\n\n<p>Premiul III: 400 lei.\u2003&nbsp;<\/p>\n\n\n\n<p>II.SEC\u021aIUNEA&nbsp; TINERI AUTORI:&nbsp;<\/p>\n\n\n\n<p>(sub 18 ani la data \u00eenceperii concursului)<\/p>\n\n\n\n<p>A. POEZIE:&nbsp;<\/p>\n\n\n\n<p>Concuren\u0163ii, nedebuta\u021bi \u00een volum vor trimite, \u00eentr-un fi\u015fier word, un grupaj de 10 poeme, nesemnate, \u00eenso\u021bite de un&nbsp; motto, iar \u00eentr-un fi\u015fier separat, se va scrie motto-ul&nbsp; ata\u015fat poemelor, precum \u0219i datele de identificare a concurentului ( nume, prenume, data na\u0219terii,&nbsp;adresa din buletin, num\u0103rul&nbsp; de telefon \u015fi adresa de mail a autorului). Ace\u0219ti concuren\u021bi vor trimite \u0219i acordul scris al p\u0103rintelui\/tutorelui legal privind participarea la concurs.<\/p>\n\n\n\n<p>B. PROZ\u0102:&nbsp;<\/p>\n\n\n\n<p>Concuren\u0163ii, nedebuta\u021bi \u00een volum vor trimite, \u00eentr-un fi\u015fier word, un text de 10 pagini, nesemnat,&nbsp; \u00eenso\u021bit de un&nbsp; motto, iar \u00eentr-un fi\u015fier separat, se va scrie motto-ul&nbsp; ata\u015fat poemelor, precum \u0219i datele de identificare a concurentului (nume, prenume, data na\u0219terii,&nbsp; adresa din buletin, num\u0103rul&nbsp; de telefon \u015fi adresa de mail a autorului). Ace\u0219ti concuren\u021bi vor trimite \u0219i acordul scris al p\u0103rintelui\/tutorelui legal privind participarea la concurs.&nbsp;<\/p>\n\n\n\n<p>Juriul festivalului va fi format din personalit\u0103\u0163i literare din cadrul Uniunii Scriitorilor din Rom\u00e2nia.&nbsp;<\/p>\n\n\n\n<p>Fiecare membru al juriului va nota independent lucr\u0103rile, f\u0103r\u0103 a cunoa\u015fte opinia celorlal\u0163i, iar centralizarea listelor de jurizare \u0219i acordarea premiilor se va stabili \u00een urma unei \u00eent\u00e2lniri a membrilor juriului&nbsp;cu conducerea Asocia\u021biei Macedonenilor din Rom\u00e2nia.<\/p>\n\n\n\n<p>PREMII &#8211; SEC\u021aIUNEA&nbsp;TINERI AUTORI:&nbsp;<\/p>\n\n\n\n<p>A.POEZIE:<\/p>\n\n\n\n<p>Premiul I: 600 lei;<\/p>\n\n\n\n<p>Premiul II: 500 lei;&nbsp;<\/p>\n\n\n\n<p>Premiul III: 400 lei.<\/p>\n\n\n\n<p>B. PROZ\u0102:&nbsp;<\/p>\n\n\n\n<p>Premiul I: 600 lei;<\/p>\n\n\n\n<p>Premiul II: 500 lei;&nbsp;<\/p>\n\n\n\n<p>Premiul III: 400 lei.\u2003<\/p>\n\n\n\n<p>\u00cen perioada 17 septembrie \u2013 17 octombrie va avea loc \u00eenscrierea concuren\u021bilor, 17 octombrie &#8211;&nbsp; 07 noiembrie:&nbsp; jurizarea lucr\u0103rilor din concurs, 08 noiembrie \u2013 14 noiembrie: anun\u021barea&nbsp; c\u00e2\u0219tig\u0103torilor,&nbsp; &nbsp;20 noiembrie 2021:&nbsp; Ceremonia de Premiere.<\/p>\n\n\n\n<p>Pe data de 20 noiembrie, la ora 17:00, se va desf\u0103\u0219ura festivitatea de premiere prin intermediul aplica\u021biei \u201dZoom\u201d sau, dac\u0103&nbsp; normele sanitare \u00een&nbsp;vigoare permit, \u00eentr-o loca\u021bie&nbsp;de cultur\u0103&nbsp; din Bucure\u0219ti. Pentru aceasta, premian\u021bii vor primi invita\u021bii personale.<\/p>\n\n\n\n<p>Lucr\u0103rile pentru concurs vor fi trimise pe adresa de e-mail a Asocia\u0163iei Macedonenilor din Rom\u00e2nia: <a href=\"mailto:concurs.alexandru.macedonski.VIII@asociatia-macedonenilor.ro\">concurs.alexandru.macedonski.VIII@asociatia-macedonenilor.ro<\/a>. &nbsp;<\/p>\n\n\n\n<p>Informa\u021bii suplimentare se pot ob\u021bine la telefon 0722.251.947.<\/p>\n","protected":false},"excerpt":{"rendered":"<p>To\u021bi cei pasiona\u021bi de arta condeiului sunt a\u0219tepta\u021bi s\u0103 participe la edi\u021bia a VIII-a a Concursului Na\u021bional de Literatur\u0103 \u201dAlexandru Macedonski\u201d, organizat de Asocia\u021bia Macedonenilor din Rom\u00e2nia (AMR). Competi\u021bia este destinat\u0103 celor care nu au debutat \u00een volum. \u00censcrierea la&nbsp;concurs se face \u00een perioada 17 septembrie \u2013 17 octombrie, anun\u021barea c\u00e2\u0219tig\u0103torilor este programat\u0103 \u00een perioada [&hellip;]<\/p>\n","protected":false},"author":1,"featured_media":0,"comment_status":"open","ping_status":"open","sticky":false,"template":"","format":"standard","meta":{"_et_pb_use_builder":"off","_et_pb_old_content":"","_et_gb_content_width":"","footnotes":""},"categories":[1,45,36],"tags":[],"class_list":["post-2746","post","type-post","status-publish","format-standard","hentry","category-activitati","category-anunturi","category-diverse"],"_links":{"self":[{"href":"https:\/\/asociatia-macedonenilor.ro\/index.php\/wp-json\/wp\/v2\/posts\/2746","targetHints":{"allow":["GET"]}}],"collection":[{"href":"https:\/\/asociatia-macedonenilor.ro\/index.php\/wp-json\/wp\/v2\/posts"}],"about":[{"href":"https:\/\/asociatia-macedonenilor.ro\/index.php\/wp-json\/wp\/v2\/types\/post"}],"author":[{"embeddable":true,"href":"https:\/\/asociatia-macedonenilor.ro\/index.php\/wp-json\/wp\/v2\/users\/1"}],"replies":[{"embeddable":true,"href":"https:\/\/asociatia-macedonenilor.ro\/index.php\/wp-json\/wp\/v2\/comments?post=2746"}],"version-history":[{"count":2,"href":"https:\/\/asociatia-macedonenilor.ro\/index.php\/wp-json\/wp\/v2\/posts\/2746\/revisions"}],"predecessor-version":[{"id":2749,"href":"https:\/\/asociatia-macedonenilor.ro\/index.php\/wp-json\/wp\/v2\/posts\/2746\/revisions\/2749"}],"wp:attachment":[{"href":"https:\/\/asociatia-macedonenilor.ro\/index.php\/wp-json\/wp\/v2\/media?parent=2746"}],"wp:term":[{"taxonomy":"category","embeddable":true,"href":"https:\/\/asociatia-macedonenilor.ro\/index.php\/wp-json\/wp\/v2\/categories?post=2746"},{"taxonomy":"post_tag","embeddable":true,"href":"https:\/\/asociatia-macedonenilor.ro\/index.php\/wp-json\/wp\/v2\/tags?post=2746"}],"curies":[{"name":"wp","href":"https:\/\/api.w.org\/{rel}","templated":true}]}}