{"id":2631,"date":"2021-02-15T09:08:00","date_gmt":"2021-02-15T09:08:00","guid":{"rendered":"http:\/\/asociatia-macedonenilor.ro\/?p=2631"},"modified":"2021-03-17T00:05:20","modified_gmt":"2021-03-17T00:05:20","slug":"o-primavara-minunata","status":"publish","type":"post","link":"https:\/\/asociatia-macedonenilor.ro\/index.php\/2021\/02\/15\/o-primavara-minunata\/","title":{"rendered":"O prim\u0103var\u0103 minunat\u0103!"},"content":{"rendered":"\n<p>Cro\u0219etate, cusute, pictate, realizate cu mult talent \u0219i migal\u0103, m\u0103r\u021bi\u0219oarele realizate de membrele AMR de la filialele din \u021bar\u0103 sunt gata. 1 Martie se apropie, iar m\u0103r\u021bi\u0219oarele realizate la AMR vestesc o prim\u0103var\u0103 minunat\u0103. <\/p>\n\n\n\n<figure class=\"wp-block-gallery columns-3 is-cropped wp-block-gallery-1 is-layout-flex wp-block-gallery-is-layout-flex\"><ul class=\"blocks-gallery-grid\"><li class=\"blocks-gallery-item\"><figure><img loading=\"lazy\" decoding=\"async\" width=\"576\" height=\"1024\" src=\"https:\/\/asociatia-macedonenilor.ro\/wp-content\/uploads\/2021\/03\/WhatsApp-Image-2021-03-01-at-10.54.43-4-576x1024.jpeg\" alt=\"\" data-id=\"2632\" data-full-url=\"https:\/\/asociatia-macedonenilor.ro\/wp-content\/uploads\/2021\/03\/WhatsApp-Image-2021-03-01-at-10.54.43-4.jpeg\" data-link=\"https:\/\/asociatia-macedonenilor.ro\/?attachment_id=2632\" class=\"wp-image-2632\" srcset=\"https:\/\/asociatia-macedonenilor.ro\/wp-content\/uploads\/2021\/03\/WhatsApp-Image-2021-03-01-at-10.54.43-4-576x1024.jpeg 576w, https:\/\/asociatia-macedonenilor.ro\/wp-content\/uploads\/2021\/03\/WhatsApp-Image-2021-03-01-at-10.54.43-4-480x853.jpeg 480w\" sizes=\"(min-width: 0px) and (max-width: 480px) 480px, (min-width: 481px) 576px, 100vw\" \/><\/figure><\/li><li class=\"blocks-gallery-item\"><figure><img loading=\"lazy\" decoding=\"async\" width=\"576\" height=\"1024\" src=\"https:\/\/asociatia-macedonenilor.ro\/wp-content\/uploads\/2021\/03\/WhatsApp-Image-2021-03-01-at-10.54.43-1-576x1024.jpeg\" alt=\"\" data-id=\"2635\" data-full-url=\"https:\/\/asociatia-macedonenilor.ro\/wp-content\/uploads\/2021\/03\/WhatsApp-Image-2021-03-01-at-10.54.43-1.jpeg\" data-link=\"https:\/\/asociatia-macedonenilor.ro\/?attachment_id=2635\" class=\"wp-image-2635\" srcset=\"https:\/\/asociatia-macedonenilor.ro\/wp-content\/uploads\/2021\/03\/WhatsApp-Image-2021-03-01-at-10.54.43-1-576x1024.jpeg 576w, https:\/\/asociatia-macedonenilor.ro\/wp-content\/uploads\/2021\/03\/WhatsApp-Image-2021-03-01-at-10.54.43-1-480x853.jpeg 480w\" sizes=\"(min-width: 0px) and (max-width: 480px) 480px, (min-width: 481px) 576px, 100vw\" \/><\/figure><\/li><li class=\"blocks-gallery-item\"><figure><img loading=\"lazy\" decoding=\"async\" width=\"576\" height=\"1024\" src=\"https:\/\/asociatia-macedonenilor.ro\/wp-content\/uploads\/2021\/03\/WhatsApp-Image-2021-03-01-at-10.54.43-576x1024.jpeg\" alt=\"\" data-id=\"2636\" data-full-url=\"https:\/\/asociatia-macedonenilor.ro\/wp-content\/uploads\/2021\/03\/WhatsApp-Image-2021-03-01-at-10.54.43.jpeg\" data-link=\"https:\/\/asociatia-macedonenilor.ro\/?attachment_id=2636\" class=\"wp-image-2636\" srcset=\"https:\/\/asociatia-macedonenilor.ro\/wp-content\/uploads\/2021\/03\/WhatsApp-Image-2021-03-01-at-10.54.43-576x1024.jpeg 576w, https:\/\/asociatia-macedonenilor.ro\/wp-content\/uploads\/2021\/03\/WhatsApp-Image-2021-03-01-at-10.54.43-480x853.jpeg 480w\" sizes=\"(min-width: 0px) and (max-width: 480px) 480px, (min-width: 481px) 576px, 100vw\" \/><\/figure><\/li><\/ul><\/figure>\n\n\n\n<p>M\u0103r\u021bi\u0219orul este considerat un talisman al norocului, al bun\u0103st\u0103rii \u0219i al pre\u021buirii, iar cele dou\u0103 fire \u00eempletite, \u00eennodate, alb \u0219i ro\u0219u, semnific\u0103 lupta vie\u021bii asupra mor\u021bii, a s\u0103n\u0103t\u0103\u021bii \u00eempotriva bolii.<\/p>\n\n\n\n<figure class=\"wp-block-gallery columns-3 is-cropped wp-block-gallery-2 is-layout-flex wp-block-gallery-is-layout-flex\"><ul class=\"blocks-gallery-grid\"><li class=\"blocks-gallery-item\"><figure><img loading=\"lazy\" decoding=\"async\" width=\"768\" height=\"1024\" src=\"https:\/\/asociatia-macedonenilor.ro\/wp-content\/uploads\/2021\/03\/WhatsApp-Image-2021-03-01-at-11.04.07-3.jpeg\" alt=\"\" data-id=\"2637\" data-full-url=\"https:\/\/asociatia-macedonenilor.ro\/wp-content\/uploads\/2021\/03\/WhatsApp-Image-2021-03-01-at-11.04.07-3.jpeg\" data-link=\"https:\/\/asociatia-macedonenilor.ro\/?attachment_id=2637\" class=\"wp-image-2637\" srcset=\"https:\/\/asociatia-macedonenilor.ro\/wp-content\/uploads\/2021\/03\/WhatsApp-Image-2021-03-01-at-11.04.07-3.jpeg 768w, https:\/\/asociatia-macedonenilor.ro\/wp-content\/uploads\/2021\/03\/WhatsApp-Image-2021-03-01-at-11.04.07-3-480x640.jpeg 480w\" sizes=\"(min-width: 0px) and (max-width: 480px) 480px, (min-width: 481px) 768px, 100vw\" \/><\/figure><\/li><li class=\"blocks-gallery-item\"><figure><img loading=\"lazy\" decoding=\"async\" width=\"576\" height=\"1024\" src=\"https:\/\/asociatia-macedonenilor.ro\/wp-content\/uploads\/2021\/03\/WhatsApp-Image-2021-03-01-at-11.04.07-1-576x1024.jpeg\" alt=\"\" data-id=\"2638\" data-full-url=\"https:\/\/asociatia-macedonenilor.ro\/wp-content\/uploads\/2021\/03\/WhatsApp-Image-2021-03-01-at-11.04.07-1.jpeg\" data-link=\"https:\/\/asociatia-macedonenilor.ro\/?attachment_id=2638\" class=\"wp-image-2638\" srcset=\"https:\/\/asociatia-macedonenilor.ro\/wp-content\/uploads\/2021\/03\/WhatsApp-Image-2021-03-01-at-11.04.07-1-576x1024.jpeg 576w, https:\/\/asociatia-macedonenilor.ro\/wp-content\/uploads\/2021\/03\/WhatsApp-Image-2021-03-01-at-11.04.07-1-480x853.jpeg 480w\" sizes=\"(min-width: 0px) and (max-width: 480px) 480px, (min-width: 481px) 576px, 100vw\" \/><\/figure><\/li><li class=\"blocks-gallery-item\"><figure><img loading=\"lazy\" decoding=\"async\" width=\"576\" height=\"1024\" src=\"https:\/\/asociatia-macedonenilor.ro\/wp-content\/uploads\/2021\/03\/WhatsApp-Image-2021-03-01-at-11.04.07-576x1024.jpeg\" alt=\"\" data-id=\"2639\" data-full-url=\"https:\/\/asociatia-macedonenilor.ro\/wp-content\/uploads\/2021\/03\/WhatsApp-Image-2021-03-01-at-11.04.07.jpeg\" data-link=\"https:\/\/asociatia-macedonenilor.ro\/?attachment_id=2639\" class=\"wp-image-2639\" srcset=\"https:\/\/asociatia-macedonenilor.ro\/wp-content\/uploads\/2021\/03\/WhatsApp-Image-2021-03-01-at-11.04.07-576x1024.jpeg 576w, https:\/\/asociatia-macedonenilor.ro\/wp-content\/uploads\/2021\/03\/WhatsApp-Image-2021-03-01-at-11.04.07-480x853.jpeg 480w\" sizes=\"(min-width: 0px) and (max-width: 480px) 480px, (min-width: 481px) 576px, 100vw\" \/><\/figure><\/li><\/ul><\/figure>\n","protected":false},"excerpt":{"rendered":"<p>Cro\u0219etate, cusute, pictate, realizate cu mult talent \u0219i migal\u0103, m\u0103r\u021bi\u0219oarele realizate de membrele AMR de la filialele din \u021bar\u0103 sunt gata. 1 Martie se apropie, iar m\u0103r\u021bi\u0219oarele realizate la AMR vestesc o prim\u0103var\u0103 minunat\u0103. M\u0103r\u021bi\u0219orul este considerat un talisman al norocului, al bun\u0103st\u0103rii \u0219i al pre\u021buirii, iar cele dou\u0103 fire \u00eempletite, \u00eennodate, alb \u0219i ro\u0219u, [&hellip;]<\/p>\n","protected":false},"author":1,"featured_media":0,"comment_status":"open","ping_status":"open","sticky":false,"template":"","format":"standard","meta":{"_et_pb_use_builder":"off","_et_pb_old_content":"","_et_gb_content_width":"","footnotes":""},"categories":[1],"tags":[],"class_list":["post-2631","post","type-post","status-publish","format-standard","hentry","category-activitati"],"_links":{"self":[{"href":"https:\/\/asociatia-macedonenilor.ro\/index.php\/wp-json\/wp\/v2\/posts\/2631","targetHints":{"allow":["GET"]}}],"collection":[{"href":"https:\/\/asociatia-macedonenilor.ro\/index.php\/wp-json\/wp\/v2\/posts"}],"about":[{"href":"https:\/\/asociatia-macedonenilor.ro\/index.php\/wp-json\/wp\/v2\/types\/post"}],"author":[{"embeddable":true,"href":"https:\/\/asociatia-macedonenilor.ro\/index.php\/wp-json\/wp\/v2\/users\/1"}],"replies":[{"embeddable":true,"href":"https:\/\/asociatia-macedonenilor.ro\/index.php\/wp-json\/wp\/v2\/comments?post=2631"}],"version-history":[{"count":2,"href":"https:\/\/asociatia-macedonenilor.ro\/index.php\/wp-json\/wp\/v2\/posts\/2631\/revisions"}],"predecessor-version":[{"id":2642,"href":"https:\/\/asociatia-macedonenilor.ro\/index.php\/wp-json\/wp\/v2\/posts\/2631\/revisions\/2642"}],"wp:attachment":[{"href":"https:\/\/asociatia-macedonenilor.ro\/index.php\/wp-json\/wp\/v2\/media?parent=2631"}],"wp:term":[{"taxonomy":"category","embeddable":true,"href":"https:\/\/asociatia-macedonenilor.ro\/index.php\/wp-json\/wp\/v2\/categories?post=2631"},{"taxonomy":"post_tag","embeddable":true,"href":"https:\/\/asociatia-macedonenilor.ro\/index.php\/wp-json\/wp\/v2\/tags?post=2631"}],"curies":[{"name":"wp","href":"https:\/\/api.w.org\/{rel}","templated":true}]}}