{"id":2592,"date":"2020-12-03T15:54:00","date_gmt":"2020-12-03T15:54:00","guid":{"rendered":"http:\/\/asociatia-macedonenilor.ro\/?p=2592"},"modified":"2021-01-29T15:56:12","modified_gmt":"2021-01-29T15:56:12","slug":"candidatul-amr-este-reprezentat-electoral-in-toate-judetele-romaniei","status":"publish","type":"post","link":"https:\/\/asociatia-macedonenilor.ro\/index.php\/2020\/12\/03\/candidatul-amr-este-reprezentat-electoral-in-toate-judetele-romaniei\/","title":{"rendered":"Candidatul AMR este reprezentat electoral \u00een toate jude\u0163ele Rom\u00e2niei"},"content":{"rendered":"\n<p><strong>Minorit\u0103\u0163ile etnice sunt importante, at\u00e2t ca entitate individual\u0103, de tradi\u0163ii \u015fi obiceiuri, c\u00e2t \u015fi pentru contribu\u0163ia avut\u0103 la etosul rom\u00e2nesc.<\/strong><\/p>\n\n\n\n<figure class=\"wp-block-image size-large\"><img loading=\"lazy\" decoding=\"async\" width=\"900\" height=\"630\" src=\"https:\/\/asociatia-macedonenilor.ro\/wp-content\/uploads\/2021\/01\/istancu.jpg\" alt=\"\" class=\"wp-image-2594\" srcset=\"https:\/\/asociatia-macedonenilor.ro\/wp-content\/uploads\/2021\/01\/istancu.jpg 900w, https:\/\/asociatia-macedonenilor.ro\/wp-content\/uploads\/2021\/01\/istancu-480x336.jpg 480w\" sizes=\"(min-width: 0px) and (max-width: 480px) 480px, (min-width: 481px) 900px, 100vw\" \/><\/figure>\n\n\n\n<p>Etnicii macedoneni sunt o parte a acestei istorii comune pe care, mul\u0163i dintre noi, nu o cunosc, dar aportul lor intrinsec la devenirea noastr\u0103 ca na\u0163ie, de sine st\u0103t\u0103toare, este important, de\u015fi nu este cuantificabil.<\/p>\n\n\n\n<figure class=\"wp-block-image size-large\"><img loading=\"lazy\" decoding=\"async\" width=\"900\" height=\"705\" src=\"https:\/\/asociatia-macedonenilor.ro\/wp-content\/uploads\/2021\/01\/hartam.jpg\" alt=\"\" class=\"wp-image-2593\" srcset=\"https:\/\/asociatia-macedonenilor.ro\/wp-content\/uploads\/2021\/01\/hartam.jpg 900w, https:\/\/asociatia-macedonenilor.ro\/wp-content\/uploads\/2021\/01\/hartam-480x376.jpg 480w\" sizes=\"(min-width: 0px) and (max-width: 480px) 480px, (min-width: 481px) 900px, 100vw\" \/><\/figure>\n\n\n\n<p><strong>Ionel Stancu este candidatul Asocia\u0163iei Macedonenilor din Rom\u00e2nia la Camera Deputa\u0163ilor, este cet\u0103\u0163ean rom\u00e2n cu origini trans-dun\u0103rene \u015fi potrivit pentru a reprezenta, \u00een Parlament, interesele rom\u00e2nilor de orice etnie, pentru c\u0103, p\u00e2n\u0103 la urm\u0103, to\u0163i avem acelea\u015fi deziderate, de veacuri \u00eencoace, \u00eenc\u0103 de la na\u015fterea acestui popor. &nbsp;<\/strong><\/p>\n","protected":false},"excerpt":{"rendered":"<p>Minorit\u0103\u0163ile etnice sunt importante, at\u00e2t ca entitate individual\u0103, de tradi\u0163ii \u015fi obiceiuri, c\u00e2t \u015fi pentru contribu\u0163ia avut\u0103 la etosul rom\u00e2nesc. Etnicii macedoneni sunt o parte a acestei istorii comune pe care, mul\u0163i dintre noi, nu o cunosc, dar aportul lor intrinsec la devenirea noastr\u0103 ca na\u0163ie, de sine st\u0103t\u0103toare, este important, de\u015fi nu este cuantificabil. [&hellip;]<\/p>\n","protected":false},"author":1,"featured_media":2594,"comment_status":"open","ping_status":"open","sticky":false,"template":"","format":"standard","meta":{"_et_pb_use_builder":"off","_et_pb_old_content":"","_et_gb_content_width":"","footnotes":""},"categories":[40],"tags":[69,68],"class_list":["post-2592","post","type-post","status-publish","format-standard","has-post-thumbnail","hentry","category-activitate-deputat","tag-candidat","tag-ionel-stancu"],"_links":{"self":[{"href":"https:\/\/asociatia-macedonenilor.ro\/index.php\/wp-json\/wp\/v2\/posts\/2592","targetHints":{"allow":["GET"]}}],"collection":[{"href":"https:\/\/asociatia-macedonenilor.ro\/index.php\/wp-json\/wp\/v2\/posts"}],"about":[{"href":"https:\/\/asociatia-macedonenilor.ro\/index.php\/wp-json\/wp\/v2\/types\/post"}],"author":[{"embeddable":true,"href":"https:\/\/asociatia-macedonenilor.ro\/index.php\/wp-json\/wp\/v2\/users\/1"}],"replies":[{"embeddable":true,"href":"https:\/\/asociatia-macedonenilor.ro\/index.php\/wp-json\/wp\/v2\/comments?post=2592"}],"version-history":[{"count":1,"href":"https:\/\/asociatia-macedonenilor.ro\/index.php\/wp-json\/wp\/v2\/posts\/2592\/revisions"}],"predecessor-version":[{"id":2595,"href":"https:\/\/asociatia-macedonenilor.ro\/index.php\/wp-json\/wp\/v2\/posts\/2592\/revisions\/2595"}],"wp:featuredmedia":[{"embeddable":true,"href":"https:\/\/asociatia-macedonenilor.ro\/index.php\/wp-json\/wp\/v2\/media\/2594"}],"wp:attachment":[{"href":"https:\/\/asociatia-macedonenilor.ro\/index.php\/wp-json\/wp\/v2\/media?parent=2592"}],"wp:term":[{"taxonomy":"category","embeddable":true,"href":"https:\/\/asociatia-macedonenilor.ro\/index.php\/wp-json\/wp\/v2\/categories?post=2592"},{"taxonomy":"post_tag","embeddable":true,"href":"https:\/\/asociatia-macedonenilor.ro\/index.php\/wp-json\/wp\/v2\/tags?post=2592"}],"curies":[{"name":"wp","href":"https:\/\/api.w.org\/{rel}","templated":true}]}}