{"id":2585,"date":"2021-01-29T15:48:44","date_gmt":"2021-01-29T15:48:44","guid":{"rendered":"http:\/\/asociatia-macedonenilor.ro\/?p=2585"},"modified":"2021-01-29T15:48:48","modified_gmt":"2021-01-29T15:48:48","slug":"suveniruri-frumoase-confectionate-la-amr","status":"publish","type":"post","link":"https:\/\/asociatia-macedonenilor.ro\/index.php\/2021\/01\/29\/suveniruri-frumoase-confectionate-la-amr\/","title":{"rendered":"Suveniruri frumoase confec\u0163ionate la AMR"},"content":{"rendered":"\n<p><strong>Talentul membrilor Asocia\u0163iei Macedonenilor din Rom\u00e2nia (AMR) este deja cunoscut.<\/strong><\/p>\n\n\n\n<figure class=\"wp-block-image size-large is-style-rounded\"><img loading=\"lazy\" decoding=\"async\" width=\"900\" height=\"794\" src=\"https:\/\/asociatia-macedonenilor.ro\/wp-content\/uploads\/2021\/01\/coronita.jpg\" alt=\"\" class=\"wp-image-2586\" srcset=\"https:\/\/asociatia-macedonenilor.ro\/wp-content\/uploads\/2021\/01\/coronita.jpg 900w, https:\/\/asociatia-macedonenilor.ro\/wp-content\/uploads\/2021\/01\/coronita-480x423.jpg 480w\" sizes=\"(min-width: 0px) and (max-width: 480px) 480px, (min-width: 481px) 900px, 100vw\" \/><\/figure>\n\n\n\n<p>Fiecare, la sediu sau \u00een propria locuin\u021b\u0103, confec\u0163ioneaz\u0103 obiecte unicat pentru S\u0103rb\u0103torile de Iarn\u0103, folosind conuri \u0219i crengu\u0163e de brad, nuci, castane, ghinde, lum\u00e2n\u0103ri, fructe uscate.<\/p>\n\n\n\n<figure class=\"wp-block-image size-large is-style-rounded\"><img loading=\"lazy\" decoding=\"async\" width=\"900\" height=\"629\" src=\"https:\/\/asociatia-macedonenilor.ro\/wp-content\/uploads\/2021\/01\/inima.jpg\" alt=\"\" class=\"wp-image-2587\" srcset=\"https:\/\/asociatia-macedonenilor.ro\/wp-content\/uploads\/2021\/01\/inima.jpg 900w, https:\/\/asociatia-macedonenilor.ro\/wp-content\/uploads\/2021\/01\/inima-480x335.jpg 480w\" sizes=\"(min-width: 0px) and (max-width: 480px) 480px, (min-width: 481px) 900px, 100vw\" \/><\/figure>\n\n\n\n<p>Decora\u021biunile sunt realizate de c\u0103tre membrii AMR din Cara\u0219, Re\u0219i\u021ba, Timi\u0219oara, Craiova.<\/p>\n","protected":false},"excerpt":{"rendered":"<p>Talentul membrilor Asocia\u0163iei Macedonenilor din Rom\u00e2nia (AMR) este deja cunoscut. Fiecare, la sediu sau \u00een propria locuin\u021b\u0103, confec\u0163ioneaz\u0103 obiecte unicat pentru S\u0103rb\u0103torile de Iarn\u0103, folosind conuri \u0219i crengu\u0163e de brad, nuci, castane, ghinde, lum\u00e2n\u0103ri, fructe uscate. Decora\u021biunile sunt realizate de c\u0103tre membrii AMR din Cara\u0219, Re\u0219i\u021ba, Timi\u0219oara, Craiova.<\/p>\n","protected":false},"author":1,"featured_media":2586,"comment_status":"open","ping_status":"open","sticky":false,"template":"","format":"standard","meta":{"_et_pb_use_builder":"off","_et_pb_old_content":"","_et_gb_content_width":"","footnotes":""},"categories":[1],"tags":[65,64],"class_list":["post-2585","post","type-post","status-publish","format-standard","has-post-thumbnail","hentry","category-activitati","tag-confectionari","tag-suveniruri"],"_links":{"self":[{"href":"https:\/\/asociatia-macedonenilor.ro\/index.php\/wp-json\/wp\/v2\/posts\/2585","targetHints":{"allow":["GET"]}}],"collection":[{"href":"https:\/\/asociatia-macedonenilor.ro\/index.php\/wp-json\/wp\/v2\/posts"}],"about":[{"href":"https:\/\/asociatia-macedonenilor.ro\/index.php\/wp-json\/wp\/v2\/types\/post"}],"author":[{"embeddable":true,"href":"https:\/\/asociatia-macedonenilor.ro\/index.php\/wp-json\/wp\/v2\/users\/1"}],"replies":[{"embeddable":true,"href":"https:\/\/asociatia-macedonenilor.ro\/index.php\/wp-json\/wp\/v2\/comments?post=2585"}],"version-history":[{"count":1,"href":"https:\/\/asociatia-macedonenilor.ro\/index.php\/wp-json\/wp\/v2\/posts\/2585\/revisions"}],"predecessor-version":[{"id":2588,"href":"https:\/\/asociatia-macedonenilor.ro\/index.php\/wp-json\/wp\/v2\/posts\/2585\/revisions\/2588"}],"wp:featuredmedia":[{"embeddable":true,"href":"https:\/\/asociatia-macedonenilor.ro\/index.php\/wp-json\/wp\/v2\/media\/2586"}],"wp:attachment":[{"href":"https:\/\/asociatia-macedonenilor.ro\/index.php\/wp-json\/wp\/v2\/media?parent=2585"}],"wp:term":[{"taxonomy":"category","embeddable":true,"href":"https:\/\/asociatia-macedonenilor.ro\/index.php\/wp-json\/wp\/v2\/categories?post=2585"},{"taxonomy":"post_tag","embeddable":true,"href":"https:\/\/asociatia-macedonenilor.ro\/index.php\/wp-json\/wp\/v2\/tags?post=2585"}],"curies":[{"name":"wp","href":"https:\/\/api.w.org\/{rel}","templated":true}]}}