{"id":2543,"date":"2020-12-10T06:43:02","date_gmt":"2020-12-10T06:43:02","guid":{"rendered":"http:\/\/asociatia-macedonenilor.ro\/?p=2543"},"modified":"2021-01-29T15:27:15","modified_gmt":"2021-01-29T15:27:15","slug":"excelenta-sa-ambasadorul-gabriel-atanasov-a-transmis-felicitari-doamnei-deputat-mariana-venera-popescu","status":"publish","type":"post","link":"https:\/\/asociatia-macedonenilor.ro\/index.php\/2020\/12\/10\/excelenta-sa-ambasadorul-gabriel-atanasov-a-transmis-felicitari-doamnei-deputat-mariana-venera-popescu\/","title":{"rendered":"Excelen\u021ba sa, ambasadorul Gabriel Atanasov, a transmis felicit\u0103ri doamnei deputat Mariana Venera Popescu"},"content":{"rendered":"\n<p>Doamna deputat Mariana Venera Popescu a primit felicitari din partea domnului ambasador al Republicii Macedonia de Nord, la Bucure\u0219ti, excelen\u021ba sa, Gabriel Atanasov. <\/p>\n\n\n\n<figure class=\"wp-block-gallery columns-1 is-cropped wp-block-gallery-1 is-layout-flex wp-block-gallery-is-layout-flex\"><ul class=\"blocks-gallery-grid\"><li class=\"blocks-gallery-item\"><figure><img loading=\"lazy\" decoding=\"async\" width=\"596\" height=\"1024\" src=\"https:\/\/asociatia-macedonenilor.ro\/wp-content\/uploads\/2020\/12\/130745214_417738139581885_2069390502133379505_o-596x1024.jpg\" alt=\"\" data-id=\"2544\" data-full-url=\"https:\/\/asociatia-macedonenilor.ro\/wp-content\/uploads\/2020\/12\/130745214_417738139581885_2069390502133379505_o.jpg\" data-link=\"https:\/\/asociatia-macedonenilor.ro\/?attachment_id=2544\" class=\"wp-image-2544\"\/><\/figure><\/li><\/ul><\/figure>\n\n\n\n<p>A\u0219a cum deja \u0219ti\u021bi \u00eempreun\u0103 cu AMR a militat \u00een Parlamentul Rom\u00e2niei pentru \u00eenfiin\u021barea Zilei Limbii Macedonene \u00een Rom\u00e2nia. Acest lucru a devenit posibil pe 8 decembrie 2018. <\/p>\n\n\n\n<p>\u201dComunitatea macedonean\u0103 merita acest lucru, celebrarea limbii macedonene reprezint\u0103 un gest firesc de respect, de recunoa\u0219tere \u0219i de ce nu de transmitere mai departe at\u00e2t pentru comunitate, dar \u0219i pentru cei interesa\u021bi a limbii macedonene. AMR organizeaz\u0103 s\u0103pt\u0103m\u00e2nal cursuri de limb\u0103 macedonean\u0103. V\u0103 asigur c\u0103 AMR va continua proiectele culturale, va continua promovarea tradi\u021biilor \u0219i obiceiurilor macedonene!\u201d,<\/p>\n\n\n\n<p>a spus Mariana Venera Popescu. <\/p>\n","protected":false},"excerpt":{"rendered":"<p>Doamna deputat Mariana Venera Popescu a primit felicitari din partea domnului ambasador al Republicii Macedonia de Nord, la Bucure\u0219ti, excelen\u021ba sa, Gabriel Atanasov. A\u0219a cum deja \u0219ti\u021bi \u00eempreun\u0103 cu AMR a militat \u00een Parlamentul Rom\u00e2niei pentru \u00eenfiin\u021barea Zilei Limbii Macedonene \u00een Rom\u00e2nia. Acest lucru a devenit posibil pe 8 decembrie 2018. \u201dComunitatea macedonean\u0103 merita acest [&hellip;]<\/p>\n","protected":false},"author":1,"featured_media":2544,"comment_status":"open","ping_status":"open","sticky":true,"template":"","format":"standard","meta":{"_et_pb_use_builder":"off","_et_pb_old_content":"","_et_gb_content_width":"","footnotes":""},"categories":[40],"tags":[],"class_list":["post-2543","post","type-post","status-publish","format-standard","has-post-thumbnail","hentry","category-activitate-deputat"],"_links":{"self":[{"href":"https:\/\/asociatia-macedonenilor.ro\/index.php\/wp-json\/wp\/v2\/posts\/2543","targetHints":{"allow":["GET"]}}],"collection":[{"href":"https:\/\/asociatia-macedonenilor.ro\/index.php\/wp-json\/wp\/v2\/posts"}],"about":[{"href":"https:\/\/asociatia-macedonenilor.ro\/index.php\/wp-json\/wp\/v2\/types\/post"}],"author":[{"embeddable":true,"href":"https:\/\/asociatia-macedonenilor.ro\/index.php\/wp-json\/wp\/v2\/users\/1"}],"replies":[{"embeddable":true,"href":"https:\/\/asociatia-macedonenilor.ro\/index.php\/wp-json\/wp\/v2\/comments?post=2543"}],"version-history":[{"count":2,"href":"https:\/\/asociatia-macedonenilor.ro\/index.php\/wp-json\/wp\/v2\/posts\/2543\/revisions"}],"predecessor-version":[{"id":2581,"href":"https:\/\/asociatia-macedonenilor.ro\/index.php\/wp-json\/wp\/v2\/posts\/2543\/revisions\/2581"}],"wp:featuredmedia":[{"embeddable":true,"href":"https:\/\/asociatia-macedonenilor.ro\/index.php\/wp-json\/wp\/v2\/media\/2544"}],"wp:attachment":[{"href":"https:\/\/asociatia-macedonenilor.ro\/index.php\/wp-json\/wp\/v2\/media?parent=2543"}],"wp:term":[{"taxonomy":"category","embeddable":true,"href":"https:\/\/asociatia-macedonenilor.ro\/index.php\/wp-json\/wp\/v2\/categories?post=2543"},{"taxonomy":"post_tag","embeddable":true,"href":"https:\/\/asociatia-macedonenilor.ro\/index.php\/wp-json\/wp\/v2\/tags?post=2543"}],"curies":[{"name":"wp","href":"https:\/\/api.w.org\/{rel}","templated":true}]}}