{"id":2537,"date":"2020-12-08T11:15:10","date_gmt":"2020-12-08T11:15:10","guid":{"rendered":"http:\/\/asociatia-macedonenilor.ro\/?p=2537"},"modified":"2020-12-08T11:15:14","modified_gmt":"2020-12-08T11:15:14","slug":"8-decembrie-ziua-limbii-macedonene-in-romania","status":"publish","type":"post","link":"https:\/\/asociatia-macedonenilor.ro\/index.php\/2020\/12\/08\/8-decembrie-ziua-limbii-macedonene-in-romania\/","title":{"rendered":"8 Decembrie, Ziua Limbii Macedonene, \u00een Rom\u00e2nia"},"content":{"rendered":"\n<p><strong>De doi ani, pe data de 8 decembrie, \u00een Rom\u00e2nia, este s\u0103rb\u0103torit\u0103 Ziua Limbii Macedonene. <\/strong><\/p>\n\n\n\n<p>A fost o ini\u021biativ\u0103 extrem de important\u0103 a doamnei Mariana Venera Popescu, deputat care a reprezentant macedonenii \u00een Parlamentul Rom\u00e2niei, \u00een perioada 2016-2020. Aceast\u0103 zi este cu at\u00e2t mai important\u0103 pentru etnicii macedoneni, cu c\u00e2t este \u015fi Ziua Sf\u00e2ntului Clement din Ohrid, zi de mare s\u0103rb\u0103toare pentru to\u0163i macedonenii.<\/p>\n\n\n\n<p>La mul\u021bi ani limbii macedonene!<\/p>\n\n\n\n<figure class=\"wp-block-image size-large\"><img loading=\"lazy\" decoding=\"async\" width=\"678\" height=\"960\" src=\"https:\/\/asociatia-macedonenilor.ro\/wp-content\/uploads\/2020\/12\/generic-1.jpg\" alt=\"\" class=\"wp-image-2539\" srcset=\"https:\/\/asociatia-macedonenilor.ro\/wp-content\/uploads\/2020\/12\/generic-1.jpg 678w, https:\/\/asociatia-macedonenilor.ro\/wp-content\/uploads\/2020\/12\/generic-1-480x680.jpg 480w\" sizes=\"(min-width: 0px) and (max-width: 480px) 480px, (min-width: 481px) 678px, 100vw\" \/><\/figure>\n\n\n\n<p>\u043c\u0438 \u0434\u0435\u043a\u0435\u043c\u0432\u0440\u0438 \u0432\u0435\u045c\u0435 \u0434\u0432\u0435 \u0433\u043e\u0434\u0438\u043d\u0438 \u043c\u0430\u043a\u0435\u0434\u043e\u043d\u0446\u0438\u0442\u0435 \u043e\u0434 \u0420\u043e\u043c\u0430\u043d\u0438\u0458\u0430 \u0433\u043e \u043f\u0440\u043e\u0441\u043b\u0430\u0432\u0443\u0432\u0430\u0430\u0442 \u043a\u0430\u043a\u043e \u0434\u0435\u043d \u043d\u0430 \u043c\u0430\u043a\u0435\u0434\u043e\u043d\u0441\u043a\u0438\u043e\u0442 \u0458\u0430\u0437\u0438\u043a. \u0417\u043d\u0430\u0447\u0430\u0458\u043d\u0430 \u0437\u0430\u043a\u043e\u043d\u0441\u043a\u0430 \u0438\u043d\u0438\u0446\u0438\u0458\u0430\u0442\u0438\u0432\u0430 \u043d\u0430 \u0433\u043e\u0441\u043f\u043e\u0453\u0430 \u041c\u0430\u0440\u0438\u0430\u043d\u0430 \u0412\u0435\u043d\u0435\u0440\u0430 \u041f\u043e\u043f\u0435\u0441\u043a\u0443, \u043f\u0440\u0430\u0442\u0435\u043d\u0438\u043a \u043a\u043e\u0458 \u0433\u043e \u043f\u0440\u0435\u0442\u0441\u0442\u0430\u0432\u0443\u0432\u0430\u0448\u0435 \u043c\u0430\u043a\u0435\u0434\u043e\u043d\u0441\u043a\u043e\u0442\u043e \u043c\u0430\u043b\u0446\u0438\u043d\u0441\u0442\u0432\u043e \u0432\u043e \u041f\u0430\u0440\u043b\u0430\u043c\u0435\u043d\u0442\u043e\u0442 \u043d\u0430 \u0420\u043e\u043c\u0430\u043d\u0438\u0458\u0430 \u0432\u043e \u043f\u0435\u0440\u0438\u043e\u0434\u043e\u0442 2016 -2020. \u041e\u0432\u043e\u0458 \u0434\u0435\u043d \u0435 \u0434\u043e\u0442\u043e\u043b\u043a\u0443 \u043f\u043e\u0437\u043d\u0430\u0447\u0430\u0435\u043d \u0437\u0430 \u0435\u0442\u043d\u0438\u0447\u043a\u0438\u0442\u0435 \u043c\u0430\u043a\u0435\u0434\u043e\u043d\u0446\u0438 \u0441\u043b\u0430\u0432\u0435\u0458\u045c\u0438 \u0433\u043e \u0432\u043e \u0438\u0441\u0442\u043e \u0432\u0440\u0435\u043c\u0435 \u0438 \u0421\u0432\u0435\u0442\u0438 \u041a\u043b\u0438\u043c\u0435\u043d\u0442 \u041e\u0445\u0440\u0438\u0434\u0441\u043a\u0438, \u0433\u043e\u043b\u0435\u043c \u043f\u0440\u0430\u0437\u043d\u0438\u043a \u0437\u0430 \u0441\u0438\u0442\u0435 \u043c\u0430\u043a\u0435\u0434\u043e\u043d\u0446\u0438. <\/p>\n\n\n\n<p>\u0417\u0430 \u043c\u043d\u043e\u0433\u0443 \u0433\u043e\u0434\u0438\u043d\u0438 \u0437\u0430 \u043c\u0430\u043a\u0435\u0434\u043e\u043d\u0441\u043a\u0438\u043e\u0442 \u0458\u0430\u0437\u0438\u043a!<\/p>\n\n\n\n<p>Limba noastr\u0103 macedonean\u0103 &#8211; Cristina Aslimoska<\/p>\n\n\n\n<p>Limba noastr\u0103 macedonean\u0103 &#8211; Cristina Aslimoska<\/p>\n\n\n\n<p>Este ca o perl\u0103 str\u0103lucitoare<\/p>\n\n\n\n<p>far \u0219i sc\u00e2nteie din soare,<\/p>\n\n\n\n<p>este o limb\u0103 luminat\u0103,<\/p>\n\n\n\n<p>\u0219i limba macedonean\u0103 se nume\u0219te.<\/p>\n\n\n\n<p>Tu, copil macedonean<\/p>\n\n\n\n<p>care roste\u0219ti limba bunicilor,<\/p>\n\n\n\n<p>o pre\u021buie\u0219ti \u0219i o p\u0103strezi,<\/p>\n\n\n\n<p>\u0219tii c\u00e2t valoreaz\u0103 ea?<\/p>\n\n\n\n<p>\u00censemn\u0103tatea sa este mare,<\/p>\n\n\n\n<p>mai mare dec\u00e2t cerul \u00eentins<\/p>\n\n\n\n<p>\u0219i dec\u00e2t mun\u021bii, \u0219i dec\u00e2t drumurile,<\/p>\n\n\n\n<p>\u0219i mai mare dec\u00e2t calmul lacului.<\/p>\n\n\n\n<p>Limba macedonean\u0103<\/p>\n\n\n\n<p>are valoare infinit\u0103<\/p>\n\n\n\n<p>f\u0103r\u0103 de ea, tu n-ai m\u00e2ndrie<\/p>\n\n\n\n<p>f\u0103r\u0103 de ea e\u0219ti venetic al nim\u0103nui.<\/p>\n\n\n\n<p>dar mai \u00eent\u00e2i s\u0103 \u0219ti\u021bi:<\/p>\n\n\n\n<p>nu suntem copac f\u0103r\u2019 de r\u0103d\u0103cin\u0103<\/p>\n\n\n\n<p>avem a noastr\u0103, s\u0103m\u00e2n\u021b\u0103 macedonean\u0103,<\/p>\n\n\n\n<p>a noastr\u0103 limb\u0103, din timpuri str\u0103bune.<\/p>\n\n\n\n<p><a>\u0408\u0430\u0437\u0438\u043a\u043e\u0442 \u043d\u0430\u0448 \u043c\u0430\u043a\u0435\u0434\u043e\u043d\u0441\u043a\u0438<\/a> &#8211; \u0425\u0440\u0438\u0441\u0442\u0438\u043d\u0430 \u0410\u0441\u043b\u0438\u043c\u043e\u0441\u043a\u0430<\/p>\n\n\n\n<p>\u0422\u043e\u0458 \u0435 \u043a\u0430\u043a\u043e \u0431\u0438\u0441\u0435\u0440 \u0441\u0458\u0430\u0435\u043d<\/p>\n\n\n\n<p>\u043d\u0430 \u0441\u043e\u043d\u0446\u0435 \u0441\u0432\u0435\u0442\u043a\u0430 \u0438 \u0431\u043b\u0438\u043a\u0430,<\/p>\n\n\n\n<p>\u0442\u043e\u0458 \u0435 \u0435\u0434\u0435\u043d \u0441\u0432\u0435\u0442\u043e\u043b \u0458\u0430\u0437\u0438\u043a,<\/p>\n\n\n\n<p>\u0458\u0430\u0437\u0438\u043a \u043c\u0430\u043a\u0435\u0434\u043e\u043d\u0441\u043a\u0438 \u0441\u0435 \u0432\u0438\u043a\u0430.<\/p>\n\n\n\n<p>\u0414\u0430\u043b\u0438 \u0442\u0438 \u043c\u0430\u043a\u0435\u0434\u043e\u043d\u0441\u043a\u043e \u0447\u0435\u0434\u043e<\/p>\n\n\n\n<p>\u0448\u0442\u043e \u0433\u043e \u0437\u0431\u043e\u0440\u0443\u0432\u0430\u0448 \u0458\u0430\u0437\u0438\u043a\u043e\u0442 \u043d\u0430 \u0431\u0430\u0431\u0430 \u0438 \u0434\u0435\u0434\u043e,<\/p>\n\n\n\n<p>\u0433\u043e \u043d\u0435\u0433\u0443\u0432\u0430\u0448 \u0438 \u0447\u0443\u0432\u0430\u0448 \u0458\u0430\u0437\u0438\u043a\u043e\u0442 \u0441\u0432\u043e\u0458,<\/p>\n\n\n\n<p>\u0437\u043d\u0430\u0435\u0448 \u043b\u0438 \u043a\u043e\u043b\u043a\u0443 \u0432\u0440\u0435\u0434\u0438 \u0442\u043e\u0458?<\/p>\n\n\n\n<p>\u0412\u0440\u0435\u0434\u043d\u043e\u0441\u0442\u0430 \u043d\u0435\u0433\u043e\u0432\u0430 \u0435 \u0433\u043e\u043b\u0435\u043c\u0430,<\/p>\n\n\n\n<p>\u043f\u043e\u0433\u043e\u043b\u0435\u043c\u0430 \u0438 \u043e\u0434 \u043d\u0435\u0431\u043e\u0442\u043e \u0448\u0438\u0440\u043d\u043e<\/p>\n\n\n\n<p>&nbsp;\u0438 \u043e\u0434 \u043f\u043b\u0430\u043d\u0438\u043d\u0438\u0442\u0435, \u043f\u0430\u0442\u0438\u0448\u0442\u0430\u0442\u0430,<\/p>\n\n\n\n<p>\u043f\u043e\u0433\u043e\u043b\u0435\u043c\u0430 \u043e\u0434 \u0435\u0437\u0435\u0440\u043e\u0442\u043e \u043c\u0438\u0440\u043d\u043e.<\/p>\n\n\n\n<p>\u041c\u0430\u043a\u0435\u0434\u043e\u043d\u0441\u043a\u0438\u043e\u0442 \u0458\u0430\u0437\u0438\u043a<\/p>\n\n\n\n<p>\u0435 \u0431\u0435\u0441\u043a\u0440\u0430\u0458\u043d\u043e \u0432\u0440\u0435\u0434\u0435\u043d<\/p>\n\n\n\n<p>\u0431\u0435\u0437 \u043d\u0435\u0433\u043e \u0442\u0438 \u043d\u0435\u043c\u0430\u0448 \u0433\u043e\u0440\u0434\u043e\u0441\u0442<\/p>\n\n\n\n<p>\u0431\u0435\u0437 \u043d\u0435\u0433\u043e \u0442\u0438 \u0441\u0438 \u0442\u0443\u0453\u0438\u043d\u0435\u0446 \u0431\u0435\u0434\u0435\u043d.<\/p>\n\n\n\n<p>\u0422\u0440\u0435\u0431\u0430 \u0434\u0430 \u0441\u0435 \u0437\u043d\u0430\u0435 \u043a\u0430\u043a\u043e \u043f\u0440\u0432\u043e:<\/p>\n\n\n\n<p>\u043d\u0438\u0435 \u043d\u0435 \u0441\u043c\u0435 \u0431\u0435\u0437 \u043a\u043e\u0440\u0435\u043d \u0434\u0440\u0432\u043e<\/p>\n\n\n\n<p>\u0438\u043c\u0430\u043c\u0435 \u0441\u0432\u043e\u0435, \u043c\u0430\u043a\u0435\u0434\u043e\u043d\u0441\u043a\u043e \u0441\u0435\u043c\u0435,<\/p>\n\n\n\n<p>\u0438\u043c\u0430\u043c\u0435 \u0458\u0430\u0437\u0438\u043a \u043e\u0434 \u0434\u0430\u043c\u043d\u0435\u0448\u043d\u043e \u0432\u0440\u0435\u043c\u0435.<\/p>\n","protected":false},"excerpt":{"rendered":"<p>De doi ani, pe data de 8 decembrie, \u00een Rom\u00e2nia, este s\u0103rb\u0103torit\u0103 Ziua Limbii Macedonene. A fost o ini\u021biativ\u0103 extrem de important\u0103 a doamnei Mariana Venera Popescu, deputat care a reprezentant macedonenii \u00een Parlamentul Rom\u00e2niei, \u00een perioada 2016-2020. Aceast\u0103 zi este cu at\u00e2t mai important\u0103 pentru etnicii macedoneni, cu c\u00e2t este \u015fi Ziua Sf\u00e2ntului Clement [&hellip;]<\/p>\n","protected":false},"author":1,"featured_media":0,"comment_status":"open","ping_status":"open","sticky":false,"template":"","format":"standard","meta":{"_et_pb_use_builder":"off","_et_pb_old_content":"","_et_gb_content_width":"","footnotes":""},"categories":[45],"tags":[],"class_list":["post-2537","post","type-post","status-publish","format-standard","hentry","category-anunturi"],"_links":{"self":[{"href":"https:\/\/asociatia-macedonenilor.ro\/index.php\/wp-json\/wp\/v2\/posts\/2537","targetHints":{"allow":["GET"]}}],"collection":[{"href":"https:\/\/asociatia-macedonenilor.ro\/index.php\/wp-json\/wp\/v2\/posts"}],"about":[{"href":"https:\/\/asociatia-macedonenilor.ro\/index.php\/wp-json\/wp\/v2\/types\/post"}],"author":[{"embeddable":true,"href":"https:\/\/asociatia-macedonenilor.ro\/index.php\/wp-json\/wp\/v2\/users\/1"}],"replies":[{"embeddable":true,"href":"https:\/\/asociatia-macedonenilor.ro\/index.php\/wp-json\/wp\/v2\/comments?post=2537"}],"version-history":[{"count":3,"href":"https:\/\/asociatia-macedonenilor.ro\/index.php\/wp-json\/wp\/v2\/posts\/2537\/revisions"}],"predecessor-version":[{"id":2541,"href":"https:\/\/asociatia-macedonenilor.ro\/index.php\/wp-json\/wp\/v2\/posts\/2537\/revisions\/2541"}],"wp:attachment":[{"href":"https:\/\/asociatia-macedonenilor.ro\/index.php\/wp-json\/wp\/v2\/media?parent=2537"}],"wp:term":[{"taxonomy":"category","embeddable":true,"href":"https:\/\/asociatia-macedonenilor.ro\/index.php\/wp-json\/wp\/v2\/categories?post=2537"},{"taxonomy":"post_tag","embeddable":true,"href":"https:\/\/asociatia-macedonenilor.ro\/index.php\/wp-json\/wp\/v2\/tags?post=2537"}],"curies":[{"name":"wp","href":"https:\/\/api.w.org\/{rel}","templated":true}]}}