{"id":2505,"date":"2020-11-03T17:51:00","date_gmt":"2020-11-03T17:51:00","guid":{"rendered":"http:\/\/asociatia-macedonenilor.ro\/?p=2505"},"modified":"2020-11-16T17:53:16","modified_gmt":"2020-11-16T17:53:16","slug":"hotararea-adunarii-generale-extraordinare-nr-2-26-09-2020","status":"publish","type":"post","link":"https:\/\/asociatia-macedonenilor.ro\/index.php\/2020\/11\/03\/hotararea-adunarii-generale-extraordinare-nr-2-26-09-2020\/","title":{"rendered":"Hot\u0103r\u00e2rea Adun\u0103rii Generale Extraordinare nr. 2\/26.09.2020"},"content":{"rendered":"\n<p>a membrilor Asocia\u021biei Macedonenilor din Rom\u00e2nia &#8211; AMR<\/p>\n\n\n\n<p class=\"has-text-align-center\">luat\u0103 la data de 26.09.2020 ora 11.00<\/p>\n\n\n\n<p>Adunarea General\u0103 Extraordinar\u0103 a membrilor Asocia\u021biei Macedonenilor din Rom\u00e2nia &#8211; AMR \u021binut\u0103 pe terasa Pensiunii \u201dLa Izvoare\u201d situat\u0103 pe drumul european E79 Craiova \u2013 Filia\u0219i, km 14, jude\u021bul Dolj, cod po\u0219tal 207011.<\/p>\n\n\n\n<p>Prezenta Adunare General\u0103 Extraordinar\u0103 a fost convocat\u0103 legal, conform convocatorului anexat nr. 2270\/27.08.2020, publicat \u00een Ziarul Financiar nr. 5494\/01.09.2020, prin afi\u0219are online pe siteul Asocia\u021biei Macedonenilor din Rom\u00e2nia, precum \u0219i prin afi\u0219are la sediul Asocia\u021biei conform Procesului Verbal de afi\u0219are \u00eentocmit.<\/p>\n\n\n\n<p>Cu aceast\u0103 ocazie s-a Hot\u0103r\u00e2t:<\/p>\n\n\n\n<p>&nbsp;&nbsp;&nbsp;&nbsp;&nbsp;&nbsp;&nbsp;&nbsp;&nbsp;&nbsp;&nbsp; 1. Noua componen\u021b\u0103 a Comisiei de Cenzori a Asocia\u021biei Macedonenilor din Rom\u00e2nia format\u0103 din 5 membri: Rusu Valentin, Codreanu Cristina, Porojan Amalia Mirela, Fr\u00e2nculescu Petri\u0219or Dani \u0219i Dinc\u0103 Marin.<\/p>\n\n\n\n<p>&nbsp;&nbsp;&nbsp;&nbsp; 2. Actualizarea statutului Asocia\u021biei Macedonenilor din Rom\u00e2nia .<\/p>\n\n\n\n<p>&nbsp;&nbsp;&nbsp;&nbsp; 3. Desemnarea dnei. Rogobete Cristescu Laura Elen pentru semnarea procesului verbal \u0219i a Hot\u0103r\u00e2rii Adun\u0103rii generale a A.M.R., precum \u0219i pentru urmarea procedurilor \u00een vederea legalei \u00eenregistr\u0103ri a deciziilor luate legal de Adunarea General\u0103 a Membrilor Asocia\u021biei.<\/p>\n\n\n\n<p class=\"has-text-align-right\">PRE\u0218EDINTE AMR<\/p>\n\n\n\n<p class=\"has-text-align-right\">Rogobete-Cristescu Laura-Elen<\/p>\n","protected":false},"excerpt":{"rendered":"<p>a membrilor Asocia\u021biei Macedonenilor din Rom\u00e2nia &#8211; AMR luat\u0103 la data de 26.09.2020 ora 11.00 Adunarea General\u0103 Extraordinar\u0103 a membrilor Asocia\u021biei Macedonenilor din Rom\u00e2nia &#8211; AMR \u021binut\u0103 pe terasa Pensiunii \u201dLa Izvoare\u201d situat\u0103 pe drumul european E79 Craiova \u2013 Filia\u0219i, km 14, jude\u021bul Dolj, cod po\u0219tal 207011. Prezenta Adunare General\u0103 Extraordinar\u0103 a fost convocat\u0103 legal, [&hellip;]<\/p>\n","protected":false},"author":1,"featured_media":63,"comment_status":"open","ping_status":"open","sticky":false,"template":"","format":"standard","meta":{"_et_pb_use_builder":"off","_et_pb_old_content":"","_et_gb_content_width":"","footnotes":""},"categories":[45],"tags":[63],"class_list":["post-2505","post","type-post","status-publish","format-standard","has-post-thumbnail","hentry","category-anunturi","tag-hotararea-adunarii-generale-extraordinare"],"_links":{"self":[{"href":"https:\/\/asociatia-macedonenilor.ro\/index.php\/wp-json\/wp\/v2\/posts\/2505","targetHints":{"allow":["GET"]}}],"collection":[{"href":"https:\/\/asociatia-macedonenilor.ro\/index.php\/wp-json\/wp\/v2\/posts"}],"about":[{"href":"https:\/\/asociatia-macedonenilor.ro\/index.php\/wp-json\/wp\/v2\/types\/post"}],"author":[{"embeddable":true,"href":"https:\/\/asociatia-macedonenilor.ro\/index.php\/wp-json\/wp\/v2\/users\/1"}],"replies":[{"embeddable":true,"href":"https:\/\/asociatia-macedonenilor.ro\/index.php\/wp-json\/wp\/v2\/comments?post=2505"}],"version-history":[{"count":1,"href":"https:\/\/asociatia-macedonenilor.ro\/index.php\/wp-json\/wp\/v2\/posts\/2505\/revisions"}],"predecessor-version":[{"id":2506,"href":"https:\/\/asociatia-macedonenilor.ro\/index.php\/wp-json\/wp\/v2\/posts\/2505\/revisions\/2506"}],"wp:featuredmedia":[{"embeddable":true,"href":"https:\/\/asociatia-macedonenilor.ro\/index.php\/wp-json\/wp\/v2\/media\/63"}],"wp:attachment":[{"href":"https:\/\/asociatia-macedonenilor.ro\/index.php\/wp-json\/wp\/v2\/media?parent=2505"}],"wp:term":[{"taxonomy":"category","embeddable":true,"href":"https:\/\/asociatia-macedonenilor.ro\/index.php\/wp-json\/wp\/v2\/categories?post=2505"},{"taxonomy":"post_tag","embeddable":true,"href":"https:\/\/asociatia-macedonenilor.ro\/index.php\/wp-json\/wp\/v2\/tags?post=2505"}],"curies":[{"name":"wp","href":"https:\/\/api.w.org\/{rel}","templated":true}]}}