{"id":2392,"date":"2020-09-08T07:07:24","date_gmt":"2020-09-08T07:07:24","guid":{"rendered":"http:\/\/asociatia-macedonenilor.ro\/?p=2392"},"modified":"2020-09-26T09:54:47","modified_gmt":"2020-09-26T09:54:47","slug":"8-septembrie-este-macedonia","status":"publish","type":"post","link":"https:\/\/asociatia-macedonenilor.ro\/index.php\/2020\/09\/08\/8-septembrie-este-macedonia\/","title":{"rendered":"8 septembrie este Macedonia"},"content":{"rendered":"\n<p><strong>O zi de o \u00eensemn\u0103tate aparte, zi de mare s\u0103rb\u0103toare pentru macedoneni. Ast\u0103zi, 8 septembrie, de Na\u0219terea Maicii Domnului sau Sf\u00e2nta Maria Mic\u0103, se \u00eemplinesc 29 de ani de c\u00e2nd Republica Macedonia de Nord a devenit un stat suveran. S\u0103rb\u0103torim ast\u0103zi, Ziua Na\u021bional\u0103 a Republicii Macedonia.<\/strong><\/p>\n\n\n\n<figure class=\"wp-block-gallery columns-3 is-cropped wp-block-gallery-1 is-layout-flex wp-block-gallery-is-layout-flex\"><ul class=\"blocks-gallery-grid\"><li class=\"blocks-gallery-item\"><figure><img loading=\"lazy\" decoding=\"async\" width=\"1024\" height=\"682\" src=\"https:\/\/asociatia-macedonenilor.ro\/wp-content\/uploads\/2020\/09\/WhatsApp-Image-2020-09-07-at-21.42.38-1024x682.jpeg\" alt=\"\" data-id=\"2414\" data-full-url=\"https:\/\/asociatia-macedonenilor.ro\/wp-content\/uploads\/2020\/09\/WhatsApp-Image-2020-09-07-at-21.42.38.jpeg\" data-link=\"https:\/\/asociatia-macedonenilor.ro\/?attachment_id=2414\" class=\"wp-image-2414\" srcset=\"https:\/\/asociatia-macedonenilor.ro\/wp-content\/uploads\/2020\/09\/WhatsApp-Image-2020-09-07-at-21.42.38-980x653.jpeg 980w, https:\/\/asociatia-macedonenilor.ro\/wp-content\/uploads\/2020\/09\/WhatsApp-Image-2020-09-07-at-21.42.38-480x320.jpeg 480w\" sizes=\"(min-width: 0px) and (max-width: 480px) 480px, (min-width: 481px) and (max-width: 980px) 980px, (min-width: 981px) 1024px, 100vw\" \/><\/figure><\/li><li class=\"blocks-gallery-item\"><figure><img loading=\"lazy\" decoding=\"async\" width=\"1024\" height=\"682\" src=\"https:\/\/asociatia-macedonenilor.ro\/wp-content\/uploads\/2020\/09\/WhatsApp-Image-2020-09-07-at-21.42.37-1024x682.jpeg\" alt=\"\" data-id=\"2415\" data-full-url=\"https:\/\/asociatia-macedonenilor.ro\/wp-content\/uploads\/2020\/09\/WhatsApp-Image-2020-09-07-at-21.42.37.jpeg\" data-link=\"https:\/\/asociatia-macedonenilor.ro\/?attachment_id=2415\" class=\"wp-image-2415\" srcset=\"https:\/\/asociatia-macedonenilor.ro\/wp-content\/uploads\/2020\/09\/WhatsApp-Image-2020-09-07-at-21.42.37-980x653.jpeg 980w, https:\/\/asociatia-macedonenilor.ro\/wp-content\/uploads\/2020\/09\/WhatsApp-Image-2020-09-07-at-21.42.37-480x320.jpeg 480w\" sizes=\"(min-width: 0px) and (max-width: 480px) 480px, (min-width: 481px) and (max-width: 980px) 980px, (min-width: 981px) 1024px, 100vw\" \/><\/figure><\/li><li class=\"blocks-gallery-item\"><figure><img loading=\"lazy\" decoding=\"async\" width=\"1024\" height=\"682\" src=\"https:\/\/asociatia-macedonenilor.ro\/wp-content\/uploads\/2020\/09\/WhatsApp-Image-2020-09-07-at-21.42.36-1-1024x682.jpeg\" alt=\"\" data-id=\"2416\" data-full-url=\"https:\/\/asociatia-macedonenilor.ro\/wp-content\/uploads\/2020\/09\/WhatsApp-Image-2020-09-07-at-21.42.36-1.jpeg\" data-link=\"https:\/\/asociatia-macedonenilor.ro\/?attachment_id=2416\" class=\"wp-image-2416\" srcset=\"https:\/\/asociatia-macedonenilor.ro\/wp-content\/uploads\/2020\/09\/WhatsApp-Image-2020-09-07-at-21.42.36-1-980x653.jpeg 980w, https:\/\/asociatia-macedonenilor.ro\/wp-content\/uploads\/2020\/09\/WhatsApp-Image-2020-09-07-at-21.42.36-1-480x320.jpeg 480w\" sizes=\"(min-width: 0px) and (max-width: 480px) 480px, (min-width: 481px) and (max-width: 980px) 980px, (min-width: 981px) 1024px, 100vw\" \/><\/figure><\/li><li class=\"blocks-gallery-item\"><figure><img loading=\"lazy\" decoding=\"async\" width=\"1024\" height=\"682\" src=\"https:\/\/asociatia-macedonenilor.ro\/wp-content\/uploads\/2020\/09\/WhatsApp-Image-2020-09-07-at-21.42.36-1024x682.jpeg\" alt=\"\" data-id=\"2417\" data-full-url=\"https:\/\/asociatia-macedonenilor.ro\/wp-content\/uploads\/2020\/09\/WhatsApp-Image-2020-09-07-at-21.42.36.jpeg\" data-link=\"https:\/\/asociatia-macedonenilor.ro\/?attachment_id=2417\" class=\"wp-image-2417\" srcset=\"https:\/\/asociatia-macedonenilor.ro\/wp-content\/uploads\/2020\/09\/WhatsApp-Image-2020-09-07-at-21.42.36-980x653.jpeg 980w, https:\/\/asociatia-macedonenilor.ro\/wp-content\/uploads\/2020\/09\/WhatsApp-Image-2020-09-07-at-21.42.36-480x320.jpeg 480w\" sizes=\"(min-width: 0px) and (max-width: 480px) 480px, (min-width: 481px) and (max-width: 980px) 980px, (min-width: 981px) 1024px, 100vw\" \/><\/figure><\/li><li class=\"blocks-gallery-item\"><figure><img loading=\"lazy\" decoding=\"async\" width=\"1024\" height=\"682\" src=\"https:\/\/asociatia-macedonenilor.ro\/wp-content\/uploads\/2020\/09\/WhatsApp-Image-2020-09-07-at-21.42.35-1-1024x682.jpeg\" alt=\"\" data-id=\"2418\" data-full-url=\"https:\/\/asociatia-macedonenilor.ro\/wp-content\/uploads\/2020\/09\/WhatsApp-Image-2020-09-07-at-21.42.35-1.jpeg\" data-link=\"https:\/\/asociatia-macedonenilor.ro\/?attachment_id=2418\" class=\"wp-image-2418\" srcset=\"https:\/\/asociatia-macedonenilor.ro\/wp-content\/uploads\/2020\/09\/WhatsApp-Image-2020-09-07-at-21.42.35-1-980x653.jpeg 980w, https:\/\/asociatia-macedonenilor.ro\/wp-content\/uploads\/2020\/09\/WhatsApp-Image-2020-09-07-at-21.42.35-1-480x320.jpeg 480w\" sizes=\"(min-width: 0px) and (max-width: 480px) 480px, (min-width: 481px) and (max-width: 980px) 980px, (min-width: 981px) 1024px, 100vw\" \/><\/figure><\/li><li class=\"blocks-gallery-item\"><figure><img loading=\"lazy\" decoding=\"async\" width=\"1024\" height=\"682\" src=\"https:\/\/asociatia-macedonenilor.ro\/wp-content\/uploads\/2020\/09\/WhatsApp-Image-2020-09-07-at-21.42.35-1024x682.jpeg\" alt=\"\" data-id=\"2419\" data-full-url=\"https:\/\/asociatia-macedonenilor.ro\/wp-content\/uploads\/2020\/09\/WhatsApp-Image-2020-09-07-at-21.42.35.jpeg\" data-link=\"https:\/\/asociatia-macedonenilor.ro\/?attachment_id=2419\" class=\"wp-image-2419\" srcset=\"https:\/\/asociatia-macedonenilor.ro\/wp-content\/uploads\/2020\/09\/WhatsApp-Image-2020-09-07-at-21.42.35-980x653.jpeg 980w, https:\/\/asociatia-macedonenilor.ro\/wp-content\/uploads\/2020\/09\/WhatsApp-Image-2020-09-07-at-21.42.35-480x320.jpeg 480w\" sizes=\"(min-width: 0px) and (max-width: 480px) 480px, (min-width: 481px) and (max-width: 980px) 980px, (min-width: 981px) 1024px, 100vw\" \/><\/figure><\/li><li class=\"blocks-gallery-item\"><figure><img loading=\"lazy\" decoding=\"async\" width=\"1024\" height=\"682\" src=\"https:\/\/asociatia-macedonenilor.ro\/wp-content\/uploads\/2020\/09\/WhatsApp-Image-2020-09-07-at-21.42.34-1024x682.jpeg\" alt=\"\" data-id=\"2420\" data-full-url=\"https:\/\/asociatia-macedonenilor.ro\/wp-content\/uploads\/2020\/09\/WhatsApp-Image-2020-09-07-at-21.42.34.jpeg\" data-link=\"https:\/\/asociatia-macedonenilor.ro\/?attachment_id=2420\" class=\"wp-image-2420\" srcset=\"https:\/\/asociatia-macedonenilor.ro\/wp-content\/uploads\/2020\/09\/WhatsApp-Image-2020-09-07-at-21.42.34-980x653.jpeg 980w, https:\/\/asociatia-macedonenilor.ro\/wp-content\/uploads\/2020\/09\/WhatsApp-Image-2020-09-07-at-21.42.34-480x320.jpeg 480w\" sizes=\"(min-width: 0px) and (max-width: 480px) 480px, (min-width: 481px) and (max-width: 980px) 980px, (min-width: 981px) 1024px, 100vw\" \/><\/figure><\/li><li class=\"blocks-gallery-item\"><figure><img loading=\"lazy\" decoding=\"async\" width=\"1024\" height=\"682\" src=\"https:\/\/asociatia-macedonenilor.ro\/wp-content\/uploads\/2020\/09\/WhatsApp-Image-2020-09-07-at-21.42.32-1-1024x682.jpeg\" alt=\"\" data-id=\"2421\" data-full-url=\"https:\/\/asociatia-macedonenilor.ro\/wp-content\/uploads\/2020\/09\/WhatsApp-Image-2020-09-07-at-21.42.32-1.jpeg\" data-link=\"https:\/\/asociatia-macedonenilor.ro\/?attachment_id=2421\" class=\"wp-image-2421\" srcset=\"https:\/\/asociatia-macedonenilor.ro\/wp-content\/uploads\/2020\/09\/WhatsApp-Image-2020-09-07-at-21.42.32-1-980x653.jpeg 980w, https:\/\/asociatia-macedonenilor.ro\/wp-content\/uploads\/2020\/09\/WhatsApp-Image-2020-09-07-at-21.42.32-1-480x320.jpeg 480w\" sizes=\"(min-width: 0px) and (max-width: 480px) 480px, (min-width: 481px) and (max-width: 980px) 980px, (min-width: 981px) 1024px, 100vw\" \/><\/figure><\/li><li class=\"blocks-gallery-item\"><figure><img loading=\"lazy\" decoding=\"async\" width=\"1024\" height=\"682\" src=\"https:\/\/asociatia-macedonenilor.ro\/wp-content\/uploads\/2020\/09\/WhatsApp-Image-2020-09-07-at-21.42.31-1024x682.jpeg\" alt=\"\" data-id=\"2422\" data-full-url=\"https:\/\/asociatia-macedonenilor.ro\/wp-content\/uploads\/2020\/09\/WhatsApp-Image-2020-09-07-at-21.42.31.jpeg\" data-link=\"https:\/\/asociatia-macedonenilor.ro\/?attachment_id=2422\" class=\"wp-image-2422\" srcset=\"https:\/\/asociatia-macedonenilor.ro\/wp-content\/uploads\/2020\/09\/WhatsApp-Image-2020-09-07-at-21.42.31-980x653.jpeg 980w, https:\/\/asociatia-macedonenilor.ro\/wp-content\/uploads\/2020\/09\/WhatsApp-Image-2020-09-07-at-21.42.31-480x320.jpeg 480w\" sizes=\"(min-width: 0px) and (max-width: 480px) 480px, (min-width: 481px) and (max-width: 980px) 980px, (min-width: 981px) 1024px, 100vw\" \/><\/figure><\/li><\/ul><\/figure>\n\n\n\n<p>Dragi macedoneni, voi cei care tr\u0103i\u021bi ast\u0103zi pe teritoriul Rom\u00e2niei, nu trebuie s\u0103 uita\u021bi c\u0103, 8 septembrie este ziua istoric\u0103, ziua \u00een care dorin\u021ba poporului macedonean de a crea un stat independent, a\u0219teptat\u0103 de to\u021bi cei care simt \u0219i iubesc acest t\u0103r\u00e2m de vis, Macedonia, a devenit realitate.<\/p>\n\n\n\n<figure class=\"wp-block-image size-large\"><img loading=\"lazy\" decoding=\"async\" width=\"1024\" height=\"682\" src=\"https:\/\/asociatia-macedonenilor.ro\/wp-content\/uploads\/2020\/09\/WhatsApp-Image-2020-09-07-at-21.43.03-1024x682.jpeg\" alt=\"\" class=\"wp-image-2394\" srcset=\"https:\/\/asociatia-macedonenilor.ro\/wp-content\/uploads\/2020\/09\/WhatsApp-Image-2020-09-07-at-21.43.03-980x653.jpeg 980w, https:\/\/asociatia-macedonenilor.ro\/wp-content\/uploads\/2020\/09\/WhatsApp-Image-2020-09-07-at-21.43.03-480x320.jpeg 480w\" sizes=\"(min-width: 0px) and (max-width: 480px) 480px, (min-width: 481px) and (max-width: 980px) 980px, (min-width: 981px) 1024px, 100vw\" \/><\/figure>\n\n\n\n<p><\/p>\n\n\n\n<p>Prin Asocia\u021bia Macedonenilor din Rom\u00e2nia (A.M.R.) ap\u0103r\u0103m drepturile membrilor minorit\u0103\u021bii macedonene din Rom\u00e2nia, aprofund\u0103m cunoa\u0219terea culturii, limbii, istoriei, tradi\u021biilor \u0219i obiceiurilor macedonenilor; \u00eent\u0103rim raporturile de colaborare rom\u00e2no-macedonene.<\/p>\n\n\n\n<figure class=\"wp-block-gallery columns-3 is-cropped wp-block-gallery-2 is-layout-flex wp-block-gallery-is-layout-flex\"><ul class=\"blocks-gallery-grid\"><li class=\"blocks-gallery-item\"><figure><img loading=\"lazy\" decoding=\"async\" width=\"1024\" height=\"682\" src=\"https:\/\/asociatia-macedonenilor.ro\/wp-content\/uploads\/2020\/09\/WhatsApp-Image-2020-09-07-at-21.43.04-1024x682.jpeg\" alt=\"\" data-id=\"2395\" data-full-url=\"https:\/\/asociatia-macedonenilor.ro\/wp-content\/uploads\/2020\/09\/WhatsApp-Image-2020-09-07-at-21.43.04.jpeg\" data-link=\"https:\/\/asociatia-macedonenilor.ro\/?attachment_id=2395\" class=\"wp-image-2395\" srcset=\"https:\/\/asociatia-macedonenilor.ro\/wp-content\/uploads\/2020\/09\/WhatsApp-Image-2020-09-07-at-21.43.04-980x653.jpeg 980w, https:\/\/asociatia-macedonenilor.ro\/wp-content\/uploads\/2020\/09\/WhatsApp-Image-2020-09-07-at-21.43.04-480x320.jpeg 480w\" sizes=\"(min-width: 0px) and (max-width: 480px) 480px, (min-width: 481px) and (max-width: 980px) 980px, (min-width: 981px) 1024px, 100vw\" \/><\/figure><\/li><li class=\"blocks-gallery-item\"><figure><img loading=\"lazy\" decoding=\"async\" width=\"1024\" height=\"682\" src=\"https:\/\/asociatia-macedonenilor.ro\/wp-content\/uploads\/2020\/09\/WhatsApp-Image-2020-09-07-at-21.43.03-1-1024x682.jpeg\" alt=\"\" data-id=\"2396\" data-full-url=\"https:\/\/asociatia-macedonenilor.ro\/wp-content\/uploads\/2020\/09\/WhatsApp-Image-2020-09-07-at-21.43.03-1.jpeg\" data-link=\"https:\/\/asociatia-macedonenilor.ro\/?attachment_id=2396\" class=\"wp-image-2396\" srcset=\"https:\/\/asociatia-macedonenilor.ro\/wp-content\/uploads\/2020\/09\/WhatsApp-Image-2020-09-07-at-21.43.03-1-980x653.jpeg 980w, https:\/\/asociatia-macedonenilor.ro\/wp-content\/uploads\/2020\/09\/WhatsApp-Image-2020-09-07-at-21.43.03-1-480x320.jpeg 480w\" sizes=\"(min-width: 0px) and (max-width: 480px) 480px, (min-width: 481px) and (max-width: 980px) 980px, (min-width: 981px) 1024px, 100vw\" \/><\/figure><\/li><li class=\"blocks-gallery-item\"><figure><img loading=\"lazy\" decoding=\"async\" width=\"1024\" height=\"682\" src=\"https:\/\/asociatia-macedonenilor.ro\/wp-content\/uploads\/2020\/09\/WhatsApp-Image-2020-09-07-at-21.43.02-1024x682.jpeg\" alt=\"\" data-id=\"2397\" data-full-url=\"https:\/\/asociatia-macedonenilor.ro\/wp-content\/uploads\/2020\/09\/WhatsApp-Image-2020-09-07-at-21.43.02.jpeg\" data-link=\"https:\/\/asociatia-macedonenilor.ro\/?attachment_id=2397\" class=\"wp-image-2397\" srcset=\"https:\/\/asociatia-macedonenilor.ro\/wp-content\/uploads\/2020\/09\/WhatsApp-Image-2020-09-07-at-21.43.02-980x653.jpeg 980w, https:\/\/asociatia-macedonenilor.ro\/wp-content\/uploads\/2020\/09\/WhatsApp-Image-2020-09-07-at-21.43.02-480x320.jpeg 480w\" sizes=\"(min-width: 0px) and (max-width: 480px) 480px, (min-width: 481px) and (max-width: 980px) 980px, (min-width: 981px) 1024px, 100vw\" \/><\/figure><\/li><li class=\"blocks-gallery-item\"><figure><img loading=\"lazy\" decoding=\"async\" width=\"1024\" height=\"682\" src=\"https:\/\/asociatia-macedonenilor.ro\/wp-content\/uploads\/2020\/09\/WhatsApp-Image-2020-09-07-at-21.43.01-1024x682.jpeg\" alt=\"\" data-id=\"2398\" data-full-url=\"https:\/\/asociatia-macedonenilor.ro\/wp-content\/uploads\/2020\/09\/WhatsApp-Image-2020-09-07-at-21.43.01.jpeg\" data-link=\"https:\/\/asociatia-macedonenilor.ro\/?attachment_id=2398\" class=\"wp-image-2398\" srcset=\"https:\/\/asociatia-macedonenilor.ro\/wp-content\/uploads\/2020\/09\/WhatsApp-Image-2020-09-07-at-21.43.01-980x653.jpeg 980w, https:\/\/asociatia-macedonenilor.ro\/wp-content\/uploads\/2020\/09\/WhatsApp-Image-2020-09-07-at-21.43.01-480x320.jpeg 480w\" sizes=\"(min-width: 0px) and (max-width: 480px) 480px, (min-width: 481px) and (max-width: 980px) 980px, (min-width: 981px) 1024px, 100vw\" \/><\/figure><\/li><li class=\"blocks-gallery-item\"><figure><img loading=\"lazy\" decoding=\"async\" width=\"1024\" height=\"682\" src=\"https:\/\/asociatia-macedonenilor.ro\/wp-content\/uploads\/2020\/09\/WhatsApp-Image-2020-09-07-at-21.42.58-1-1024x682.jpeg\" alt=\"\" data-id=\"2399\" data-full-url=\"https:\/\/asociatia-macedonenilor.ro\/wp-content\/uploads\/2020\/09\/WhatsApp-Image-2020-09-07-at-21.42.58-1.jpeg\" data-link=\"https:\/\/asociatia-macedonenilor.ro\/?attachment_id=2399\" class=\"wp-image-2399\" srcset=\"https:\/\/asociatia-macedonenilor.ro\/wp-content\/uploads\/2020\/09\/WhatsApp-Image-2020-09-07-at-21.42.58-1-980x653.jpeg 980w, https:\/\/asociatia-macedonenilor.ro\/wp-content\/uploads\/2020\/09\/WhatsApp-Image-2020-09-07-at-21.42.58-1-480x320.jpeg 480w\" sizes=\"(min-width: 0px) and (max-width: 480px) 480px, (min-width: 481px) and (max-width: 980px) 980px, (min-width: 981px) 1024px, 100vw\" \/><\/figure><\/li><li class=\"blocks-gallery-item\"><figure><img loading=\"lazy\" decoding=\"async\" width=\"1024\" height=\"682\" src=\"https:\/\/asociatia-macedonenilor.ro\/wp-content\/uploads\/2020\/09\/WhatsApp-Image-2020-09-07-at-21.42.58-1024x682.jpeg\" alt=\"\" data-id=\"2400\" data-full-url=\"https:\/\/asociatia-macedonenilor.ro\/wp-content\/uploads\/2020\/09\/WhatsApp-Image-2020-09-07-at-21.42.58.jpeg\" data-link=\"https:\/\/asociatia-macedonenilor.ro\/?attachment_id=2400\" class=\"wp-image-2400\" srcset=\"https:\/\/asociatia-macedonenilor.ro\/wp-content\/uploads\/2020\/09\/WhatsApp-Image-2020-09-07-at-21.42.58-980x653.jpeg 980w, https:\/\/asociatia-macedonenilor.ro\/wp-content\/uploads\/2020\/09\/WhatsApp-Image-2020-09-07-at-21.42.58-480x320.jpeg 480w\" sizes=\"(min-width: 0px) and (max-width: 480px) 480px, (min-width: 481px) and (max-width: 980px) 980px, (min-width: 981px) 1024px, 100vw\" \/><\/figure><\/li><li class=\"blocks-gallery-item\"><figure><img loading=\"lazy\" decoding=\"async\" width=\"1024\" height=\"682\" src=\"https:\/\/asociatia-macedonenilor.ro\/wp-content\/uploads\/2020\/09\/WhatsApp-Image-2020-09-07-at-21.42.57-1024x682.jpeg\" alt=\"\" data-id=\"2401\" data-full-url=\"https:\/\/asociatia-macedonenilor.ro\/wp-content\/uploads\/2020\/09\/WhatsApp-Image-2020-09-07-at-21.42.57.jpeg\" data-link=\"https:\/\/asociatia-macedonenilor.ro\/?attachment_id=2401\" class=\"wp-image-2401\" srcset=\"https:\/\/asociatia-macedonenilor.ro\/wp-content\/uploads\/2020\/09\/WhatsApp-Image-2020-09-07-at-21.42.57-980x653.jpeg 980w, https:\/\/asociatia-macedonenilor.ro\/wp-content\/uploads\/2020\/09\/WhatsApp-Image-2020-09-07-at-21.42.57-480x320.jpeg 480w\" sizes=\"(min-width: 0px) and (max-width: 480px) 480px, (min-width: 481px) and (max-width: 980px) 980px, (min-width: 981px) 1024px, 100vw\" \/><\/figure><\/li><li class=\"blocks-gallery-item\"><figure><img loading=\"lazy\" decoding=\"async\" width=\"1024\" height=\"682\" src=\"https:\/\/asociatia-macedonenilor.ro\/wp-content\/uploads\/2020\/09\/WhatsApp-Image-2020-09-07-at-21.42.56-1024x682.jpeg\" alt=\"\" data-id=\"2402\" data-full-url=\"https:\/\/asociatia-macedonenilor.ro\/wp-content\/uploads\/2020\/09\/WhatsApp-Image-2020-09-07-at-21.42.56.jpeg\" data-link=\"https:\/\/asociatia-macedonenilor.ro\/?attachment_id=2402\" class=\"wp-image-2402\" srcset=\"https:\/\/asociatia-macedonenilor.ro\/wp-content\/uploads\/2020\/09\/WhatsApp-Image-2020-09-07-at-21.42.56-980x653.jpeg 980w, https:\/\/asociatia-macedonenilor.ro\/wp-content\/uploads\/2020\/09\/WhatsApp-Image-2020-09-07-at-21.42.56-480x320.jpeg 480w\" sizes=\"(min-width: 0px) and (max-width: 480px) 480px, (min-width: 481px) and (max-width: 980px) 980px, (min-width: 981px) 1024px, 100vw\" \/><\/figure><\/li><\/ul><\/figure>\n\n\n\n<p><br>\u00centre Rom\u00e2nia \u0219i Macedonia s-au creat rela\u021bii str\u00e2nse de colaborare, de sus\u021binere, iar eforturile depuse de pre\u0219edin\u021bia rom\u00e2n\u0103 a Consiliului U.E. au permis atingerea consensului \u00een jurul unei pozi\u021bii comune la nivelul Consiliului UE, \u00een lumina recomand\u0103rilor Comisiei Europene privind deschiderea negocierilor de aderare cu Republica Macedonia de Nord. Prin perseveren\u021b\u0103, voin\u021b\u0103 politic\u0103, Macedonia a f\u0103cut pa\u0219i importan\u021bi \u00een parcursul s\u0103u european \u0219i euro-atlantic.<\/p>\n\n\n\n<figure class=\"wp-block-gallery columns-3 is-cropped wp-block-gallery-3 is-layout-flex wp-block-gallery-is-layout-flex\"><ul class=\"blocks-gallery-grid\"><li class=\"blocks-gallery-item\"><figure><img loading=\"lazy\" decoding=\"async\" width=\"1024\" height=\"682\" src=\"https:\/\/asociatia-macedonenilor.ro\/wp-content\/uploads\/2020\/09\/WhatsApp-Image-2020-09-07-at-21.42.54-1-1024x682.jpeg\" alt=\"\" data-id=\"2405\" data-full-url=\"https:\/\/asociatia-macedonenilor.ro\/wp-content\/uploads\/2020\/09\/WhatsApp-Image-2020-09-07-at-21.42.54-1.jpeg\" data-link=\"https:\/\/asociatia-macedonenilor.ro\/?attachment_id=2405\" class=\"wp-image-2405\" srcset=\"https:\/\/asociatia-macedonenilor.ro\/wp-content\/uploads\/2020\/09\/WhatsApp-Image-2020-09-07-at-21.42.54-1-980x653.jpeg 980w, https:\/\/asociatia-macedonenilor.ro\/wp-content\/uploads\/2020\/09\/WhatsApp-Image-2020-09-07-at-21.42.54-1-480x320.jpeg 480w\" sizes=\"(min-width: 0px) and (max-width: 480px) 480px, (min-width: 481px) and (max-width: 980px) 980px, (min-width: 981px) 1024px, 100vw\" \/><\/figure><\/li><li class=\"blocks-gallery-item\"><figure><img loading=\"lazy\" decoding=\"async\" width=\"1024\" height=\"682\" src=\"https:\/\/asociatia-macedonenilor.ro\/wp-content\/uploads\/2020\/09\/WhatsApp-Image-2020-09-07-at-21.42.54-1024x682.jpeg\" alt=\"\" data-id=\"2406\" data-full-url=\"https:\/\/asociatia-macedonenilor.ro\/wp-content\/uploads\/2020\/09\/WhatsApp-Image-2020-09-07-at-21.42.54.jpeg\" data-link=\"https:\/\/asociatia-macedonenilor.ro\/?attachment_id=2406\" class=\"wp-image-2406\" srcset=\"https:\/\/asociatia-macedonenilor.ro\/wp-content\/uploads\/2020\/09\/WhatsApp-Image-2020-09-07-at-21.42.54-980x653.jpeg 980w, https:\/\/asociatia-macedonenilor.ro\/wp-content\/uploads\/2020\/09\/WhatsApp-Image-2020-09-07-at-21.42.54-480x320.jpeg 480w\" sizes=\"(min-width: 0px) and (max-width: 480px) 480px, (min-width: 481px) and (max-width: 980px) 980px, (min-width: 981px) 1024px, 100vw\" \/><\/figure><\/li><li class=\"blocks-gallery-item\"><figure><img loading=\"lazy\" decoding=\"async\" width=\"1024\" height=\"682\" src=\"https:\/\/asociatia-macedonenilor.ro\/wp-content\/uploads\/2020\/09\/WhatsApp-Image-2020-09-07-at-21.42.41-1-1024x682.jpeg\" alt=\"\" data-id=\"2407\" data-full-url=\"https:\/\/asociatia-macedonenilor.ro\/wp-content\/uploads\/2020\/09\/WhatsApp-Image-2020-09-07-at-21.42.41-1.jpeg\" data-link=\"https:\/\/asociatia-macedonenilor.ro\/?attachment_id=2407\" class=\"wp-image-2407\" srcset=\"https:\/\/asociatia-macedonenilor.ro\/wp-content\/uploads\/2020\/09\/WhatsApp-Image-2020-09-07-at-21.42.41-1-980x653.jpeg 980w, https:\/\/asociatia-macedonenilor.ro\/wp-content\/uploads\/2020\/09\/WhatsApp-Image-2020-09-07-at-21.42.41-1-480x320.jpeg 480w\" sizes=\"(min-width: 0px) and (max-width: 480px) 480px, (min-width: 481px) and (max-width: 980px) 980px, (min-width: 981px) 1024px, 100vw\" \/><\/figure><\/li><li class=\"blocks-gallery-item\"><figure><img loading=\"lazy\" decoding=\"async\" width=\"1024\" height=\"682\" src=\"https:\/\/asociatia-macedonenilor.ro\/wp-content\/uploads\/2020\/09\/WhatsApp-Image-2020-09-07-at-21.42.41-1024x682.jpeg\" alt=\"\" data-id=\"2408\" data-full-url=\"https:\/\/asociatia-macedonenilor.ro\/wp-content\/uploads\/2020\/09\/WhatsApp-Image-2020-09-07-at-21.42.41.jpeg\" data-link=\"https:\/\/asociatia-macedonenilor.ro\/?attachment_id=2408\" class=\"wp-image-2408\" srcset=\"https:\/\/asociatia-macedonenilor.ro\/wp-content\/uploads\/2020\/09\/WhatsApp-Image-2020-09-07-at-21.42.41-980x653.jpeg 980w, https:\/\/asociatia-macedonenilor.ro\/wp-content\/uploads\/2020\/09\/WhatsApp-Image-2020-09-07-at-21.42.41-480x320.jpeg 480w\" sizes=\"(min-width: 0px) and (max-width: 480px) 480px, (min-width: 481px) and (max-width: 980px) 980px, (min-width: 981px) 1024px, 100vw\" \/><\/figure><\/li><li class=\"blocks-gallery-item\"><figure><img loading=\"lazy\" decoding=\"async\" width=\"1024\" height=\"682\" src=\"https:\/\/asociatia-macedonenilor.ro\/wp-content\/uploads\/2020\/09\/WhatsApp-Image-2020-09-07-at-21.42.40-1024x682.jpeg\" alt=\"\" data-id=\"2409\" data-full-url=\"https:\/\/asociatia-macedonenilor.ro\/wp-content\/uploads\/2020\/09\/WhatsApp-Image-2020-09-07-at-21.42.40.jpeg\" data-link=\"https:\/\/asociatia-macedonenilor.ro\/?attachment_id=2409\" class=\"wp-image-2409\" srcset=\"https:\/\/asociatia-macedonenilor.ro\/wp-content\/uploads\/2020\/09\/WhatsApp-Image-2020-09-07-at-21.42.40-980x653.jpeg 980w, https:\/\/asociatia-macedonenilor.ro\/wp-content\/uploads\/2020\/09\/WhatsApp-Image-2020-09-07-at-21.42.40-480x320.jpeg 480w\" sizes=\"(min-width: 0px) and (max-width: 480px) 480px, (min-width: 481px) and (max-width: 980px) 980px, (min-width: 981px) 1024px, 100vw\" \/><\/figure><\/li><li class=\"blocks-gallery-item\"><figure><img loading=\"lazy\" decoding=\"async\" width=\"1024\" height=\"682\" src=\"https:\/\/asociatia-macedonenilor.ro\/wp-content\/uploads\/2020\/09\/WhatsApp-Image-2020-09-07-at-21.42.39-1-1024x682.jpeg\" alt=\"\" data-id=\"2410\" data-full-url=\"https:\/\/asociatia-macedonenilor.ro\/wp-content\/uploads\/2020\/09\/WhatsApp-Image-2020-09-07-at-21.42.39-1.jpeg\" data-link=\"https:\/\/asociatia-macedonenilor.ro\/?attachment_id=2410\" class=\"wp-image-2410\" srcset=\"https:\/\/asociatia-macedonenilor.ro\/wp-content\/uploads\/2020\/09\/WhatsApp-Image-2020-09-07-at-21.42.39-1-980x653.jpeg 980w, https:\/\/asociatia-macedonenilor.ro\/wp-content\/uploads\/2020\/09\/WhatsApp-Image-2020-09-07-at-21.42.39-1-480x320.jpeg 480w\" sizes=\"(min-width: 0px) and (max-width: 480px) 480px, (min-width: 481px) and (max-width: 980px) 980px, (min-width: 981px) 1024px, 100vw\" \/><\/figure><\/li><li class=\"blocks-gallery-item\"><figure><img loading=\"lazy\" decoding=\"async\" width=\"1024\" height=\"682\" src=\"https:\/\/asociatia-macedonenilor.ro\/wp-content\/uploads\/2020\/09\/WhatsApp-Image-2020-09-07-at-21.42.39-1024x682.jpeg\" alt=\"\" data-id=\"2411\" data-full-url=\"https:\/\/asociatia-macedonenilor.ro\/wp-content\/uploads\/2020\/09\/WhatsApp-Image-2020-09-07-at-21.42.39.jpeg\" data-link=\"https:\/\/asociatia-macedonenilor.ro\/?attachment_id=2411\" class=\"wp-image-2411\" srcset=\"https:\/\/asociatia-macedonenilor.ro\/wp-content\/uploads\/2020\/09\/WhatsApp-Image-2020-09-07-at-21.42.39-980x653.jpeg 980w, https:\/\/asociatia-macedonenilor.ro\/wp-content\/uploads\/2020\/09\/WhatsApp-Image-2020-09-07-at-21.42.39-480x320.jpeg 480w\" sizes=\"(min-width: 0px) and (max-width: 480px) 480px, (min-width: 481px) and (max-width: 980px) 980px, (min-width: 981px) 1024px, 100vw\" \/><\/figure><\/li><li class=\"blocks-gallery-item\"><figure><img loading=\"lazy\" decoding=\"async\" width=\"1024\" height=\"682\" src=\"https:\/\/asociatia-macedonenilor.ro\/wp-content\/uploads\/2020\/09\/WhatsApp-Image-2020-09-07-at-21.42.38-1-1024x682.jpeg\" alt=\"\" data-id=\"2412\" data-full-url=\"https:\/\/asociatia-macedonenilor.ro\/wp-content\/uploads\/2020\/09\/WhatsApp-Image-2020-09-07-at-21.42.38-1.jpeg\" data-link=\"https:\/\/asociatia-macedonenilor.ro\/?attachment_id=2412\" class=\"wp-image-2412\" srcset=\"https:\/\/asociatia-macedonenilor.ro\/wp-content\/uploads\/2020\/09\/WhatsApp-Image-2020-09-07-at-21.42.38-1-980x653.jpeg 980w, https:\/\/asociatia-macedonenilor.ro\/wp-content\/uploads\/2020\/09\/WhatsApp-Image-2020-09-07-at-21.42.38-1-480x320.jpeg 480w\" sizes=\"(min-width: 0px) and (max-width: 480px) 480px, (min-width: 481px) and (max-width: 980px) 980px, (min-width: 981px) 1024px, 100vw\" \/><\/figure><\/li><\/ul><\/figure>\n\n\n\n<p>Cu ocazia \u201eZilei Na\u021bionale a Republicii Macedonia de Nord\u201d ce este s\u0103rb\u0103torit\u0103 ast\u0103zi, adres\u0103m cele mai c\u0103lduroase \u0219i sincere ur\u0103ri de s\u0103n\u0103tate, prosperitate tuturor cet\u0103\u021benilor macedoneni, dar \u0219i minorit\u0103\u021bii macedonene din Rom\u00e2nia. \u00cen aceste vremuri grele pe care le travers\u0103m la nivel mondial din cauza pandemiei cu Covid-19 ave\u021bi grij\u0103 de s\u0103n\u0103tatea dumneavoastr\u0103 \u0219i a celor dragi! S\u0103 ne revedem cu bine, s\u0103 continu\u0103m proiectele comune pe care le-am demarat.<\/p>\n\n\n\n<p><strong><em>La mul\u0163i ani, Macedonia!<br>La mul\u0163i ani, macedoneni!<\/em><\/strong><\/p>\n","protected":false},"excerpt":{"rendered":"<p>O zi de o \u00eensemn\u0103tate aparte, zi de mare s\u0103rb\u0103toare pentru macedoneni. Ast\u0103zi, 8 septembrie, de Na\u0219terea Maicii Domnului sau Sf\u00e2nta Maria Mic\u0103, se \u00eemplinesc 29 de ani de c\u00e2nd Republica Macedonia de Nord a devenit un stat suveran. S\u0103rb\u0103torim ast\u0103zi, Ziua Na\u021bional\u0103 a Republicii Macedonia. Dragi macedoneni, voi cei care tr\u0103i\u021bi ast\u0103zi pe teritoriul [&hellip;]<\/p>\n","protected":false},"author":1,"featured_media":2408,"comment_status":"open","ping_status":"open","sticky":false,"template":"","format":"standard","meta":{"_et_pb_use_builder":"off","_et_pb_old_content":"","_et_gb_content_width":"","footnotes":""},"categories":[1],"tags":[],"class_list":["post-2392","post","type-post","status-publish","format-standard","has-post-thumbnail","hentry","category-activitati"],"_links":{"self":[{"href":"https:\/\/asociatia-macedonenilor.ro\/index.php\/wp-json\/wp\/v2\/posts\/2392","targetHints":{"allow":["GET"]}}],"collection":[{"href":"https:\/\/asociatia-macedonenilor.ro\/index.php\/wp-json\/wp\/v2\/posts"}],"about":[{"href":"https:\/\/asociatia-macedonenilor.ro\/index.php\/wp-json\/wp\/v2\/types\/post"}],"author":[{"embeddable":true,"href":"https:\/\/asociatia-macedonenilor.ro\/index.php\/wp-json\/wp\/v2\/users\/1"}],"replies":[{"embeddable":true,"href":"https:\/\/asociatia-macedonenilor.ro\/index.php\/wp-json\/wp\/v2\/comments?post=2392"}],"version-history":[{"count":1,"href":"https:\/\/asociatia-macedonenilor.ro\/index.php\/wp-json\/wp\/v2\/posts\/2392\/revisions"}],"predecessor-version":[{"id":2424,"href":"https:\/\/asociatia-macedonenilor.ro\/index.php\/wp-json\/wp\/v2\/posts\/2392\/revisions\/2424"}],"wp:featuredmedia":[{"embeddable":true,"href":"https:\/\/asociatia-macedonenilor.ro\/index.php\/wp-json\/wp\/v2\/media\/2408"}],"wp:attachment":[{"href":"https:\/\/asociatia-macedonenilor.ro\/index.php\/wp-json\/wp\/v2\/media?parent=2392"}],"wp:term":[{"taxonomy":"category","embeddable":true,"href":"https:\/\/asociatia-macedonenilor.ro\/index.php\/wp-json\/wp\/v2\/categories?post=2392"},{"taxonomy":"post_tag","embeddable":true,"href":"https:\/\/asociatia-macedonenilor.ro\/index.php\/wp-json\/wp\/v2\/tags?post=2392"}],"curies":[{"name":"wp","href":"https:\/\/api.w.org\/{rel}","templated":true}]}}