{"id":2297,"date":"2020-07-10T11:58:55","date_gmt":"2020-07-10T11:58:55","guid":{"rendered":"http:\/\/asociatia-macedonenilor.ro\/?p=2297"},"modified":"2020-07-10T11:59:00","modified_gmt":"2020-07-10T11:59:00","slug":"festivalul-nuntii-traditionale-din-galicnik","status":"publish","type":"post","link":"https:\/\/asociatia-macedonenilor.ro\/index.php\/2020\/07\/10\/festivalul-nuntii-traditionale-din-galicnik\/","title":{"rendered":"Festivalul Nun\u021bii tradi\u021bionale din Galicnik"},"content":{"rendered":"\n<p><strong>\u00cen aceast\u0103 perioad\u0103, \u00een fiecare an, \u00een mijlocul parcului na\u021bional Mavrovo, avea loc Festivalul Nun\u021bii tradi\u021bionale din Galicnik. Din nefericire, \u00een acest an, confrunt\u00e2ndu-ne cu pandemia de Covid-19, organizatorii au decis am\u00e2narea acestui eveniment pentru ziua de 28 august. <\/strong><\/p>\n\n\n\n<figure class=\"wp-block-gallery columns-3 is-cropped wp-block-gallery-1 is-layout-flex wp-block-gallery-is-layout-flex\"><ul class=\"blocks-gallery-grid\"><li class=\"blocks-gallery-item\"><figure><img loading=\"lazy\" decoding=\"async\" width=\"1024\" height=\"685\" src=\"https:\/\/asociatia-macedonenilor.ro\/wp-content\/uploads\/2020\/07\/BOG2408-1024x685.jpg\" alt=\"\" data-id=\"2298\" data-full-url=\"https:\/\/asociatia-macedonenilor.ro\/wp-content\/uploads\/2020\/07\/BOG2408-scaled.jpg\" data-link=\"https:\/\/asociatia-macedonenilor.ro\/?attachment_id=2298\" class=\"wp-image-2298\" srcset=\"https:\/\/asociatia-macedonenilor.ro\/wp-content\/uploads\/2020\/07\/BOG2408-980x655.jpg 980w, https:\/\/asociatia-macedonenilor.ro\/wp-content\/uploads\/2020\/07\/BOG2408-480x321.jpg 480w\" sizes=\"(min-width: 0px) and (max-width: 480px) 480px, (min-width: 481px) and (max-width: 980px) 980px, (min-width: 981px) 1024px, 100vw\" \/><\/figure><\/li><li class=\"blocks-gallery-item\"><figure><img loading=\"lazy\" decoding=\"async\" width=\"1024\" height=\"683\" src=\"https:\/\/asociatia-macedonenilor.ro\/wp-content\/uploads\/2020\/07\/BOG1048-1024x683.jpg\" alt=\"\" data-id=\"2299\" data-full-url=\"https:\/\/asociatia-macedonenilor.ro\/wp-content\/uploads\/2020\/07\/BOG1048-scaled.jpg\" data-link=\"https:\/\/asociatia-macedonenilor.ro\/?attachment_id=2299\" class=\"wp-image-2299\" srcset=\"https:\/\/asociatia-macedonenilor.ro\/wp-content\/uploads\/2020\/07\/BOG1048-980x653.jpg 980w, https:\/\/asociatia-macedonenilor.ro\/wp-content\/uploads\/2020\/07\/BOG1048-480x320.jpg 480w\" sizes=\"(min-width: 0px) and (max-width: 480px) 480px, (min-width: 481px) and (max-width: 980px) 980px, (min-width: 981px) 1024px, 100vw\" \/><\/figure><\/li><li class=\"blocks-gallery-item\"><figure><img loading=\"lazy\" decoding=\"async\" width=\"1024\" height=\"685\" src=\"https:\/\/asociatia-macedonenilor.ro\/wp-content\/uploads\/2020\/07\/BOG0925-1024x685.jpg\" alt=\"\" data-id=\"2300\" data-full-url=\"https:\/\/asociatia-macedonenilor.ro\/wp-content\/uploads\/2020\/07\/BOG0925-scaled.jpg\" data-link=\"https:\/\/asociatia-macedonenilor.ro\/?attachment_id=2300\" class=\"wp-image-2300\" srcset=\"https:\/\/asociatia-macedonenilor.ro\/wp-content\/uploads\/2020\/07\/BOG0925-980x655.jpg 980w, https:\/\/asociatia-macedonenilor.ro\/wp-content\/uploads\/2020\/07\/BOG0925-480x321.jpg 480w\" sizes=\"(min-width: 0px) and (max-width: 480px) 480px, (min-width: 481px) and (max-width: 980px) 980px, (min-width: 981px) 1024px, 100vw\" \/><\/figure><\/li><li class=\"blocks-gallery-item\"><figure><img loading=\"lazy\" decoding=\"async\" width=\"1024\" height=\"683\" src=\"https:\/\/asociatia-macedonenilor.ro\/wp-content\/uploads\/2020\/07\/BOG0553-1024x683.jpg\" alt=\"\" data-id=\"2301\" data-full-url=\"https:\/\/asociatia-macedonenilor.ro\/wp-content\/uploads\/2020\/07\/BOG0553-scaled.jpg\" data-link=\"https:\/\/asociatia-macedonenilor.ro\/?attachment_id=2301\" class=\"wp-image-2301\" srcset=\"https:\/\/asociatia-macedonenilor.ro\/wp-content\/uploads\/2020\/07\/BOG0553-980x653.jpg 980w, https:\/\/asociatia-macedonenilor.ro\/wp-content\/uploads\/2020\/07\/BOG0553-480x320.jpg 480w\" sizes=\"(min-width: 0px) and (max-width: 480px) 480px, (min-width: 481px) and (max-width: 980px) 980px, (min-width: 981px) 1024px, 100vw\" \/><\/figure><\/li><li class=\"blocks-gallery-item\"><figure><img loading=\"lazy\" decoding=\"async\" width=\"1024\" height=\"683\" src=\"https:\/\/asociatia-macedonenilor.ro\/wp-content\/uploads\/2020\/07\/BOG0426-1024x683.jpg\" alt=\"\" data-id=\"2302\" data-full-url=\"https:\/\/asociatia-macedonenilor.ro\/wp-content\/uploads\/2020\/07\/BOG0426-scaled.jpg\" data-link=\"https:\/\/asociatia-macedonenilor.ro\/?attachment_id=2302\" class=\"wp-image-2302\" srcset=\"https:\/\/asociatia-macedonenilor.ro\/wp-content\/uploads\/2020\/07\/BOG0426-980x653.jpg 980w, https:\/\/asociatia-macedonenilor.ro\/wp-content\/uploads\/2020\/07\/BOG0426-480x320.jpg 480w\" sizes=\"(min-width: 0px) and (max-width: 480px) 480px, (min-width: 481px) and (max-width: 980px) 980px, (min-width: 981px) 1024px, 100vw\" \/><\/figure><\/li><li class=\"blocks-gallery-item\"><figure><img loading=\"lazy\" decoding=\"async\" width=\"1024\" height=\"683\" src=\"https:\/\/asociatia-macedonenilor.ro\/wp-content\/uploads\/2020\/07\/BOG0288-1024x683.jpg\" alt=\"\" data-id=\"2303\" data-full-url=\"https:\/\/asociatia-macedonenilor.ro\/wp-content\/uploads\/2020\/07\/BOG0288-scaled.jpg\" data-link=\"https:\/\/asociatia-macedonenilor.ro\/?attachment_id=2303\" class=\"wp-image-2303\" srcset=\"https:\/\/asociatia-macedonenilor.ro\/wp-content\/uploads\/2020\/07\/BOG0288-980x653.jpg 980w, https:\/\/asociatia-macedonenilor.ro\/wp-content\/uploads\/2020\/07\/BOG0288-480x320.jpg 480w\" sizes=\"(min-width: 0px) and (max-width: 480px) 480px, (min-width: 481px) and (max-width: 980px) 980px, (min-width: 981px) 1024px, 100vw\" \/><\/figure><\/li><\/ul><\/figure>\n\n\n\n<p>De aproape cinci decenii, acest obicei de nunt\u0103 este motivul unuia dintre cele mai frumoase \u0219i importante evenimente culturale ale Europei \u2013 Nunta Tradi\u021bional\u0103 din Galicnik. <\/p>\n\n\n\n<p>Ne dorim ca acest ritual de nunt\u0103, Festivalul Nun\u021bii Tradi\u021bionale din Galicnik, s\u0103 fie introdus \u00een patrimoniul imaterial UNESCO. <\/p>\n\n\n\n<figure class=\"wp-block-image size-large\"><img loading=\"lazy\" decoding=\"async\" width=\"1024\" height=\"683\" src=\"https:\/\/asociatia-macedonenilor.ro\/wp-content\/uploads\/2020\/07\/BOG3576-1-1024x683.jpg\" alt=\"\" class=\"wp-image-2305\" srcset=\"https:\/\/asociatia-macedonenilor.ro\/wp-content\/uploads\/2020\/07\/BOG3576-1-980x653.jpg 980w, https:\/\/asociatia-macedonenilor.ro\/wp-content\/uploads\/2020\/07\/BOG3576-1-480x320.jpg 480w\" sizes=\"(min-width: 0px) and (max-width: 480px) 480px, (min-width: 481px) and (max-width: 980px) 980px, (min-width: 981px) 1024px, 100vw\" \/><\/figure>\n\n\n\n<p>Este impresionant s\u0103 vezi cum un sat p\u0103r\u0103sit prinde via\u021b\u0103, cum oamenii se \u00eentorc \u00een locurile natale \u0219i \u00eembrac\u0103 costume tradi\u021bionale de o frumuse\u021be aparte \u0219i se bucur\u0103 \u00eempreun\u0103 al\u0103turi de un cuplu de tineri care alege s\u0103-\u0219i uneasc\u0103 destinele dup\u0103 tradi\u021bii \u0219i ritualuri str\u0103vechi.<\/p>\n","protected":false},"excerpt":{"rendered":"<p>\u00cen aceast\u0103 perioad\u0103, \u00een fiecare an, \u00een mijlocul parcului na\u021bional Mavrovo, avea loc Festivalul Nun\u021bii tradi\u021bionale din Galicnik. Din nefericire, \u00een acest an, confrunt\u00e2ndu-ne cu pandemia de Covid-19, organizatorii au decis am\u00e2narea acestui eveniment pentru ziua de 28 august. De aproape cinci decenii, acest obicei de nunt\u0103 este motivul unuia dintre cele mai frumoase \u0219i [&hellip;]<\/p>\n","protected":false},"author":1,"featured_media":2305,"comment_status":"open","ping_status":"open","sticky":false,"template":"","format":"standard","meta":{"_et_pb_use_builder":"off","_et_pb_old_content":"","_et_gb_content_width":"","footnotes":""},"categories":[40],"tags":[],"class_list":["post-2297","post","type-post","status-publish","format-standard","has-post-thumbnail","hentry","category-activitate-deputat"],"_links":{"self":[{"href":"https:\/\/asociatia-macedonenilor.ro\/index.php\/wp-json\/wp\/v2\/posts\/2297","targetHints":{"allow":["GET"]}}],"collection":[{"href":"https:\/\/asociatia-macedonenilor.ro\/index.php\/wp-json\/wp\/v2\/posts"}],"about":[{"href":"https:\/\/asociatia-macedonenilor.ro\/index.php\/wp-json\/wp\/v2\/types\/post"}],"author":[{"embeddable":true,"href":"https:\/\/asociatia-macedonenilor.ro\/index.php\/wp-json\/wp\/v2\/users\/1"}],"replies":[{"embeddable":true,"href":"https:\/\/asociatia-macedonenilor.ro\/index.php\/wp-json\/wp\/v2\/comments?post=2297"}],"version-history":[{"count":2,"href":"https:\/\/asociatia-macedonenilor.ro\/index.php\/wp-json\/wp\/v2\/posts\/2297\/revisions"}],"predecessor-version":[{"id":2307,"href":"https:\/\/asociatia-macedonenilor.ro\/index.php\/wp-json\/wp\/v2\/posts\/2297\/revisions\/2307"}],"wp:featuredmedia":[{"embeddable":true,"href":"https:\/\/asociatia-macedonenilor.ro\/index.php\/wp-json\/wp\/v2\/media\/2305"}],"wp:attachment":[{"href":"https:\/\/asociatia-macedonenilor.ro\/index.php\/wp-json\/wp\/v2\/media?parent=2297"}],"wp:term":[{"taxonomy":"category","embeddable":true,"href":"https:\/\/asociatia-macedonenilor.ro\/index.php\/wp-json\/wp\/v2\/categories?post=2297"},{"taxonomy":"post_tag","embeddable":true,"href":"https:\/\/asociatia-macedonenilor.ro\/index.php\/wp-json\/wp\/v2\/tags?post=2297"}],"curies":[{"name":"wp","href":"https:\/\/api.w.org\/{rel}","templated":true}]}}