{"id":1949,"date":"2020-05-15T10:14:02","date_gmt":"2020-05-15T10:14:02","guid":{"rendered":"http:\/\/asociatia-macedonenilor.ro\/?p=1949"},"modified":"2020-05-15T10:14:05","modified_gmt":"2020-05-15T10:14:05","slug":"ziua-drapelului-macedonean","status":"publish","type":"post","link":"https:\/\/asociatia-macedonenilor.ro\/index.php\/2020\/05\/15\/ziua-drapelului-macedonean\/","title":{"rendered":"ZIUA DRAPELULUI MACEDONEAN"},"content":{"rendered":"\n<p class=\"has-text-align-left\">\u00cen tezaurul spiritual al poporului macedonean, \u00een patrimonial\nna\u021biunii, drapelul macedonean este unul din simbolurile cu o puternic\u0103\n\u00eenc\u0103rc\u0103tur\u0103 emo\u021bional\u0103, liantul ce une\u0219te to\u021bi macedonenii sub faldurile sale.<\/p>\n\n\n\n<p class=\"has-text-align-left\">\u00cen simbolistica drapelului se reg\u0103sesc elementele \u0219i\ntradi\u021bia istoric\u0103, puternic impregnate de-a lungul timpului \u00een con\u0219tiin\u021ba\ngenera\u021biilor de macedoneni, care au luptat \u0219i s-au sacrificat via\u021ba pentru\npatria lor. Zestrea istoric\u0103 pe care drapelul o poart\u0103 &nbsp;cu el, se constituie \u00eentr-o important\u0103\nmo\u0219tenire pentru genera\u021biile prezente \u0219i viitoare. <\/p>\n\n\n\n<p>Epoca modern\u0103 \u0219i contemporan\u0103, consacr\u0103 definitiv drapelul ca simbol care\nadun\u0103 \u00een jurul s\u0103u na\u021biunea macedonean\u0103, valorile \u0219i trecutul glorios. <\/p>\n\n\n\n<p class=\"has-text-align-left\">\u00cen zilele noastre, steagul macedonean este permanent prezent \u00een via\u021ba macedonenilor din Asocia\u021bia Macedonenilor din Rom\u00e2nia, el fiind arborat \u00een sediile \u0219i la ac\u021biunile desf\u0103\u0219urate de macedoneni, ace\u0219tia \u021bin\u00e2nd drapelul macedonean la loc de cinste, \u00een locuin\u021bele particulare, purt\u00e2ndu-l permanent \u00een suflet! <\/p>\n\n\n\n<figure class=\"wp-block-image size-large\"><img loading=\"lazy\" decoding=\"async\" width=\"576\" height=\"1024\" src=\"https:\/\/asociatia-macedonenilor.ro\/wp-content\/uploads\/2020\/05\/steag-mk1-576x1024.jpg\" alt=\"\" class=\"wp-image-1951\" srcset=\"https:\/\/asociatia-macedonenilor.ro\/wp-content\/uploads\/2020\/05\/steag-mk1-576x1024.jpg 576w, https:\/\/asociatia-macedonenilor.ro\/wp-content\/uploads\/2020\/05\/steag-mk1-480x853.jpg 480w\" sizes=\"(min-width: 0px) and (max-width: 480px) 480px, (min-width: 481px) 576px, 100vw\" \/><\/figure>\n\n\n\n<figure class=\"wp-block-image size-large\"><img loading=\"lazy\" decoding=\"async\" width=\"752\" height=\"900\" src=\"https:\/\/asociatia-macedonenilor.ro\/wp-content\/uploads\/2020\/05\/steag-mk2.jpg\" alt=\"\" class=\"wp-image-1952\" srcset=\"https:\/\/asociatia-macedonenilor.ro\/wp-content\/uploads\/2020\/05\/steag-mk2.jpg 752w, https:\/\/asociatia-macedonenilor.ro\/wp-content\/uploads\/2020\/05\/steag-mk2-480x574.jpg 480w\" sizes=\"(min-width: 0px) and (max-width: 480px) 480px, (min-width: 481px) 752px, 100vw\" \/><\/figure>\n","protected":false},"excerpt":{"rendered":"<p>\u00cen tezaurul spiritual al poporului macedonean, \u00een patrimonial na\u021biunii, drapelul macedonean este unul din simbolurile cu o puternic\u0103 \u00eenc\u0103rc\u0103tur\u0103 emo\u021bional\u0103, liantul ce une\u0219te to\u021bi macedonenii sub faldurile sale. \u00cen simbolistica drapelului se reg\u0103sesc elementele \u0219i tradi\u021bia istoric\u0103, puternic impregnate de-a lungul timpului \u00een con\u0219tiin\u021ba genera\u021biilor de macedoneni, care au luptat \u0219i s-au sacrificat via\u021ba pentru [&hellip;]<\/p>\n","protected":false},"author":1,"featured_media":1950,"comment_status":"open","ping_status":"open","sticky":false,"template":"","format":"standard","meta":{"_et_pb_use_builder":"off","_et_pb_old_content":"","_et_gb_content_width":"","footnotes":""},"categories":[1],"tags":[],"class_list":["post-1949","post","type-post","status-publish","format-standard","has-post-thumbnail","hentry","category-activitati"],"_links":{"self":[{"href":"https:\/\/asociatia-macedonenilor.ro\/index.php\/wp-json\/wp\/v2\/posts\/1949","targetHints":{"allow":["GET"]}}],"collection":[{"href":"https:\/\/asociatia-macedonenilor.ro\/index.php\/wp-json\/wp\/v2\/posts"}],"about":[{"href":"https:\/\/asociatia-macedonenilor.ro\/index.php\/wp-json\/wp\/v2\/types\/post"}],"author":[{"embeddable":true,"href":"https:\/\/asociatia-macedonenilor.ro\/index.php\/wp-json\/wp\/v2\/users\/1"}],"replies":[{"embeddable":true,"href":"https:\/\/asociatia-macedonenilor.ro\/index.php\/wp-json\/wp\/v2\/comments?post=1949"}],"version-history":[{"count":1,"href":"https:\/\/asociatia-macedonenilor.ro\/index.php\/wp-json\/wp\/v2\/posts\/1949\/revisions"}],"predecessor-version":[{"id":1953,"href":"https:\/\/asociatia-macedonenilor.ro\/index.php\/wp-json\/wp\/v2\/posts\/1949\/revisions\/1953"}],"wp:featuredmedia":[{"embeddable":true,"href":"https:\/\/asociatia-macedonenilor.ro\/index.php\/wp-json\/wp\/v2\/media\/1950"}],"wp:attachment":[{"href":"https:\/\/asociatia-macedonenilor.ro\/index.php\/wp-json\/wp\/v2\/media?parent=1949"}],"wp:term":[{"taxonomy":"category","embeddable":true,"href":"https:\/\/asociatia-macedonenilor.ro\/index.php\/wp-json\/wp\/v2\/categories?post=1949"},{"taxonomy":"post_tag","embeddable":true,"href":"https:\/\/asociatia-macedonenilor.ro\/index.php\/wp-json\/wp\/v2\/tags?post=1949"}],"curies":[{"name":"wp","href":"https:\/\/api.w.org\/{rel}","templated":true}]}}