{"id":1933,"date":"2020-04-02T11:41:17","date_gmt":"2020-04-02T11:41:17","guid":{"rendered":"http:\/\/asociatia-macedonenilor.ro\/?p=1933"},"modified":"2020-06-02T21:45:02","modified_gmt":"2020-06-02T21:45:02","slug":"comunicat-3","status":"publish","type":"post","link":"https:\/\/asociatia-macedonenilor.ro\/index.php\/2020\/04\/02\/comunicat-3\/","title":{"rendered":"COMUNICAT"},"content":{"rendered":"\n<p>Asocia\u021bia Macedonenilor din Rom\u00e2nia\nsalut\u0103 aderarea la NATO a Republicii Macedonia de Nord, devenit\u0103 acum cel de-al\n30-lea stat membru al celei mai importante structuri politico-militare, o mare\nfamilie ce se bazeaz\u0103 pe certitudinea c\u0103 NATO este garantul de securitate \u0219i\nstabilitate pentru toate statele membre. <\/p>\n\n\n\n<p>Organiza\u021bia Tratatului Atlanticului de\nNord promoveaz\u0103 valorile democratice \u0219i d\u0103 membrilor s\u0103i posibilitatea de a\ncoopera \u0219i de a se consulta, \u00een toate problemele ce vizeaz\u0103 aspecte de ap\u0103rare\n\u0219i securitate, cl\u0103dind \u00eencrederea \u00eentre parteneri \u0219i p\u00e2rghiile de dezvoltare\ndemocratic\u0103 \u0219i provenire a conflictelor.<\/p>\n\n\n\n<p>\u00cen ciuda tuturor dificult\u0103\u021bilor prin\ncare a trecut \u00een ultimii 30 de ani, poporul macedonean \u0219i-a manifestat constant\ndorin\u021ba ca Macedonia de Nord s\u0103 devin\u0103 stat membru NATO, acest deziderat\nna\u021bional constituindu-se \u00een principala prioritate a guvernelor de la Skopje.<\/p>\n\n\n\n<p>Aderarea Republicii Macedonia de Nord\nla NATO este punctul culminant al unor ani de eforturi, realizate de poporul\nmacedonean \u0219i guvernul de la Skopje.<\/p>\n\n\n\n<p>Ne exprim\u0103m satisfac\u021bia c\u0103 Republica\nMacedonia de Nord este membru NATO, partener egal, devenind astfel un garant de\nsecuritate \u0219i de stabilitate \u00een zona Balcanilor de Vest. <\/p>\n\n\n\n<p>\u00cempreun\u0103 suntem mai puternici!<\/p>\n\n\n\n<p>Pre\u0219edinte,<\/p>\n\n\n\n<p>Laura Elen Rogobete Cristescu<\/p>\n","protected":false},"excerpt":{"rendered":"<p>Asocia\u021bia Macedonenilor din Rom\u00e2nia salut\u0103 aderarea la NATO a Republicii Macedonia de Nord, devenit\u0103 acum cel de-al 30-lea stat membru al celei mai importante structuri politico-militare, o mare familie ce se bazeaz\u0103 pe certitudinea c\u0103 NATO este garantul de securitate \u0219i stabilitate pentru toate statele membre. Organiza\u021bia Tratatului Atlanticului de Nord promoveaz\u0103 valorile democratice \u0219i [&hellip;]<\/p>\n","protected":false},"author":1,"featured_media":1934,"comment_status":"open","ping_status":"open","sticky":false,"template":"","format":"standard","meta":{"_et_pb_use_builder":"off","_et_pb_old_content":"","_et_gb_content_width":"","footnotes":""},"categories":[45,35],"tags":[],"class_list":["post-1933","post","type-post","status-publish","format-standard","has-post-thumbnail","hentry","category-anunturi","category-arhiva"],"_links":{"self":[{"href":"https:\/\/asociatia-macedonenilor.ro\/index.php\/wp-json\/wp\/v2\/posts\/1933","targetHints":{"allow":["GET"]}}],"collection":[{"href":"https:\/\/asociatia-macedonenilor.ro\/index.php\/wp-json\/wp\/v2\/posts"}],"about":[{"href":"https:\/\/asociatia-macedonenilor.ro\/index.php\/wp-json\/wp\/v2\/types\/post"}],"author":[{"embeddable":true,"href":"https:\/\/asociatia-macedonenilor.ro\/index.php\/wp-json\/wp\/v2\/users\/1"}],"replies":[{"embeddable":true,"href":"https:\/\/asociatia-macedonenilor.ro\/index.php\/wp-json\/wp\/v2\/comments?post=1933"}],"version-history":[{"count":1,"href":"https:\/\/asociatia-macedonenilor.ro\/index.php\/wp-json\/wp\/v2\/posts\/1933\/revisions"}],"predecessor-version":[{"id":1935,"href":"https:\/\/asociatia-macedonenilor.ro\/index.php\/wp-json\/wp\/v2\/posts\/1933\/revisions\/1935"}],"wp:featuredmedia":[{"embeddable":true,"href":"https:\/\/asociatia-macedonenilor.ro\/index.php\/wp-json\/wp\/v2\/media\/1934"}],"wp:attachment":[{"href":"https:\/\/asociatia-macedonenilor.ro\/index.php\/wp-json\/wp\/v2\/media?parent=1933"}],"wp:term":[{"taxonomy":"category","embeddable":true,"href":"https:\/\/asociatia-macedonenilor.ro\/index.php\/wp-json\/wp\/v2\/categories?post=1933"},{"taxonomy":"post_tag","embeddable":true,"href":"https:\/\/asociatia-macedonenilor.ro\/index.php\/wp-json\/wp\/v2\/tags?post=1933"}],"curies":[{"name":"wp","href":"https:\/\/api.w.org\/{rel}","templated":true}]}}