{"id":182,"date":"2018-09-06T11:10:55","date_gmt":"2018-09-06T11:10:55","guid":{"rendered":"http:\/\/asociatia-macedonenilor.ro\/?p=182"},"modified":"2019-01-21T09:30:13","modified_gmt":"2019-01-21T09:30:13","slug":"intalnire-la-skopje","status":"publish","type":"post","link":"https:\/\/asociatia-macedonenilor.ro\/index.php\/2018\/09\/06\/intalnire-la-skopje\/","title":{"rendered":"\u00cent\u00e2lnire de lucru cu domnul Nikola Salvarinov, directorul Agen\u021biei pentru Migra\u021bie a Republicii Macedonia"},"content":{"rendered":"<p><span style=\"color: #000000;\">Domnul Nikola Salvarinov, directorul Agen\u021biei pentru Migra\u021bie a Republicii Macedonia, s-a \u00eent\u00e2lnit cu participan\u021bii la Tab\u0103ra de limb\u0103 macedonean\u0103, organizat\u0103 pentru comunitatea macedonean\u0103 din Rom\u00e2nia, de c\u0103tre AMR. Au fost puse bazele unei bune colabor\u0103ri, spre beneficiul comunit\u0103\u021bii macedonene din Rom\u00e2nia!<br \/>\n<\/span><\/p>\n<p><img loading=\"lazy\" decoding=\"async\" class=\"alignnone size-medium wp-image-186\" src=\"https:\/\/asociatia-macedonenilor.ro\/wp-content\/uploads\/2018\/09\/4-300x169.jpg\" alt=\"\" width=\"300\" height=\"169\" srcset=\"https:\/\/asociatia-macedonenilor.ro\/wp-content\/uploads\/2018\/09\/4-300x169.jpg 300w, https:\/\/asociatia-macedonenilor.ro\/wp-content\/uploads\/2018\/09\/4-768x432.jpg 768w, https:\/\/asociatia-macedonenilor.ro\/wp-content\/uploads\/2018\/09\/4-1024x576.jpg 1024w, https:\/\/asociatia-macedonenilor.ro\/wp-content\/uploads\/2018\/09\/4-1080x608.jpg 1080w, https:\/\/asociatia-macedonenilor.ro\/wp-content\/uploads\/2018\/09\/4.jpg 1920w\" sizes=\"(max-width: 300px) 100vw, 300px\" \/> <img loading=\"lazy\" decoding=\"async\" class=\"alignnone size-medium wp-image-185\" src=\"https:\/\/asociatia-macedonenilor.ro\/wp-content\/uploads\/2018\/09\/3-300x169.jpg\" alt=\"\" width=\"300\" height=\"169\" srcset=\"https:\/\/asociatia-macedonenilor.ro\/wp-content\/uploads\/2018\/09\/3-300x169.jpg 300w, https:\/\/asociatia-macedonenilor.ro\/wp-content\/uploads\/2018\/09\/3-768x432.jpg 768w, https:\/\/asociatia-macedonenilor.ro\/wp-content\/uploads\/2018\/09\/3-1024x576.jpg 1024w, https:\/\/asociatia-macedonenilor.ro\/wp-content\/uploads\/2018\/09\/3-1080x608.jpg 1080w, https:\/\/asociatia-macedonenilor.ro\/wp-content\/uploads\/2018\/09\/3.jpg 1920w\" sizes=\"(max-width: 300px) 100vw, 300px\" \/> <img loading=\"lazy\" decoding=\"async\" class=\"alignnone size-medium wp-image-184\" src=\"https:\/\/asociatia-macedonenilor.ro\/wp-content\/uploads\/2018\/09\/2-300x169.jpg\" alt=\"\" width=\"300\" height=\"169\" srcset=\"https:\/\/asociatia-macedonenilor.ro\/wp-content\/uploads\/2018\/09\/2-300x169.jpg 300w, https:\/\/asociatia-macedonenilor.ro\/wp-content\/uploads\/2018\/09\/2-768x432.jpg 768w, https:\/\/asociatia-macedonenilor.ro\/wp-content\/uploads\/2018\/09\/2-1024x576.jpg 1024w, https:\/\/asociatia-macedonenilor.ro\/wp-content\/uploads\/2018\/09\/2-1080x608.jpg 1080w, https:\/\/asociatia-macedonenilor.ro\/wp-content\/uploads\/2018\/09\/2.jpg 1920w\" sizes=\"(max-width: 300px) 100vw, 300px\" \/><\/p>\n","protected":false},"excerpt":{"rendered":"<p>Domnul Nikola Salvarinov, directorul Agen\u021biei pentru Migra\u021bie a Republicii Macedonia, s-a \u00eent\u00e2lnit cu participan\u021bii la Tab\u0103ra de limb\u0103 macedonean\u0103, organizat\u0103 pentru comunitatea macedonean\u0103 din Rom\u00e2nia, de c\u0103tre AMR. Au fost puse bazele unei bune colabor\u0103ri, spre beneficiul comunit\u0103\u021bii macedonene din Rom\u00e2nia!<\/p>\n","protected":false},"author":1,"featured_media":183,"comment_status":"open","ping_status":"open","sticky":false,"template":"","format":"standard","meta":{"_et_pb_use_builder":"","_et_pb_old_content":"","_et_gb_content_width":"","footnotes":""},"categories":[1],"tags":[11,9,10],"class_list":["post-182","post","type-post","status-publish","format-standard","has-post-thumbnail","hentry","category-activitati","tag-amr","tag-intalnire","tag-skopje"],"_links":{"self":[{"href":"https:\/\/asociatia-macedonenilor.ro\/index.php\/wp-json\/wp\/v2\/posts\/182","targetHints":{"allow":["GET"]}}],"collection":[{"href":"https:\/\/asociatia-macedonenilor.ro\/index.php\/wp-json\/wp\/v2\/posts"}],"about":[{"href":"https:\/\/asociatia-macedonenilor.ro\/index.php\/wp-json\/wp\/v2\/types\/post"}],"author":[{"embeddable":true,"href":"https:\/\/asociatia-macedonenilor.ro\/index.php\/wp-json\/wp\/v2\/users\/1"}],"replies":[{"embeddable":true,"href":"https:\/\/asociatia-macedonenilor.ro\/index.php\/wp-json\/wp\/v2\/comments?post=182"}],"version-history":[{"count":4,"href":"https:\/\/asociatia-macedonenilor.ro\/index.php\/wp-json\/wp\/v2\/posts\/182\/revisions"}],"predecessor-version":[{"id":667,"href":"https:\/\/asociatia-macedonenilor.ro\/index.php\/wp-json\/wp\/v2\/posts\/182\/revisions\/667"}],"wp:featuredmedia":[{"embeddable":true,"href":"https:\/\/asociatia-macedonenilor.ro\/index.php\/wp-json\/wp\/v2\/media\/183"}],"wp:attachment":[{"href":"https:\/\/asociatia-macedonenilor.ro\/index.php\/wp-json\/wp\/v2\/media?parent=182"}],"wp:term":[{"taxonomy":"category","embeddable":true,"href":"https:\/\/asociatia-macedonenilor.ro\/index.php\/wp-json\/wp\/v2\/categories?post=182"},{"taxonomy":"post_tag","embeddable":true,"href":"https:\/\/asociatia-macedonenilor.ro\/index.php\/wp-json\/wp\/v2\/tags?post=182"}],"curies":[{"name":"wp","href":"https:\/\/api.w.org\/{rel}","templated":true}]}}