{"id":1655,"date":"2018-05-10T10:06:00","date_gmt":"2018-05-10T10:06:00","guid":{"rendered":"http:\/\/asociatia-macedonenilor.ro\/?p=1655"},"modified":"2020-06-02T21:48:46","modified_gmt":"2020-06-02T21:48:46","slug":"amr-act-aditional-ag-din-23-04-2018","status":"publish","type":"post","link":"https:\/\/asociatia-macedonenilor.ro\/index.php\/2018\/05\/10\/amr-act-aditional-ag-din-23-04-2018\/","title":{"rendered":"AMR Act adi\u021bional AG din 23.04.2018"},"content":{"rendered":"\n<p class=\"has-text-align-center\">Act adi\u0163ional nr. 1\/09.05.2018<\/p>\n\n\n\n<p class=\"has-text-align-center\"> La Actul Constitutiv si Statutul Asocia\u0163iei Macedonenilor din Rom\u00e2nia<\/p>\n\n\n\n<p>In temeiul Hot\u0103r\u00e2rii Adun\u0103rii\nGenerale a Asocia\u0163iei Macedonenilor din Rom\u00e2nia nr.1\/23.04.2018,\nhot\u0103r\u00e2re ce a avut la baz\u0103 Procesul Verbal al Adun\u0103rii Generale a Asocia\u0163iei\nMacedonenilor din Rom\u00e2nia nr.3\/23.04.2018, s-a \u00eencheiat prezentul act adi\u0163ional\nla Actul Constitutiv \u015fi Statutul asocia\u0163iei :<\/p>\n\n\n\n<p>Art.l S-a hot\u0103r\u00e2t\nmodificarea art. 25 din Statut, cu privire la structura si componen\u0163a\nConsiliului Director, noua form\u0103 fiind :<\/p>\n\n\n\n<p>\u201c Consiliul Director este format din 5 membri, respectiv\nPre\u015fedinte, Prim vicepre\u015fedinte, doi vicepre\u015fedin\u0163i si secretar. Membrii ale\u015fi\nsa ocupe aceste func\u0163ii sunt:<\/p>\n\n\n\n<p>Pre\u015fedinte &#8211; d-na Rogobete Cristescu Laura Elen;<\/p>\n\n\n\n<p>Prim Vicepre\u015fedinte &#8211; d-na Popescu Maria Venera;<\/p>\n\n\n\n<p>Vicepre\u015fedinte &#8211; d-1 Mihajlov Marjan;<\/p>\n\n\n\n<p>Vicepre\u015fedinte &#8211; d-1 Tolea Gheorghe;<\/p>\n\n\n\n<p>Art.2 In temeiul art. 18\ndin Statutul Asocia\u0163iei, s-a hot\u0103r\u00e2t \u00eenfiin\u0163area unei comisii de cenzori,\ncompusa din urm\u0103torii 3 membri :<\/p>\n\n\n\n<ol class=\"wp-block-list\"><li>\u00a0Porojan Amalia Mirela, expert contabil;<\/li><li>\u00a0Fr\u00e2nculescu Petri\u015for Dani;<\/li><li>\u00a0Tudor Liliana.<\/li><\/ol>\n\n\n\n<p>Art.3 S-a hot\u0103r\u00e2t excluderea din Consiulul Director a func\u0163iei de Pre\u015fedinte de Onoare cu drept de vot. <\/p>\n\n\n\n<p>Art.4 S-a hot\u0103r\u00e2t retragerea calit\u0103\u0163ii de Pre\u015fedinte de Onoare acordata d-nei Dumitrescu Constantina, urm\u00e2nd ca aceasta calitate sa o aib\u0103 doar fondatoarea Liana Dumitrescu.<\/p>\n\n\n\n<p>Art.5 Av\u00e2nd in vedere cele\nde mai sus, prezentul act adi\u0163ional va fi comunicat \u015fi Judec\u0103toriei Sector 2\nBucure\u015fti care va lua act de aceste schimb\u0103ri.<\/p>\n\n\n\n<p>Autentificat la Biroul Individual Notarial Papa Eugenia, cu\nsediul \u00een Craiova, Str. Popa \u015eapc\u0103 nr. 2, Bl. B, Sc. B3, Ap. 1, Jud. Dolj,\nintr-un exemplar original care r\u0103m\u00e2ne \u00een arhiva biroului notarial \u015fi 6 (\u015fase)\nduplicate, din care 1 (unu) exemplar va r\u0103m\u00e2ne \u00een arhiva biroului notarial \u015fi 5\n(cinci) exemplare au fost eliberate p\u0103r\u0163ii. &#8211;&#8211;&#8211;&#8211;&#8211;&#8211; &nbsp;&nbsp;&nbsp;&nbsp; <\/p>\n\n\n\n<p class=\"has-text-align-center\">Asocia\u0163ia\nMacedonenilor din Rom\u00e2nia<\/p>\n\n\n\n<p>\u00bb<\/p>\n\n\n\n<p class=\"has-text-align-right\">Prin imputernicit, S.S. Popa Andrei<\/p>\n","protected":false},"excerpt":{"rendered":"<p>Act adi\u0163ional nr. 1\/09.05.2018 La Actul Constitutiv si Statutul Asocia\u0163iei Macedonenilor din Rom\u00e2nia In temeiul Hot\u0103r\u00e2rii Adun\u0103rii Generale a Asocia\u0163iei Macedonenilor din Rom\u00e2nia nr.1\/23.04.2018, hot\u0103r\u00e2re ce a avut la baz\u0103 Procesul Verbal al Adun\u0103rii Generale a Asocia\u0163iei Macedonenilor din Rom\u00e2nia nr.3\/23.04.2018, s-a \u00eencheiat prezentul act adi\u0163ional la Actul Constitutiv \u015fi Statutul asocia\u0163iei : Art.l S-a [&hellip;]<\/p>\n","protected":false},"author":1,"featured_media":0,"comment_status":"open","ping_status":"open","sticky":false,"template":"","format":"standard","meta":{"_et_pb_use_builder":"off","_et_pb_old_content":"","_et_gb_content_width":"","footnotes":""},"categories":[45,35],"tags":[39,37,38,11],"class_list":["post-1655","post","type-post","status-publish","format-standard","hentry","category-anunturi","category-arhiva","tag-39","tag-act-aditional","tag-ag","tag-amr"],"_links":{"self":[{"href":"https:\/\/asociatia-macedonenilor.ro\/index.php\/wp-json\/wp\/v2\/posts\/1655","targetHints":{"allow":["GET"]}}],"collection":[{"href":"https:\/\/asociatia-macedonenilor.ro\/index.php\/wp-json\/wp\/v2\/posts"}],"about":[{"href":"https:\/\/asociatia-macedonenilor.ro\/index.php\/wp-json\/wp\/v2\/types\/post"}],"author":[{"embeddable":true,"href":"https:\/\/asociatia-macedonenilor.ro\/index.php\/wp-json\/wp\/v2\/users\/1"}],"replies":[{"embeddable":true,"href":"https:\/\/asociatia-macedonenilor.ro\/index.php\/wp-json\/wp\/v2\/comments?post=1655"}],"version-history":[{"count":3,"href":"https:\/\/asociatia-macedonenilor.ro\/index.php\/wp-json\/wp\/v2\/posts\/1655\/revisions"}],"predecessor-version":[{"id":1773,"href":"https:\/\/asociatia-macedonenilor.ro\/index.php\/wp-json\/wp\/v2\/posts\/1655\/revisions\/1773"}],"wp:attachment":[{"href":"https:\/\/asociatia-macedonenilor.ro\/index.php\/wp-json\/wp\/v2\/media?parent=1655"}],"wp:term":[{"taxonomy":"category","embeddable":true,"href":"https:\/\/asociatia-macedonenilor.ro\/index.php\/wp-json\/wp\/v2\/categories?post=1655"},{"taxonomy":"post_tag","embeddable":true,"href":"https:\/\/asociatia-macedonenilor.ro\/index.php\/wp-json\/wp\/v2\/tags?post=1655"}],"curies":[{"name":"wp","href":"https:\/\/api.w.org\/{rel}","templated":true}]}}