{"id":1188,"date":"2019-03-21T11:27:06","date_gmt":"2019-03-21T11:27:06","guid":{"rendered":"http:\/\/asociatia-macedonenilor.ro\/?p=1188"},"modified":"2019-11-29T09:11:23","modified_gmt":"2019-11-29T09:11:23","slug":"la-multi-ani-oltenia","status":"publish","type":"post","link":"https:\/\/asociatia-macedonenilor.ro\/index.php\/2019\/03\/21\/la-multi-ani-oltenia\/","title":{"rendered":"La mul\u0163i ani, Oltenia!"},"content":{"rendered":"<p>\u00cencep\u00e2nd cu anul 2017, Ziua Olteniei este s\u0103rb\u0103torit\u0103 la 21 martie, zi considerat\u0103 de c\u0103tre ini\u0163iatorii legii un reper istoric important, c\u0103ci &#8222;Pe 21 martie 1821, Tudor Vladimirescu intr\u0103 \u00een Bucure\u015fti \u0163in\u00e2nd \u00een m\u00e2n\u0103 o p\u00e2ine mare, semn al p\u0103cii \u015fi al bel\u015fugului. A\u015fadar, se cuvine s\u0103 marc\u0103m ziua de 21 martie, momentul \u00een care Tudor Vladimirescu intr\u0103 \u00een Bucure\u015fti \u015fi coboar\u0103 Podul Calicilor, ca fiind ziua Olteniei&#8221;.<\/p>\n<p>Personalit\u0103\u0163i marcante, precum Mihai Viteazul, Tudor Vladimirescu, Iancu Jianu, Constantin Br\u00e2ncoveanu, Constantin Br\u00e2ncu\u015fi, Jean Mihail, Elena Teodorini, Petrache Poenaru, Henri Coand\u0103, Nicolae Titulescu \u015fi mul\u0163i al\u0163ii, au marcat evolu\u0163ia istoric\u0103 \u015fi dezvoltarea cultural\u0103 a Rom\u00e2niei.<\/p>\n<p>Ini\u0163iator al Legii Zilei Olteniei, doamna deputat Mariana Venera Popescu are toate motivele s\u0103 fie m\u00e2ndr\u0103: \u201cM-am n\u0103scut \u00een Oltenia, \u00eentr-o familie cu origini macedonene. Comunitatea macedonean\u0103 din Oltenia este foarte m\u00e2ndr\u0103 c\u0103 macedoneanul Jean Mihail \u015fi-a \u00eenscris numele cu litere de aur \u00een istoria Olteniei \u015fi Rom\u00e2niei, l\u0103s\u00e2nd comunit\u0103\u0163ii \u00een mijlocul c\u0103reia a tr\u0103it un adev\u0103rat tezaur: Muzeul de Art\u0103 Craiova! M\u0103 bucur c\u0103 am fost parte&nbsp; la ini\u0163ierea actului normativ, prin care 21 martie a devenit Ziua Olteniei! Pe aceast\u0103 cale, tuturor oltenilor, oriunde s-ar afla, le urez s\u0103 aib\u0103 parte numai de bucurii \u015fi s\u0103n\u0103tate! La mul\u0163i ani, Oltenia!\u201d<\/p>\n<p>&nbsp;<\/p>\n","protected":false},"excerpt":{"rendered":"<p>\u00cencep\u00e2nd cu anul 2017, Ziua Olteniei este s\u0103rb\u0103torit\u0103 la 21 martie, zi considerat\u0103 de c\u0103tre ini\u0163iatorii legii un reper istoric important, c\u0103ci &#8222;Pe 21 martie 1821, Tudor Vladimirescu intr\u0103 \u00een Bucure\u015fti \u0163in\u00e2nd \u00een m\u00e2n\u0103 o p\u00e2ine mare, semn al p\u0103cii \u015fi al bel\u015fugului. A\u015fadar, se cuvine s\u0103 marc\u0103m ziua de 21 martie, momentul \u00een care [&hellip;]<\/p>\n","protected":false},"author":1,"featured_media":1189,"comment_status":"open","ping_status":"open","sticky":false,"template":"","format":"standard","meta":{"_et_pb_use_builder":"","_et_pb_old_content":"","_et_gb_content_width":"","footnotes":""},"categories":[1],"tags":[],"class_list":["post-1188","post","type-post","status-publish","format-standard","has-post-thumbnail","hentry","category-activitati"],"_links":{"self":[{"href":"https:\/\/asociatia-macedonenilor.ro\/index.php\/wp-json\/wp\/v2\/posts\/1188","targetHints":{"allow":["GET"]}}],"collection":[{"href":"https:\/\/asociatia-macedonenilor.ro\/index.php\/wp-json\/wp\/v2\/posts"}],"about":[{"href":"https:\/\/asociatia-macedonenilor.ro\/index.php\/wp-json\/wp\/v2\/types\/post"}],"author":[{"embeddable":true,"href":"https:\/\/asociatia-macedonenilor.ro\/index.php\/wp-json\/wp\/v2\/users\/1"}],"replies":[{"embeddable":true,"href":"https:\/\/asociatia-macedonenilor.ro\/index.php\/wp-json\/wp\/v2\/comments?post=1188"}],"version-history":[{"count":3,"href":"https:\/\/asociatia-macedonenilor.ro\/index.php\/wp-json\/wp\/v2\/posts\/1188\/revisions"}],"predecessor-version":[{"id":1710,"href":"https:\/\/asociatia-macedonenilor.ro\/index.php\/wp-json\/wp\/v2\/posts\/1188\/revisions\/1710"}],"wp:featuredmedia":[{"embeddable":true,"href":"https:\/\/asociatia-macedonenilor.ro\/index.php\/wp-json\/wp\/v2\/media\/1189"}],"wp:attachment":[{"href":"https:\/\/asociatia-macedonenilor.ro\/index.php\/wp-json\/wp\/v2\/media?parent=1188"}],"wp:term":[{"taxonomy":"category","embeddable":true,"href":"https:\/\/asociatia-macedonenilor.ro\/index.php\/wp-json\/wp\/v2\/categories?post=1188"},{"taxonomy":"post_tag","embeddable":true,"href":"https:\/\/asociatia-macedonenilor.ro\/index.php\/wp-json\/wp\/v2\/tags?post=1188"}],"curies":[{"name":"wp","href":"https:\/\/api.w.org\/{rel}","templated":true}]}}